{"id":848,"date":"2020-03-09T18:09:15","date_gmt":"2020-03-09T18:09:15","guid":{"rendered":"https:\/\/www.sesdergisi.ca\/?p=848"},"modified":"2020-03-09T18:09:16","modified_gmt":"2020-03-09T18:09:16","slug":"gulun-dikenleri","status":"publish","type":"post","link":"https:\/\/www.sesdergisi.ca\/?p=848","title":{"rendered":"G\u00dcL\u00dcN D\u0130KENLER\u0130"},"content":{"rendered":"\n<p><b>S.Tu\u011fba Engin<\/b><\/p>\n<p><span style=\"font-weight: 400;\">Yine bir sabah vakti, kar\u015f\u0131mda muhte\u015fem endam\u0131yla do\u011fmakta g\u00fcne\u015f. Gecenin s\u0131rl\u0131 g\u00fcnahlar\u0131na ra\u011fmen ba\u015f\u0131 dik ve yeniden sabah\u0131 getirmekte, usan\u00e7 duymayan haliyle. G\u00fcne\u015fin yarat\u0131l\u0131\u015f\u0131 sarmakta bizi. Sevgisi ile b\u00fcy\u00fctmekte g\u00fcl\u00fcn dikenlerini..<\/span><\/p>\n<p><span style=\"font-weight: 400;\">\u015eimdi \u00e7evir pencereyi kendine, g\u00f6nl\u00fc g\u00fcne\u015f mi yoksa geceye s\u0131r g\u00fcnahlar\u0131n\u0131 m\u00fch\u00fcrleyen bir insan m\u0131s\u0131n? Hangisi tercihin? G\u00fcne\u015f olmak m\u0131 tek dile\u011fin?.. Baksana g\u00fcne\u015fe i\u00e7i yan\u0131yor, her derdin \u0131zd\u0131rab\u0131 ba\u011fr\u0131nda yo\u011fruluyor sanki. Masumun g\u00f6zya\u015flar\u0131yla ate\u015fi harmanlan\u0131yor, yan\u0131p tutu\u015fmas\u0131 \u00f6l\u00fcm \u00f6lene dek devam edecek gibi.<\/span><\/p>\n<p><span style=\"font-weight: 400;\">\u015eimdi var m\u0131s\u0131n G\u00dcNE\u015e olmaya, etraf\u0131 ayd\u0131nlatmaya, bu nuru k\u00e2inattaki b\u00fct\u00fcn g\u00f6n\u00fcllere duyurmaya?. Kalpleri hissedememekten dolay\u0131 \u00e7i\u00e7ek a\u00e7mayan bu g\u00f6n\u00fcllere bahar\u0131 getirmeye var m\u0131s\u0131n?<\/span><\/p>\n<p><span style=\"font-weight: 400;\">Ama dur! Senin \u00e7i\u00e7eklerin su ile de\u011fil \u00e7ile ile b\u00fcy\u00fcyor. Raz\u0131 m\u0131s\u0131n b\u00fcy\u00fctmeye?\u00a0<\/span><\/p>\n<p><span style=\"font-weight: 400;\">Hey sana diyorum! \u00c7ile dedim diye y\u00fcz\u00fcn\u00fc m\u00fc as\u0131yorsun bana?. Diyorum ki \u00e7i\u00e7ekler konduraca\u011f\u0131z g\u00f6nl\u00fcn k\u00f6\u015fe ba\u015flar\u0131na. O masum g\u00fcl\u00fcn dikenlerini b\u00fcy\u00fctece\u011fiz. Hay\u0131r hay\u0131r, nefsindeki bencilli\u011fi sergileme bana. G\u00fcne\u015f olmaktan bahsediyorum yanamam deme, d\u00fc\u015fme sak\u0131n bu karanl\u0131\u011fa.\u00a0<\/span><\/p>\n<p><span style=\"font-weight: 400;\">Tamam tamam g\u00f6zya\u015flar\u0131n\u0131 d\u00f6kme hemen. Anl\u0131yorum seni gecenin g\u00fcnahlar\u0131na y\u00fcz vermek istemiyorsun. Bu karanl\u0131kta durmak istemiyorsun, g\u00f6nl\u00fc paslanm\u0131\u015f insanlar\u0131n yan\u0131nda \u00f6lmek hi\u00e7 istemiyorsun. Ama \u015funu unutma! Kalpleri \u00e7\u00fcr\u00fck, g\u00f6z\u00fc ya\u015fl\u0131 kahpelere sak\u0131n aldanma. Bul en do\u011fru yolu, \u00e7i\u00e7eklerin aras\u0131ndan CENNETE do\u011fru.<\/span><\/p>\n<p><br \/><br \/><\/p>\n","protected":false},"excerpt":{"rendered":"<p>S.Tu\u011fba Engin Yine bir sabah vakti, kar\u015f\u0131mda muhte\u015fem endam\u0131yla do\u011fmakta g\u00fcne\u015f. Gecenin s\u0131rl\u0131 g\u00fcnahlar\u0131na ra\u011fmen ba\u015f\u0131 dik ve<\/p>\n","protected":false},"author":1,"featured_media":512,"comment_status":"open","ping_status":"open","sticky":false,"template":"","format":"standard","meta":[],"categories":[2],"tags":[],"yoast_head":"<!-- This site is optimized with the Yoast SEO plugin v15.5 - https:\/\/yoast.com\/wordpress\/plugins\/seo\/ -->\n<title>G\u00dcL\u00dcN D\u0130KENLER\u0130 - SES MAGAZINE<\/title>\n<meta name=\"robots\" content=\"index, follow, max-snippet:-1, max-image-preview:large, max-video-preview:-1\" \/>\n<link rel=\"canonical\" href=\"https:\/\/www.sesdergisi.ca\/?p=848\" \/>\n<meta property=\"og:locale\" content=\"en_US\" \/>\n<meta property=\"og:type\" content=\"article\" \/>\n<meta property=\"og:title\" content=\"G\u00dcL\u00dcN D\u0130KENLER\u0130 - SES MAGAZINE\" \/>\n<meta property=\"og:description\" content=\"S.Tu\u011fba Engin Yine bir sabah vakti, kar\u015f\u0131mda muhte\u015fem endam\u0131yla do\u011fmakta g\u00fcne\u015f. Gecenin s\u0131rl\u0131 g\u00fcnahlar\u0131na ra\u011fmen ba\u015f\u0131 dik ve\" \/>\n<meta property=\"og:url\" content=\"https:\/\/www.sesdergisi.ca\/?p=848\" \/>\n<meta property=\"og:site_name\" content=\"SES MAGAZINE\" \/>\n<meta property=\"article:author\" content=\"https:\/\/www.facebook.com\/serifkanada\" \/>\n<meta property=\"article:published_time\" content=\"2020-03-09T18:09:15+00:00\" \/>\n<meta property=\"article:modified_time\" content=\"2020-03-09T18:09:16+00:00\" \/>\n<meta property=\"og:image\" content=\"https:\/\/www.sesdergisi.ca\/wp-content\/uploads\/2020\/02\/Canva-Person-Holding-Purple-Petaled-Flowers-scaled.jpg\" \/>\n\t<meta property=\"og:image:width\" content=\"2560\" \/>\n\t<meta property=\"og:image:height\" content=\"1707\" \/>\n<meta name=\"twitter:card\" content=\"summary_large_image\" \/>\n<meta name=\"twitter:image\" content=\"https:\/\/www.sesdergisi.ca\/wp-content\/uploads\/2020\/02\/Canva-Person-Holding-Purple-Petaled-Flowers-scaled.jpg\" \/>\n<meta name=\"twitter:creator\" content=\"@https:\/\/twitter.com\/serifcanada1\" \/>\n<meta name=\"twitter:label1\" content=\"Est. reading time\">\n\t<meta name=\"twitter:data1\" content=\"1 minute\">\n<script type=\"application\/ld+json\" class=\"yoast-schema-graph\">{\"@context\":\"https:\/\/schema.org\",\"@graph\":[{\"@type\":\"WebSite\",\"@id\":\"https:\/\/www.sesdergisi.ca\/#website\",\"url\":\"https:\/\/www.sesdergisi.ca\/\",\"name\":\"SES MAGAZINE\",\"description\":\"Literature \\u00b7 Analysis \\u00b7 Thought\",\"potentialAction\":[{\"@type\":\"SearchAction\",\"target\":\"https:\/\/www.sesdergisi.ca\/?s={search_term_string}\",\"query-input\":\"required name=search_term_string\"}],\"inLanguage\":\"en-US\"},{\"@type\":\"ImageObject\",\"@id\":\"https:\/\/www.sesdergisi.ca\/?p=848#primaryimage\",\"inLanguage\":\"en-US\",\"url\":\"https:\/\/www.sesdergisi.ca\/wp-content\/uploads\/2020\/02\/Canva-Person-Holding-Purple-Petaled-Flowers-scaled.jpg\",\"width\":2560,\"height\":1707},{\"@type\":\"WebPage\",\"@id\":\"https:\/\/www.sesdergisi.ca\/?p=848#webpage\",\"url\":\"https:\/\/www.sesdergisi.ca\/?p=848\",\"name\":\"G\\u00dcL\\u00dcN D\\u0130KENLER\\u0130 - SES MAGAZINE\",\"isPartOf\":{\"@id\":\"https:\/\/www.sesdergisi.ca\/#website\"},\"primaryImageOfPage\":{\"@id\":\"https:\/\/www.sesdergisi.ca\/?p=848#primaryimage\"},\"datePublished\":\"2020-03-09T18:09:15+00:00\",\"dateModified\":\"2020-03-09T18:09:16+00:00\",\"author\":{\"@id\":\"https:\/\/www.sesdergisi.ca\/#\/schema\/person\/3c516e766267a63b4e8d607fa5496f02\"},\"inLanguage\":\"en-US\",\"potentialAction\":[{\"@type\":\"ReadAction\",\"target\":[\"https:\/\/www.sesdergisi.ca\/?p=848\"]}]},{\"@type\":\"Person\",\"@id\":\"https:\/\/www.sesdergisi.ca\/#\/schema\/person\/3c516e766267a63b4e8d607fa5496f02\",\"name\":\"\\u015eerif Ayd\\u0131n\",\"image\":{\"@type\":\"ImageObject\",\"@id\":\"https:\/\/www.sesdergisi.ca\/#personlogo\",\"inLanguage\":\"en-US\",\"url\":\"https:\/\/secure.gravatar.com\/avatar\/2527d3cadd34557e6b4a3479d29c21d4?s=96&d=mm&r=g\",\"caption\":\"\\u015eerif Ayd\\u0131n\"},\"sameAs\":[\"http:\/\/sesdergisi.ca\",\"https:\/\/www.facebook.com\/serifkanada\",\"https:\/\/www.instagram.com\/serifcanada\",\"https:\/\/www.linkedin.com\/in\/serif-aydin-16a0b31a4\",\"https:\/\/twitter.com\/https:\/\/twitter.com\/serifcanada1\"]}]}<\/script>\n<!-- \/ Yoast SEO plugin. -->","_links":{"self":[{"href":"https:\/\/www.sesdergisi.ca\/index.php?rest_route=\/wp\/v2\/posts\/848"}],"collection":[{"href":"https:\/\/www.sesdergisi.ca\/index.php?rest_route=\/wp\/v2\/posts"}],"about":[{"href":"https:\/\/www.sesdergisi.ca\/index.php?rest_route=\/wp\/v2\/types\/post"}],"author":[{"embeddable":true,"href":"https:\/\/www.sesdergisi.ca\/index.php?rest_route=\/wp\/v2\/users\/1"}],"replies":[{"embeddable":true,"href":"https:\/\/www.sesdergisi.ca\/index.php?rest_route=%2Fwp%2Fv2%2Fcomments&post=848"}],"version-history":[{"count":1,"href":"https:\/\/www.sesdergisi.ca\/index.php?rest_route=\/wp\/v2\/posts\/848\/revisions"}],"predecessor-version":[{"id":849,"href":"https:\/\/www.sesdergisi.ca\/index.php?rest_route=\/wp\/v2\/posts\/848\/revisions\/849"}],"wp:featuredmedia":[{"embeddable":true,"href":"https:\/\/www.sesdergisi.ca\/index.php?rest_route=\/wp\/v2\/media\/512"}],"wp:attachment":[{"href":"https:\/\/www.sesdergisi.ca\/index.php?rest_route=%2Fwp%2Fv2%2Fmedia&parent=848"}],"wp:term":[{"taxonomy":"category","embeddable":true,"href":"https:\/\/www.sesdergisi.ca\/index.php?rest_route=%2Fwp%2Fv2%2Fcategories&post=848"},{"taxonomy":"post_tag","embeddable":true,"href":"https:\/\/www.sesdergisi.ca\/index.php?rest_route=%2Fwp%2Fv2%2Ftags&post=848"}],"curies":[{"name":"wp","href":"https:\/\/api.w.org\/{rel}","templated":true}]}}