{"id":846,"date":"2020-03-09T18:05:03","date_gmt":"2020-03-09T18:05:03","guid":{"rendered":"https:\/\/www.sesdergisi.ca\/?p=846"},"modified":"2020-03-09T18:05:04","modified_gmt":"2020-03-09T18:05:04","slug":"ahmet-burhan-atac","status":"publish","type":"post","link":"https:\/\/www.sesdergisi.ca\/?p=846","title":{"rendered":"AHMET BURHAN ATA\u00c7"},"content":{"rendered":"\n<p><b>Yasemin Tatl\u0131seven<\/b><\/p>\n<p><span style=\"font-weight: 400;\">Vicdanl\u0131 y\u00fcrekler mahalle, dil, din, \u0131rk, mezhep fark\u0131 g\u00f6zetmez biliyorum.<\/span><\/p>\n<p><span style=\"font-weight: 400;\">\u00a0<\/span><\/p>\n<p><span style=\"font-weight: 400;\">\u200bHadi biraz empati yapal\u0131m. Evlad\u0131n\u0131z var m\u0131 sizin? Bebe\u011finizin olaca\u011f\u0131n\u0131 \u00f6\u011frendi\u011finiz ilk an\u0131 d\u00fc\u015f\u00fcn\u00fcn. Nas\u0131l da sevinmi\u015f havalara u\u00e7mu\u015ftunuz. O gelecek diye ne de g\u00fczel haz\u0131rl\u0131klar yapm\u0131\u015ft\u0131n\u0131z. Do\u011fdu\u011fu g\u00fcn onu ilk defa kuca\u011f\u0131n\u0131za ald\u0131\u011f\u0131n\u0131zda d\u00fcnya durmu\u015ftu sanki\u2026 Anne olmu\u015ftunuz, baba olmu\u015ftunuz.<\/span><\/p>\n<p><span style=\"font-weight: 400;\">\u200bTop at\u0131lsa uyanmayaca\u011f\u0131n\u0131z uykular\u0131n\u0131z\u0131, bebe\u011finizin a\u011flamalar\u0131 b\u00f6l\u00fcyordu art\u0131k\u2026Hi\u00e7 \u00fc\u015fenmeden b\u00fct\u00fcn hayat\u0131n\u0131z\u0131 ona g\u00f6re d\u00fczenliyordunuz. \u00c7\u0131kan ilk di\u015finde, att\u0131\u011f\u0131 ilk ad\u0131mda d\u00fcnyalar sizin oluyordu. O d\u00fc\u015fmesin diye ondan \u00f6nce ko\u015fuyordunuz. \u00dcst\u00fc a\u00e7\u0131l\u0131p da \u00fc\u015f\u00fcmesin diye her gece defalarca kalk\u0131p kontrol ediyordunuz.<\/span><\/p>\n<p><span style=\"font-weight: 400;\">Ate\u015fi \u00e7\u0131ksa \u00f6mr\u00fcn\u00fczden \u00f6m\u00fcr gidiyordu. En ufak bir gribinde hastane hastane ko\u015fturuyordunuz. \u0130la\u00e7lar\u0131n saatini aksatmamak i\u00e7in alarm kuruyordunuz. En sevdi\u011fi yemekleri yap\u0131yor, elinizle yediriyordunuz.<\/span><\/p>\n<p><span style=\"font-weight: 400;\">Biraz empati yapal\u0131m m\u0131? Ya \u00e7ocu\u011funuz kanser olsayd\u0131?!.. \u201cAllah korusun, evlerden uzak\u201d dedi\u011finizi duyar gibiyim. D\u00fc\u015f\u00fcncesi bile y\u00fcre\u011finizi hoplatm\u0131\u015ft\u0131r eminim\u2026<\/span><\/p>\n<p><span style=\"font-weight: 400;\">Ahmet Burhan Ata\u00e7 sekiz ya\u015f\u0131nda\u2026Kemik kanseriyle m\u00fccadele ediyor. Hastal\u0131k h\u0131zla ilerliyor, \u015fu an d\u00f6rd\u00fcnc\u00fc evrede\u2026Tedavisi i\u00e7in Almanya\u2019da bir \u0131\u015f\u0131k oldu. \u00c7ok para laz\u0131md\u0131 ancak g\u00f6nl\u00fc geni\u015f y\u00fczbinlerce insan bir \u00e7\u0131rp\u0131da toplay\u0131verdiler. Ahmet kemoterapi almak i\u00e7in Almanya\u2019ya gidiyor. Yan\u0131nda ne annesi ne de babas\u0131 var!<\/span><\/p>\n<p><span style=\"font-weight: 400;\">Biz geceleri ate\u015flendi diye evlad\u0131m\u0131z\u0131n ba\u015f\u0131nda beklerken, Ahmet en a\u011f\u0131r kemoterapileri annesiz, babas\u0131z al\u0131yor!<\/span><\/p>\n<p><span style=\"font-weight: 400;\">K\u0131rk\u00fc\u00e7 ya\u015f\u0131nda kansere yakalanm\u0131\u015f biri olarak s\u00f6yl\u00fcyorum. Bu hastal\u0131\u011f\u0131n haberini ald\u0131\u011f\u0131n\u0131zda \u00f6nce reddediyorsunuz. Kabullenmeniz zaman al\u0131yor. Ameliyatlar, biyopsiler, patoloji sonu\u00e7lar\u0131\u2026Uzun bekleyi\u015fler\u2026Hep iyi haberler bekliyorsunuz. Ama ac\u0131 ger\u00e7ekler birbiri ard\u0131na tokat gibi patl\u0131yor y\u00fcz\u00fcn\u00fcze! Tedavi plan\u0131n\u0131z olu\u015fturuluyor. Kemoterapi nedir, ne de\u011fildir derken tan\u0131\u015f\u0131yorsunuz. Y\u00fcr\u00fcyerek sa\u011flam gitti\u011finiz hastaneden bir yatak dolusu hasta olarak \u00e7\u0131k\u0131yorsunuz. Ald\u0131\u011f\u0131n\u0131z ila\u00e7lar \u00f6yle a\u011f\u0131r ki d\u00fcnyayla ba\u011f\u0131n\u0131z kopuyor.<\/span><\/p>\n<p><span style=\"font-weight: 400;\">Ben \u00e7o\u011fu zaman g\u00f6z\u00fcm\u00fc k\u0131rpmadan uyumak istedim. Kabuslar g\u00f6rd\u00fcm. Ba\u011f\u0131rarak uyand\u0131m. Saatlerce say\u0131klam\u0131\u015f\u0131m, \u00f6yle dediler. Mide bulant\u0131lar\u0131, kusmalar \u00e7ok yorucuydu. G\u00fcn geldi hi\u00e7bir \u015fey yiyemedim.Yiyeceklerden tiksindim. A\u011fr\u0131l\u0131 geceler ge\u00e7mek bilmedi. Halsizlikten elimi kolumu k\u0131p\u0131rdatamad\u0131m. Hayattan beklentim kalmam\u0131\u015f\u00e7as\u0131na uyumak istedim. Ak\u0131p giden zamandan haberim olmad\u0131. Ad\u0131m atacak g\u00fcc\u00fcm yoktu. Su i\u00e7mek i\u00e7in elime ald\u0131\u011f\u0131m bardaklar\u0131 tutamad\u0131m, elimden kay\u0131p gittiler. D\u00fc\u011fmelerimi ilikleyemedim.<\/span><\/p>\n<p><span style=\"font-weight: 400;\">\u0130\u015fte o anlarda hep Rabbim\u2019e \u015f\u00fckrettim. Ailem yan\u0131mdayd\u0131. Tamam memleketimde de\u011fildim, yabanc\u0131 bir \u00fclkede tedavi olmak zorundayd\u0131m. Ama g\u00f6zlerimi yar\u0131m yamalak aralad\u0131\u011f\u0131mda \u00e7ocuklar\u0131m\u0131n elimi tuttu\u011funu g\u00f6rd\u00fcm. E\u015fim ba\u015fucumdayd\u0131. Onlar olmasayd\u0131 inan\u0131n bana bu hastal\u0131kla sava\u015fmam \u00e7ok daha zor olurdu. Onlar bana g\u00fc\u00e7 verdiler. K\u0131rk\u00fc\u00e7 ya\u015f\u0131nda olmama ra\u011fmen bazen annemi g\u00f6rd\u00fcm r\u00fcyalar\u0131mda\u2026Kocaman kad\u0131n\u0131m, anneyim ama yine de annemi arad\u0131m, ona ihtiya\u00e7 duydum. Dizine yatay\u0131m, ba\u015f\u0131m\u0131 ok\u015fas\u0131n \u201c\u00dcz\u00fclme, ge\u00e7ecek k\u0131z\u0131m\u201d desin istedim.<\/span><\/p>\n<p><span style=\"font-weight: 400;\">Biraz empati yapal\u0131m m\u0131? Ahmet daha sekiz ya\u015f\u0131nda! Annesine, babas\u0131na \u00e7ok ihtiyac\u0131 var. Onlar yan\u0131nda olsalar Ahmet\u2019in g\u00fcc\u00fcne g\u00fc\u00e7 eklenecek. Dizi kanasa k\u0131yamad\u0131\u011f\u0131m\u0131z yavrumuz yan\u0131ba\u015f\u0131m\u0131zda\u2026 Oysa Ahmet en a\u011f\u0131r kemoterapileri al\u0131yor ve yaln\u0131z!<\/span><\/p>\n<p><span style=\"font-weight: 400;\">B\u0131rak\u0131n annesi elinden tutsun. \u00dcst\u00fcn\u00fc \u00f6rts\u00fcn, ba\u015fucunda beklesin. En g\u00fczel teselli c\u00fcmlelerini kursun, moral versin. Masallar anlats\u0131n, O\u2019na \u015fark\u0131lar s\u00f6ylesin.<\/span><\/p>\n<p><span style=\"font-weight: 400;\">B\u0131rak\u0131n babas\u0131 O\u2019nu kucaklas\u0131n, yata\u011f\u0131ndan kald\u0131rs\u0131n, omuzlar\u0131na als\u0131n, d\u0131\u015far\u0131da dola\u015ft\u0131rs\u0131n. Bu yavrucak i\u00e7in bundan b\u00fcy\u00fck mutluluk olur mu?<\/span><\/p>\n<p><span style=\"font-weight: 400;\">Kavgalar\u0131n\u0131z\u0131 bir kenara koyun beyler! Kavgan\u0131z\u0131n sebebi bu \u00e7ocuk de\u011fil! Bu bedeli bu masum \u00e7ocu\u011fa \u00f6detmeyin. Bu vebalin alt\u0131ndan kalkamazs\u0131n\u0131z! O daha bir \u00e7ocuk\u2026Sekiz y\u0131ll\u0131k \u00f6mr\u00fcnde ya\u015fad\u0131klar\u0131, seksen y\u0131la bedel zaten\u2026<\/span><\/p>\n<p><span style=\"font-weight: 400;\">B\u0131rak\u0131n annesine sar\u0131ls\u0131n, cennet kokusuyla \u015fifa bulsun. Babas\u0131n\u0131n elinden tutsun, aya\u011fa kalks\u0131n.<\/span><\/p>\n<p><span style=\"font-weight: 400;\">Biraz empati yapal\u0131m m\u0131?<\/span><\/p>\n<p><span style=\"font-weight: 400;\">Ahmet\u2019in yerinde ya sizin \u00e7ocu\u011funuz olsayd\u0131?<\/span><\/p>\n<p><span style=\"font-weight: 400;\">\u00a0<\/span><\/p>\n<p><span style=\"font-weight: 400;\">AHMET BURHAN ATA\u00c7: Sekiz ya\u015f\u0131nda, Almanya\u2019da kanser tedavisi g\u00f6r\u00fcyor.<\/span><\/p>\n<p><span style=\"font-weight: 400;\">Babas\u0131 tutuklu, annesi pasaport yasa\u011f\u0131 nedeniyle evlad\u0131n\u0131n yan\u0131na gidemiyor. Doktorlara g\u00f6re hastal\u0131\u011f\u0131n ba\u015flang\u0131c\u0131, anne ve babas\u0131n\u0131n tutukland\u0131\u011f\u0131 tarihe denk geliyor.<\/span><\/p>\n<p><br \/><br \/><\/p>\n","protected":false},"excerpt":{"rendered":"<p>Yasemin Tatl\u0131seven Vicdanl\u0131 y\u00fcrekler mahalle, dil, din, \u0131rk, mezhep fark\u0131 g\u00f6zetmez biliyorum. \u00a0 \u200bHadi biraz empati yapal\u0131m. Evlad\u0131n\u0131z<\/p>\n","protected":false},"author":1,"featured_media":535,"comment_status":"open","ping_status":"open","sticky":false,"template":"","format":"standard","meta":[],"categories":[2],"tags":[],"yoast_head":"<!-- This site is optimized with the Yoast SEO plugin v15.5 - https:\/\/yoast.com\/wordpress\/plugins\/seo\/ -->\n<title>AHMET BURHAN ATA\u00c7 - SES MAGAZINE<\/title>\n<meta name=\"robots\" content=\"index, follow, max-snippet:-1, max-image-preview:large, max-video-preview:-1\" \/>\n<link rel=\"canonical\" href=\"https:\/\/www.sesdergisi.ca\/?p=846\" \/>\n<meta property=\"og:locale\" content=\"en_US\" \/>\n<meta property=\"og:type\" content=\"article\" \/>\n<meta property=\"og:title\" content=\"AHMET BURHAN ATA\u00c7 - SES MAGAZINE\" \/>\n<meta property=\"og:description\" content=\"Yasemin Tatl\u0131seven Vicdanl\u0131 y\u00fcrekler mahalle, dil, din, \u0131rk, mezhep fark\u0131 g\u00f6zetmez biliyorum. \u00a0 \u200bHadi biraz empati yapal\u0131m. Evlad\u0131n\u0131z\" \/>\n<meta property=\"og:url\" content=\"https:\/\/www.sesdergisi.ca\/?p=846\" \/>\n<meta property=\"og:site_name\" content=\"SES MAGAZINE\" \/>\n<meta property=\"article:author\" content=\"https:\/\/www.facebook.com\/serifkanada\" \/>\n<meta property=\"article:published_time\" content=\"2020-03-09T18:05:03+00:00\" \/>\n<meta property=\"article:modified_time\" content=\"2020-03-09T18:05:04+00:00\" \/>\n<meta property=\"og:image\" content=\"https:\/\/www.sesdergisi.ca\/wp-content\/uploads\/2020\/02\/Canva-Two-brother-praying-scaled.jpg\" \/>\n\t<meta property=\"og:image:width\" content=\"2560\" \/>\n\t<meta property=\"og:image:height\" content=\"1707\" \/>\n<meta name=\"twitter:card\" content=\"summary_large_image\" \/>\n<meta name=\"twitter:image\" content=\"https:\/\/www.sesdergisi.ca\/wp-content\/uploads\/2020\/02\/Canva-Two-brother-praying-scaled.jpg\" \/>\n<meta name=\"twitter:creator\" content=\"@https:\/\/twitter.com\/serifcanada1\" \/>\n<meta name=\"twitter:label1\" content=\"Est. reading time\">\n\t<meta name=\"twitter:data1\" content=\"3 minutes\">\n<script type=\"application\/ld+json\" class=\"yoast-schema-graph\">{\"@context\":\"https:\/\/schema.org\",\"@graph\":[{\"@type\":\"WebSite\",\"@id\":\"https:\/\/www.sesdergisi.ca\/#website\",\"url\":\"https:\/\/www.sesdergisi.ca\/\",\"name\":\"SES MAGAZINE\",\"description\":\"Literature \\u00b7 Analysis \\u00b7 Thought\",\"potentialAction\":[{\"@type\":\"SearchAction\",\"target\":\"https:\/\/www.sesdergisi.ca\/?s={search_term_string}\",\"query-input\":\"required name=search_term_string\"}],\"inLanguage\":\"en-US\"},{\"@type\":\"ImageObject\",\"@id\":\"https:\/\/www.sesdergisi.ca\/?p=846#primaryimage\",\"inLanguage\":\"en-US\",\"url\":\"https:\/\/www.sesdergisi.ca\/wp-content\/uploads\/2020\/02\/Canva-Two-brother-praying-scaled.jpg\",\"width\":2560,\"height\":1707,\"caption\":\"The boy praying at sunset on the beach.\"},{\"@type\":\"WebPage\",\"@id\":\"https:\/\/www.sesdergisi.ca\/?p=846#webpage\",\"url\":\"https:\/\/www.sesdergisi.ca\/?p=846\",\"name\":\"AHMET BURHAN ATA\\u00c7 - SES MAGAZINE\",\"isPartOf\":{\"@id\":\"https:\/\/www.sesdergisi.ca\/#website\"},\"primaryImageOfPage\":{\"@id\":\"https:\/\/www.sesdergisi.ca\/?p=846#primaryimage\"},\"datePublished\":\"2020-03-09T18:05:03+00:00\",\"dateModified\":\"2020-03-09T18:05:04+00:00\",\"author\":{\"@id\":\"https:\/\/www.sesdergisi.ca\/#\/schema\/person\/3c516e766267a63b4e8d607fa5496f02\"},\"inLanguage\":\"en-US\",\"potentialAction\":[{\"@type\":\"ReadAction\",\"target\":[\"https:\/\/www.sesdergisi.ca\/?p=846\"]}]},{\"@type\":\"Person\",\"@id\":\"https:\/\/www.sesdergisi.ca\/#\/schema\/person\/3c516e766267a63b4e8d607fa5496f02\",\"name\":\"\\u015eerif Ayd\\u0131n\",\"image\":{\"@type\":\"ImageObject\",\"@id\":\"https:\/\/www.sesdergisi.ca\/#personlogo\",\"inLanguage\":\"en-US\",\"url\":\"https:\/\/secure.gravatar.com\/avatar\/2527d3cadd34557e6b4a3479d29c21d4?s=96&d=mm&r=g\",\"caption\":\"\\u015eerif Ayd\\u0131n\"},\"sameAs\":[\"http:\/\/sesdergisi.ca\",\"https:\/\/www.facebook.com\/serifkanada\",\"https:\/\/www.instagram.com\/serifcanada\",\"https:\/\/www.linkedin.com\/in\/serif-aydin-16a0b31a4\",\"https:\/\/twitter.com\/https:\/\/twitter.com\/serifcanada1\"]}]}<\/script>\n<!-- \/ Yoast SEO plugin. -->","_links":{"self":[{"href":"https:\/\/www.sesdergisi.ca\/index.php?rest_route=\/wp\/v2\/posts\/846"}],"collection":[{"href":"https:\/\/www.sesdergisi.ca\/index.php?rest_route=\/wp\/v2\/posts"}],"about":[{"href":"https:\/\/www.sesdergisi.ca\/index.php?rest_route=\/wp\/v2\/types\/post"}],"author":[{"embeddable":true,"href":"https:\/\/www.sesdergisi.ca\/index.php?rest_route=\/wp\/v2\/users\/1"}],"replies":[{"embeddable":true,"href":"https:\/\/www.sesdergisi.ca\/index.php?rest_route=%2Fwp%2Fv2%2Fcomments&post=846"}],"version-history":[{"count":1,"href":"https:\/\/www.sesdergisi.ca\/index.php?rest_route=\/wp\/v2\/posts\/846\/revisions"}],"predecessor-version":[{"id":847,"href":"https:\/\/www.sesdergisi.ca\/index.php?rest_route=\/wp\/v2\/posts\/846\/revisions\/847"}],"wp:featuredmedia":[{"embeddable":true,"href":"https:\/\/www.sesdergisi.ca\/index.php?rest_route=\/wp\/v2\/media\/535"}],"wp:attachment":[{"href":"https:\/\/www.sesdergisi.ca\/index.php?rest_route=%2Fwp%2Fv2%2Fmedia&parent=846"}],"wp:term":[{"taxonomy":"category","embeddable":true,"href":"https:\/\/www.sesdergisi.ca\/index.php?rest_route=%2Fwp%2Fv2%2Fcategories&post=846"},{"taxonomy":"post_tag","embeddable":true,"href":"https:\/\/www.sesdergisi.ca\/index.php?rest_route=%2Fwp%2Fv2%2Ftags&post=846"}],"curies":[{"name":"wp","href":"https:\/\/api.w.org\/{rel}","templated":true}]}}