{"id":842,"date":"2020-03-09T18:00:10","date_gmt":"2020-03-09T18:00:10","guid":{"rendered":"https:\/\/www.sesdergisi.ca\/?p=842"},"modified":"2020-03-09T18:00:12","modified_gmt":"2020-03-09T18:00:12","slug":"cag","status":"publish","type":"post","link":"https:\/\/www.sesdergisi.ca\/?p=842","title":{"rendered":"\u00c7A\u011e"},"content":{"rendered":"\n<p><b>ESRA DOLUNAY<\/b><\/p>\n<p><span style=\"font-weight: 400;\">\u201c-D\u00fcnyay\u0131 etkileyen vir\u00fcs dalga dalga yay\u0131l\u0131yor..<\/span><\/p>\n<p><span style=\"font-weight: 400;\">\u00a0\u00a0-\u015eiddetli deprem sebebiyle tsunami uyar\u0131s\u0131 verildi..<\/span><\/p>\n<p><span style=\"font-weight: 400;\">\u00a0\u00a0-Kazada kurtulan yok..<\/span><\/p>\n<p><span style=\"font-weight: 400;\">\u00a0\u00a0-Ba\u015fkan bu kez..\u201d<\/span><\/p>\n<p><span style=\"font-weight: 400;\">TV\u2019yi kapatt\u0131. \u00d6n\u00fcnde duran gazeteye g\u00f6z ucuyla bakt\u0131, bir anda hevesi ka\u00e7m\u0131\u015ft\u0131.<\/span><\/p>\n<p><span style=\"font-weight: 400;\">Asl\u0131nda al\u0131\u015fk\u0131nd\u0131 habercili\u011fe. Y\u0131llarca d\u00fczenledi\u011fi haber metinleri, \u00f6n\u00fcne gelen y\u00fczlerce \u00e7o\u011fu olumsuz haberler.. Hepsini okuyup en \u00e7ok de\u011fer ta\u015f\u0131yan (!) habere yer vermemi\u015f miydi hep?.. Bir keresinde ya\u011fmurdan s\u0131r\u0131l s\u0131klam halde ayakkab\u0131lar\u0131ndaki suyu bo\u015falt\u0131rken \u201cBunun i\u00e7in mi t\u00fcm g\u00fcn haber pe\u015finde ko\u015ftum?\u201d diye isyan etmemi\u015f miydi?. \u0130nsanlara felaket yaymak i\u00e7in.. Ya da abart\u0131l\u0131 bo\u015f umutlar a\u015f\u0131lamak i\u00e7in.. Haber demek \u201csadece ger\u00e7ekler\u201d slogan\u0131yla maskelenmi\u015f balonlar de\u011fil miydi?<\/span><\/p>\n<p><span style=\"font-weight: 400;\">Birden kap\u0131 \u00e7ald\u0131. Kap\u0131daki, ya\u011fmurdan s\u0131r\u0131ls\u0131klam olmu\u015f Rafi\u2019ydi.<\/span><\/p>\n<p><span style=\"font-weight: 400;\">-Hay\u0131rd\u0131r Rafi, bal\u0131k sezonu burada m\u0131 a\u00e7\u0131ld\u0131?. \u00c7abuk gel i\u00e7eri, haline bak!\u00a0<\/span><\/p>\n<p><span style=\"font-weight: 400;\">Rafi kap\u0131da \u015femsiyesini iyice silkelerken:<\/span><\/p>\n<p><span style=\"font-weight: 400;\">-Sokaklar\u0131 sel g\u00f6t\u00fcr\u00fcyor. Ka\u00e7 senedir b\u00f6yle ya\u011fmur g\u00f6rmedim.. Yak\u0131nlarda olunca burada bekleyeyim dinmesini dedim. Ayakkab\u0131lar\u0131m da su doldu. Baksana havaya! D\u00fcnyan\u0131n sonu ve biz bunu g\u00f6rece\u011fimiz i\u00e7in \u015fansl\u0131y\u0131z!\u00a0 \u00a0 \u00a0 \u00a0 \u00a0 \u00a0 \u00a0 \u00a0 \u00a0 \u00a0 \u00a0 \u00a0 \u00a0 \u00a0 \u00a0 \u00a0 \u00a0\u00a0<\/span><\/p>\n<p><span style=\"font-weight: 400;\">\u00a0O an \u00e7akan \u015fim\u015fekle beraber Vefa, d\u0131\u015far\u0131daki ya\u011fmurun yan\u0131 s\u0131ra zihninin de fark\u0131na varm\u0131\u015ft\u0131. Bir taraftan oca\u011f\u0131 a\u00e7\u0131p \u00e7ay\u0131 \u0131s\u0131t\u0131rken Rafi \u00e7oraplar\u0131n\u0131 kalorifere sermekle me\u015fguld\u00fc:\u00a0<\/span><\/p>\n<p>\u00a0<\/p>\n<p><span style=\"font-weight: 400;\">-Sahi sen neler yap\u0131yorsun?<\/span><\/p>\n<p><span style=\"font-weight: 400;\">Is\u0131nan suyun c\u0131z\u0131rt\u0131s\u0131 e\u015fli\u011finde ya\u011fmur da h\u0131zlan\u0131yordu.<\/span><\/p>\n<p>\u00a0<\/p>\n<p><span style=\"font-weight: 400;\">-Ben mi! Ayn\u0131.. Senin i\u015fler nas\u0131l? G\u00f6r\u00fcnmez olmu\u015ftun.\u00a0<\/span><\/p>\n<p>\u00a0<\/p>\n<p><span style=\"font-weight: 400;\">-Bal\u0131k\u00e7\u0131l\u0131k m\u0131? \u00d6nceden bal\u0131k gibi haber avl\u0131yorduk \u015fimdi de canl\u0131s\u0131n\u0131 avl\u0131yoruz.\u00a0<\/span><\/p>\n<p>\u00a0<\/p>\n<p><span style=\"font-weight: 400;\">-Merak\u0131n ve muzipli\u011finden bir \u015fey kaybetmemi\u015fsin.<\/span><\/p>\n<p>\u00a0<\/p>\n<p><span style=\"font-weight: 400;\">-Sen de a\u00e7\u0131ks\u00f6zl\u00fcl\u00fc\u011f\u00fcnden&#8230; Ba\u015f\u0131n az belaya girmemi\u015fti.<\/span><\/p>\n<p><span style=\"font-weight: 400;\">G\u00fcl\u00fcmsediler.. Belki eskiyi konu\u015fmak ayn\u0131 an\u0131lar\u0131 payla\u015fmak bir an i\u00e7in o g\u00fcnlere g\u00f6t\u00fcr\u00fcyordu iki eski dostu.\u00a0<\/span><\/p>\n<p>\u00a0<\/p>\n<p><span style=\"font-weight: 400;\">Belki bir \u015feyleri de\u011fi\u015ftirebilme g\u00fcc\u00fcn\u00fc insan an\u0131larda daha \u00e7ok hissediyordu.\u00a0<\/span><\/p>\n<p><span style=\"font-weight: 400;\">Belki o an\u0131larda de\u011fi\u015ftirmeyi hep istedikleri bir \u015feyler sakl\u0131yd\u0131.\u00a0<\/span><\/p>\n<p>\u00a0<\/p>\n<p><span style=\"font-weight: 400;\">Rafi damlalar\u0131n h\u0131zla vurdu\u011fu pencerenin yan\u0131ndaki koltu\u011fa oturdu:\u00a0<\/span><\/p>\n<p>\u00a0<\/p>\n<p><span style=\"font-weight: 400;\">-Hani ya\u011fmurlu bir g\u00fcnde \u201cOlay yeri haberi yapaca\u011f\u0131m ben, gitmek istiyorum.\u201d deyip kayboldu\u011fun g\u00fcn\u00fc hat\u0131rl\u0131yor musun?\u00a0<\/span><\/p>\n<p>\u00a0<\/p>\n<p><span style=\"font-weight: 400;\">-Hat\u0131rlamak m\u0131?.. Unutmak i\u00e7in o taraftan bile ge\u00e7medim.<\/span><\/p>\n<p><span style=\"font-weight: 400;\">G\u00fcld\u00fcler\u00a0<\/span><\/p>\n<p>\u00a0<\/p>\n<p><span style=\"font-weight: 400;\">-Sence ne olacak bu d\u00fcnya arkada\u015f\u0131m? \u015eu haberleri haz\u0131rlamak bu kadar etkilemiyordu sanki. Okumak tahamm\u00fcl edilemezmi\u015f.\u00a0 \u00a0 \u00a0 \u00a0 \u00a0 \u00a0 \u00a0 \u00a0 \u00a0 \u00a0 \u00a0 \u00a0 \u00a0 \u00a0 \u00a0 \u00a0 \u00a0 \u00a0 \u00a0 \u00a0 \u00a0 \u00a0 \u00a0 \u00a0 \u00a0 \u00a0 \u00a0 \u00a0 \u00a0 \u00a0 \u00a0 \u00a0 \u00a0 \u00a0 \u00a0 \u00a0 \u00a0\u00a0<\/span><\/p>\n<p><span style=\"font-weight: 400;\">Vefa elinde bardaklarla yerine ge\u00e7ti, bisk\u00fcvisini \u00e7aya ban\u0131p g\u00fcl\u00fcmsedi:<\/span><\/p>\n<p>\u00a0<\/p>\n<p><span style=\"font-weight: 400;\">-Bu \u015funa benziyor. K\u00fc\u00e7\u00fckken bisk\u00fcvinin sadece i\u00e7indeki kayma\u011f\u0131 yemeye \u00e7al\u0131\u015f\u0131rd\u0131k. \u0130kisinin beraber farkl\u0131 bir anlam kazand\u0131\u011f\u0131n\u0131 bilmek istemedik, denemedik.\u00a0<\/span><\/p>\n<p><span style=\"font-weight: 400;\">-Felsefik gazeteci olmaz demi\u015ftim sana zaman\u0131nda.<\/span><\/p>\n<p>\u00a0<\/p>\n<p><span style=\"font-weight: 400;\">-\u201cOlmaz\u201d da olur.<\/span><\/p>\n<p>\u00a0<\/p>\n<p><span style=\"font-weight: 400;\">-Tamam tamam kelime oyunlar\u0131na yeti\u015femem.\u00a0<\/span><\/p>\n<p>\u00a0<\/p>\n<p><span style=\"font-weight: 400;\">Az \u00f6nceki \u015fiddetli ya\u011fmur yerini hafif sa\u011fana\u011fa b\u0131rakm\u0131\u015ft\u0131. \u00c7at\u0131lardan yere d\u00f6k\u00fclen seslerle i\u00e7erideki s\u0131cak \u00e7ay bardaklar\u0131n\u0131n sesi ve muhabbetin koyulu\u011fu tam bir senfoni olu\u015fturmu\u015ftu.\u00a0<\/span><\/p>\n<p><span style=\"font-weight: 400;\">Rafi, masada duran gazeteye g\u00f6z ucuyla bakt\u0131. Bir anda ciddile\u015fti:<\/span><\/p>\n<p>\u00a0<\/p>\n<p><span style=\"font-weight: 400;\">-\u015euna bak!.. Yak\u0131lm\u0131\u015f.\u00a0<\/span><\/p>\n<p><span style=\"font-weight: 400;\">-Bu eski matbaa binas\u0131 de\u011fil mi?<\/span><\/p>\n<p><span style=\"font-weight: 400;\">K\u0131\u015f\u0131n son demleri, yeni y\u0131l\u0131n ise ilk ad\u0131mlar\u0131nda iki eski dostun payla\u015ft\u0131\u011f\u0131 bir hayal dumanlara kar\u0131\u015f\u0131rken ba\u015fka sisleri aral\u0131yordu.<\/span><\/p>\n<p><span style=\"font-weight: 400;\">(Devam edecek)<\/span><\/p>\n<p><br \/><br \/><\/p>\n","protected":false},"excerpt":{"rendered":"<p>ESRA DOLUNAY \u201c-D\u00fcnyay\u0131 etkileyen vir\u00fcs dalga dalga yay\u0131l\u0131yor.. \u00a0\u00a0-\u015eiddetli deprem sebebiyle tsunami uyar\u0131s\u0131 verildi.. \u00a0\u00a0-Kazada kurtulan yok.. \u00a0\u00a0-Ba\u015fkan<\/p>\n","protected":false},"author":1,"featured_media":586,"comment_status":"open","ping_status":"open","sticky":false,"template":"","format":"standard","meta":[],"categories":[4],"tags":[],"yoast_head":"<!-- This site is optimized with the Yoast SEO plugin v15.5 - https:\/\/yoast.com\/wordpress\/plugins\/seo\/ -->\n<title>\u00c7A\u011e - SES MAGAZINE<\/title>\n<meta name=\"robots\" content=\"index, follow, max-snippet:-1, max-image-preview:large, max-video-preview:-1\" \/>\n<link rel=\"canonical\" href=\"https:\/\/www.sesdergisi.ca\/?p=842\" \/>\n<meta property=\"og:locale\" content=\"en_US\" \/>\n<meta property=\"og:type\" content=\"article\" \/>\n<meta property=\"og:title\" content=\"\u00c7A\u011e - SES MAGAZINE\" \/>\n<meta property=\"og:description\" content=\"ESRA DOLUNAY \u201c-D\u00fcnyay\u0131 etkileyen vir\u00fcs dalga dalga yay\u0131l\u0131yor.. \u00a0\u00a0-\u015eiddetli deprem sebebiyle tsunami uyar\u0131s\u0131 verildi.. \u00a0\u00a0-Kazada kurtulan yok.. \u00a0\u00a0-Ba\u015fkan\" \/>\n<meta property=\"og:url\" content=\"https:\/\/www.sesdergisi.ca\/?p=842\" \/>\n<meta property=\"og:site_name\" content=\"SES MAGAZINE\" \/>\n<meta property=\"article:author\" content=\"https:\/\/www.facebook.com\/serifkanada\" \/>\n<meta property=\"article:published_time\" content=\"2020-03-09T18:00:10+00:00\" \/>\n<meta property=\"article:modified_time\" content=\"2020-03-09T18:00:12+00:00\" \/>\n<meta property=\"og:image\" content=\"https:\/\/www.sesdergisi.ca\/wp-content\/uploads\/2020\/02\/Canva-Black-Click-Pen-on-White-Notebook-on-Black-Wooden-Surface-1-scaled.jpg\" \/>\n\t<meta property=\"og:image:width\" content=\"2560\" \/>\n\t<meta property=\"og:image:height\" content=\"1707\" \/>\n<meta name=\"twitter:card\" content=\"summary_large_image\" \/>\n<meta name=\"twitter:image\" content=\"https:\/\/www.sesdergisi.ca\/wp-content\/uploads\/2020\/02\/Canva-Black-Click-Pen-on-White-Notebook-on-Black-Wooden-Surface-1-scaled.jpg\" \/>\n<meta name=\"twitter:creator\" content=\"@https:\/\/twitter.com\/serifcanada1\" \/>\n<meta name=\"twitter:label1\" content=\"Est. reading time\">\n\t<meta name=\"twitter:data1\" content=\"2 minutes\">\n<script type=\"application\/ld+json\" class=\"yoast-schema-graph\">{\"@context\":\"https:\/\/schema.org\",\"@graph\":[{\"@type\":\"WebSite\",\"@id\":\"https:\/\/www.sesdergisi.ca\/#website\",\"url\":\"https:\/\/www.sesdergisi.ca\/\",\"name\":\"SES MAGAZINE\",\"description\":\"Literature \\u00b7 Analysis \\u00b7 Thought\",\"potentialAction\":[{\"@type\":\"SearchAction\",\"target\":\"https:\/\/www.sesdergisi.ca\/?s={search_term_string}\",\"query-input\":\"required name=search_term_string\"}],\"inLanguage\":\"en-US\"},{\"@type\":\"ImageObject\",\"@id\":\"https:\/\/www.sesdergisi.ca\/?p=842#primaryimage\",\"inLanguage\":\"en-US\",\"url\":\"https:\/\/www.sesdergisi.ca\/wp-content\/uploads\/2020\/02\/Canva-Black-Click-Pen-on-White-Notebook-on-Black-Wooden-Surface-1-scaled.jpg\",\"width\":2560,\"height\":1707},{\"@type\":\"WebPage\",\"@id\":\"https:\/\/www.sesdergisi.ca\/?p=842#webpage\",\"url\":\"https:\/\/www.sesdergisi.ca\/?p=842\",\"name\":\"\\u00c7A\\u011e - SES MAGAZINE\",\"isPartOf\":{\"@id\":\"https:\/\/www.sesdergisi.ca\/#website\"},\"primaryImageOfPage\":{\"@id\":\"https:\/\/www.sesdergisi.ca\/?p=842#primaryimage\"},\"datePublished\":\"2020-03-09T18:00:10+00:00\",\"dateModified\":\"2020-03-09T18:00:12+00:00\",\"author\":{\"@id\":\"https:\/\/www.sesdergisi.ca\/#\/schema\/person\/3c516e766267a63b4e8d607fa5496f02\"},\"inLanguage\":\"en-US\",\"potentialAction\":[{\"@type\":\"ReadAction\",\"target\":[\"https:\/\/www.sesdergisi.ca\/?p=842\"]}]},{\"@type\":\"Person\",\"@id\":\"https:\/\/www.sesdergisi.ca\/#\/schema\/person\/3c516e766267a63b4e8d607fa5496f02\",\"name\":\"\\u015eerif Ayd\\u0131n\",\"image\":{\"@type\":\"ImageObject\",\"@id\":\"https:\/\/www.sesdergisi.ca\/#personlogo\",\"inLanguage\":\"en-US\",\"url\":\"https:\/\/secure.gravatar.com\/avatar\/2527d3cadd34557e6b4a3479d29c21d4?s=96&d=mm&r=g\",\"caption\":\"\\u015eerif Ayd\\u0131n\"},\"sameAs\":[\"http:\/\/sesdergisi.ca\",\"https:\/\/www.facebook.com\/serifkanada\",\"https:\/\/www.instagram.com\/serifcanada\",\"https:\/\/www.linkedin.com\/in\/serif-aydin-16a0b31a4\",\"https:\/\/twitter.com\/https:\/\/twitter.com\/serifcanada1\"]}]}<\/script>\n<!-- \/ Yoast SEO plugin. -->","_links":{"self":[{"href":"https:\/\/www.sesdergisi.ca\/index.php?rest_route=\/wp\/v2\/posts\/842"}],"collection":[{"href":"https:\/\/www.sesdergisi.ca\/index.php?rest_route=\/wp\/v2\/posts"}],"about":[{"href":"https:\/\/www.sesdergisi.ca\/index.php?rest_route=\/wp\/v2\/types\/post"}],"author":[{"embeddable":true,"href":"https:\/\/www.sesdergisi.ca\/index.php?rest_route=\/wp\/v2\/users\/1"}],"replies":[{"embeddable":true,"href":"https:\/\/www.sesdergisi.ca\/index.php?rest_route=%2Fwp%2Fv2%2Fcomments&post=842"}],"version-history":[{"count":1,"href":"https:\/\/www.sesdergisi.ca\/index.php?rest_route=\/wp\/v2\/posts\/842\/revisions"}],"predecessor-version":[{"id":843,"href":"https:\/\/www.sesdergisi.ca\/index.php?rest_route=\/wp\/v2\/posts\/842\/revisions\/843"}],"wp:featuredmedia":[{"embeddable":true,"href":"https:\/\/www.sesdergisi.ca\/index.php?rest_route=\/wp\/v2\/media\/586"}],"wp:attachment":[{"href":"https:\/\/www.sesdergisi.ca\/index.php?rest_route=%2Fwp%2Fv2%2Fmedia&parent=842"}],"wp:term":[{"taxonomy":"category","embeddable":true,"href":"https:\/\/www.sesdergisi.ca\/index.php?rest_route=%2Fwp%2Fv2%2Fcategories&post=842"},{"taxonomy":"post_tag","embeddable":true,"href":"https:\/\/www.sesdergisi.ca\/index.php?rest_route=%2Fwp%2Fv2%2Ftags&post=842"}],"curies":[{"name":"wp","href":"https:\/\/api.w.org\/{rel}","templated":true}]}}