{"id":840,"date":"2020-03-09T17:56:59","date_gmt":"2020-03-09T17:56:59","guid":{"rendered":"https:\/\/www.sesdergisi.ca\/?p=840"},"modified":"2020-03-09T17:57:00","modified_gmt":"2020-03-09T17:57:00","slug":"seni-ariyor","status":"publish","type":"post","link":"https:\/\/www.sesdergisi.ca\/?p=840","title":{"rendered":"SEN\u0130 ARIYOR"},"content":{"rendered":"\n<p><b>Mustafa Keskin<\/b><\/p>\n<p><span style=\"font-weight: 400;\">Seni ar\u0131yor<\/span><\/p>\n<p><span style=\"font-weight: 400;\">G\u00fcm\u00fc\u015f rengi t\u00fcller ka\u015flar\u0131n\u0131 kald\u0131rm\u0131\u015f&#8230;<\/span><\/p>\n<p><span style=\"font-weight: 400;\">Kama\u015fan g\u00f6zlerle seni ar\u0131yor.<\/span><\/p>\n<p>\u00a0<\/p>\n<p><span style=\"font-weight: 400;\">Eriyen kum kayalar\u0131 aras\u0131nda inleyen r\u00fczg\u00e2r,<\/span><\/p>\n<p><span style=\"font-weight: 400;\">Sazl\u0131kta seni ar\u0131yor.<\/span><\/p>\n<p>\u00a0<\/p>\n<p><span style=\"font-weight: 400;\">Y\u0131ld\u0131zlar ellerinde fersiz fenerler,<\/span><\/p>\n<p><span style=\"font-weight: 400;\">Kara deliklerde seni ar\u0131yor.<\/span><\/p>\n<p>\u00a0<\/p>\n<p><span style=\"font-weight: 400;\">\u00c7\u00f6lde kum taneleri bertaraf vahalarda, \u00e7atlam\u0131\u015f dudaklar\u0131yla seni ar\u0131yor.<\/span><\/p>\n<p>\u00a0<\/p>\n<p><span style=\"font-weight: 400;\">K\u00fcller s\u00f6nmemi\u015f h<\/span><span style=\"font-weight: 400;\">\u00e2<\/span><span style=\"font-weight: 400;\">ra inat,<\/span><\/p>\n<p><span style=\"font-weight: 400;\">Kararm\u0131\u015f hat\u0131ralar aras\u0131nda seni ar\u0131yor.<\/span><\/p>\n<p><span style=\"font-weight: 400;\">Bal\u0131k\u00e7\u0131lar k\u00fcrekleri y\u00fcreklerinde,<\/span><\/p>\n<p><span style=\"font-weight: 400;\">Ellerinde rastgele seni ar\u0131yor.<\/span><\/p>\n<p>\u00a0<\/p>\n<p><span style=\"font-weight: 400;\">Felek yazg\u0131lar\u0131n\u0131 kadere y\u00fcklemi\u015f, taze nas\u0131rl\u0131 bak\u0131\u015flarla seni ar\u0131yor.<\/span><\/p>\n<p>\u00a0<\/p>\n<p><span style=\"font-weight: 400;\">Saz tellerini m\u0131zraba dolam\u0131\u015f, k\u0131r\u0131lm\u0131\u015f t\u0131rnaklar\u0131yla seni ar\u0131yor.<\/span><\/p>\n<p>\u00a0<\/p>\n<p><span style=\"font-weight: 400;\">\u00dcmitler var\u0131n\u0131 yo\u011funu iltica kamp\u0131na b\u0131rakm\u0131\u015f, seni ar\u0131yor.<\/span><\/p>\n<p>\u00a0<\/p>\n<p><span style=\"font-weight: 400;\">Depremler rasathanede mola vermi\u015f, art\u00e7\u0131lar\u0131yla seni ar\u0131yor.<\/span><\/p>\n<p>\u00a0<\/p>\n<p><span style=\"font-weight: 400;\">\u00c7ak\u0131l ta\u015flar\u0131 kayrak bedenleriyle,<\/span><\/p>\n<p><span style=\"font-weight: 400;\">Kirlenmi\u015f dalgalar aras\u0131nda seni ar\u0131yor.<\/span><\/p>\n<p>\u00a0<\/p>\n<p><span style=\"font-weight: 400;\">G\u00f6\u00e7men ku\u015flar\u0131, son sayeyi \u00e7oktan vermi\u015f; k\u0131z\u0131la \u00e7alan bulutlar aras\u0131nda seni ar\u0131yor.<\/span><\/p>\n<p>\u00a0<\/p>\n<p><span style=\"font-weight: 400;\">Uda e\u015flik eden klarnet; g\u00fcftesiz, bestesiz, pervas\u0131z feryatla seni ar\u0131yor.<\/span><\/p>\n<p><br \/><br \/><\/p>\n","protected":false},"excerpt":{"rendered":"<p>Mustafa Keskin Seni ar\u0131yor G\u00fcm\u00fc\u015f rengi t\u00fcller ka\u015flar\u0131n\u0131 kald\u0131rm\u0131\u015f&#8230; Kama\u015fan g\u00f6zlerle seni ar\u0131yor. \u00a0 Eriyen kum kayalar\u0131 aras\u0131nda<\/p>\n","protected":false},"author":1,"featured_media":628,"comment_status":"open","ping_status":"open","sticky":false,"template":"","format":"standard","meta":[],"categories":[3],"tags":[],"yoast_head":"<!-- This site is optimized with the Yoast SEO plugin v15.5 - https:\/\/yoast.com\/wordpress\/plugins\/seo\/ -->\n<title>SEN\u0130 ARIYOR - SES MAGAZINE<\/title>\n<meta name=\"robots\" content=\"index, follow, max-snippet:-1, max-image-preview:large, max-video-preview:-1\" \/>\n<link rel=\"canonical\" href=\"https:\/\/www.sesdergisi.ca\/?p=840\" \/>\n<meta property=\"og:locale\" content=\"en_US\" \/>\n<meta property=\"og:type\" content=\"article\" \/>\n<meta property=\"og:title\" content=\"SEN\u0130 ARIYOR - SES MAGAZINE\" \/>\n<meta property=\"og:description\" content=\"Mustafa Keskin Seni ar\u0131yor G\u00fcm\u00fc\u015f rengi t\u00fcller ka\u015flar\u0131n\u0131 kald\u0131rm\u0131\u015f&#8230; Kama\u015fan g\u00f6zlerle seni ar\u0131yor. \u00a0 Eriyen kum kayalar\u0131 aras\u0131nda\" \/>\n<meta property=\"og:url\" content=\"https:\/\/www.sesdergisi.ca\/?p=840\" \/>\n<meta property=\"og:site_name\" content=\"SES MAGAZINE\" \/>\n<meta property=\"article:author\" content=\"https:\/\/www.facebook.com\/serifkanada\" \/>\n<meta property=\"article:published_time\" content=\"2020-03-09T17:56:59+00:00\" \/>\n<meta property=\"article:modified_time\" content=\"2020-03-09T17:57:00+00:00\" \/>\n<meta property=\"og:image\" content=\"https:\/\/www.sesdergisi.ca\/wp-content\/uploads\/2020\/02\/Canva-Silhouette-of-Person-Raising-His-Hand-1.jpg\" \/>\n\t<meta property=\"og:image:width\" content=\"320\" \/>\n\t<meta property=\"og:image:height\" content=\"400\" \/>\n<meta name=\"twitter:card\" content=\"summary_large_image\" \/>\n<meta name=\"twitter:image\" content=\"https:\/\/www.sesdergisi.ca\/wp-content\/uploads\/2020\/02\/Canva-Silhouette-of-Person-Raising-His-Hand-1.jpg\" \/>\n<meta name=\"twitter:creator\" content=\"@https:\/\/twitter.com\/serifcanada1\" \/>\n<meta name=\"twitter:label1\" content=\"Est. reading time\">\n\t<meta name=\"twitter:data1\" content=\"1 minute\">\n<script type=\"application\/ld+json\" class=\"yoast-schema-graph\">{\"@context\":\"https:\/\/schema.org\",\"@graph\":[{\"@type\":\"WebSite\",\"@id\":\"https:\/\/www.sesdergisi.ca\/#website\",\"url\":\"https:\/\/www.sesdergisi.ca\/\",\"name\":\"SES MAGAZINE\",\"description\":\"Literature \\u00b7 Analysis \\u00b7 Thought\",\"potentialAction\":[{\"@type\":\"SearchAction\",\"target\":\"https:\/\/www.sesdergisi.ca\/?s={search_term_string}\",\"query-input\":\"required name=search_term_string\"}],\"inLanguage\":\"en-US\"},{\"@type\":\"ImageObject\",\"@id\":\"https:\/\/www.sesdergisi.ca\/?p=840#primaryimage\",\"inLanguage\":\"en-US\",\"url\":\"https:\/\/www.sesdergisi.ca\/wp-content\/uploads\/2020\/02\/Canva-Silhouette-of-Person-Raising-His-Hand-1.jpg\",\"width\":320,\"height\":400},{\"@type\":\"WebPage\",\"@id\":\"https:\/\/www.sesdergisi.ca\/?p=840#webpage\",\"url\":\"https:\/\/www.sesdergisi.ca\/?p=840\",\"name\":\"SEN\\u0130 ARIYOR - SES MAGAZINE\",\"isPartOf\":{\"@id\":\"https:\/\/www.sesdergisi.ca\/#website\"},\"primaryImageOfPage\":{\"@id\":\"https:\/\/www.sesdergisi.ca\/?p=840#primaryimage\"},\"datePublished\":\"2020-03-09T17:56:59+00:00\",\"dateModified\":\"2020-03-09T17:57:00+00:00\",\"author\":{\"@id\":\"https:\/\/www.sesdergisi.ca\/#\/schema\/person\/3c516e766267a63b4e8d607fa5496f02\"},\"inLanguage\":\"en-US\",\"potentialAction\":[{\"@type\":\"ReadAction\",\"target\":[\"https:\/\/www.sesdergisi.ca\/?p=840\"]}]},{\"@type\":\"Person\",\"@id\":\"https:\/\/www.sesdergisi.ca\/#\/schema\/person\/3c516e766267a63b4e8d607fa5496f02\",\"name\":\"\\u015eerif Ayd\\u0131n\",\"image\":{\"@type\":\"ImageObject\",\"@id\":\"https:\/\/www.sesdergisi.ca\/#personlogo\",\"inLanguage\":\"en-US\",\"url\":\"https:\/\/secure.gravatar.com\/avatar\/2527d3cadd34557e6b4a3479d29c21d4?s=96&d=mm&r=g\",\"caption\":\"\\u015eerif Ayd\\u0131n\"},\"sameAs\":[\"http:\/\/sesdergisi.ca\",\"https:\/\/www.facebook.com\/serifkanada\",\"https:\/\/www.instagram.com\/serifcanada\",\"https:\/\/www.linkedin.com\/in\/serif-aydin-16a0b31a4\",\"https:\/\/twitter.com\/https:\/\/twitter.com\/serifcanada1\"]}]}<\/script>\n<!-- \/ Yoast SEO plugin. -->","_links":{"self":[{"href":"https:\/\/www.sesdergisi.ca\/index.php?rest_route=\/wp\/v2\/posts\/840"}],"collection":[{"href":"https:\/\/www.sesdergisi.ca\/index.php?rest_route=\/wp\/v2\/posts"}],"about":[{"href":"https:\/\/www.sesdergisi.ca\/index.php?rest_route=\/wp\/v2\/types\/post"}],"author":[{"embeddable":true,"href":"https:\/\/www.sesdergisi.ca\/index.php?rest_route=\/wp\/v2\/users\/1"}],"replies":[{"embeddable":true,"href":"https:\/\/www.sesdergisi.ca\/index.php?rest_route=%2Fwp%2Fv2%2Fcomments&post=840"}],"version-history":[{"count":1,"href":"https:\/\/www.sesdergisi.ca\/index.php?rest_route=\/wp\/v2\/posts\/840\/revisions"}],"predecessor-version":[{"id":841,"href":"https:\/\/www.sesdergisi.ca\/index.php?rest_route=\/wp\/v2\/posts\/840\/revisions\/841"}],"wp:featuredmedia":[{"embeddable":true,"href":"https:\/\/www.sesdergisi.ca\/index.php?rest_route=\/wp\/v2\/media\/628"}],"wp:attachment":[{"href":"https:\/\/www.sesdergisi.ca\/index.php?rest_route=%2Fwp%2Fv2%2Fmedia&parent=840"}],"wp:term":[{"taxonomy":"category","embeddable":true,"href":"https:\/\/www.sesdergisi.ca\/index.php?rest_route=%2Fwp%2Fv2%2Fcategories&post=840"},{"taxonomy":"post_tag","embeddable":true,"href":"https:\/\/www.sesdergisi.ca\/index.php?rest_route=%2Fwp%2Fv2%2Ftags&post=840"}],"curies":[{"name":"wp","href":"https:\/\/api.w.org\/{rel}","templated":true}]}}