{"id":838,"date":"2020-03-09T17:54:47","date_gmt":"2020-03-09T17:54:47","guid":{"rendered":"https:\/\/www.sesdergisi.ca\/?p=838"},"modified":"2020-03-09T17:54:48","modified_gmt":"2020-03-09T17:54:48","slug":"biz-gittik-oylece","status":"publish","type":"post","link":"https:\/\/www.sesdergisi.ca\/?p=838","title":{"rendered":"B\u0130Z G\u0130TT\u0130K \u00d6YLECE"},"content":{"rendered":"\n<p><b>Dehrifani<\/b><\/p>\n<p><span style=\"font-weight: 400;\">Biz gittik \u00f6ylece, her \u015fey b\u00fcy\u00fck bi sessizlik i\u00e7inde oldu.\u00a0<\/span><\/p>\n<p><span style=\"font-weight: 400;\">Ard\u0131m\u0131zdan s\u00f6venler oldu\u00a0<\/span><\/p>\n<p><span style=\"font-weight: 400;\">Ve g\u00fclenler de ne\u015feyle\u2026<\/span><\/p>\n<p><span style=\"font-weight: 400;\">\u00c7ok az\u0131 iyi dileklerde bulundu.\u00a0<\/span><\/p>\n<p><span style=\"font-weight: 400;\">Kimse aram\u0131yordu o zamanlar su\u00e7luyu\u2026\u00a0<\/span><\/p>\n<p><span style=\"font-weight: 400;\">Gidenin gitmi\u015f olmas\u0131 yetiyordu.\u00a0<\/span><\/p>\n<p><span style=\"font-weight: 400;\">Konu\u015fmaya de\u011fer bir \u015fey var m\u0131yd\u0131 bilmiyordu\u2026\u00a0<\/span><\/p>\n<p><span style=\"font-weight: 400;\">Anlatmak istiyordu belki yine sakince tane tane\u2026\u00a0<\/span><\/p>\n<p><span style=\"font-weight: 400;\">Ama yaln\u0131zca onun \u00fczerine ate\u015f ya\u011farken\u00a0<\/span><\/p>\n<p><span style=\"font-weight: 400;\">Nas\u0131l konu\u015fulabilirdi bunu da bilmiyordu\u2026\u00a0<\/span><\/p>\n<p><span style=\"font-weight: 400;\">B\u00fct\u00fcn s\u00f6zc\u00fckleri en \u00e7ok s\u00f6ylenmesi gereken vakitte unutmu\u015ftu!&#8230;<\/span><\/p>\n<p><span style=\"font-weight: 400;\">Giderken yine unutman\u0131n g\u00fcc\u00fcne tutunmu\u015ftu.\u00a0<\/span><\/p>\n<p><span style=\"font-weight: 400;\">Elbet unuturdu b\u00f6ylesi g\u00f6nderilen biliyordu\u2026\u00a0<\/span><\/p>\n<p><span style=\"font-weight: 400;\">\u00c7ok ge\u00e7medi duruldu\u2026\u00a0\u00a0<\/span><\/p>\n<p><span style=\"font-weight: 400;\">Kendi de umdu ayn\u0131 duyguyu\u2026\u00a0<\/span><\/p>\n<p><span style=\"font-weight: 400;\">Ama olmad\u0131 bir t\u00fcrl\u00fc unutmuyordu yurdunu.\u00a0<\/span><\/p>\n<p><span style=\"font-weight: 400;\">En i\u00e7te, en dipte, k\u00f6\u015fede bir yerde s\u0131k\u0131\u015f\u0131p kalm\u0131\u015ft\u0131 yoklu\u011fu,\u00a0<\/span><\/p>\n<p><span style=\"font-weight: 400;\">Aidiyetsizli\u011fi d\u00fcnyaya ve yoksunlu\u011fu\u2026\u00a0<\/span><\/p>\n<p><span style=\"font-weight: 400;\">O g\u00fcnden kalmad\u0131r Kalanlar yeni t\u00fcrk\u00fcler tutturmu\u015ftu.<\/span><\/p>\n<p><span style=\"font-weight: 400;\">kalbinin karart\u0131s\u0131 ve<\/span><\/p>\n<p><span style=\"font-weight: 400;\">O sonsuz umutsuzlu\u011fu\u2026\u00a0<\/span><\/p>\n<p><span style=\"font-weight: 400;\">Oysa giden \u00e7oktan unutulmu\u015f,\u00a0<\/span><\/p>\n<p><span style=\"font-weight: 400;\">Yeni sofralarda yeni dostluklar kurulmu\u015f\u2026\u00a0<\/span><\/p>\n<p><span style=\"font-weight: 400;\">K\u0131\u015flar baharlara evrilmi\u015f,<\/span><\/p>\n<p>Kalanlar yeni t\u00fcrk\u00fcler tutturmu\u015ftu.<\/p>\n<p><br \/><br \/><br \/><\/p>\n","protected":false},"excerpt":{"rendered":"<p>Dehrifani Biz gittik \u00f6ylece, her \u015fey b\u00fcy\u00fck bi sessizlik i\u00e7inde oldu.\u00a0 Ard\u0131m\u0131zdan s\u00f6venler oldu\u00a0 Ve g\u00fclenler de ne\u015feyle\u2026<\/p>\n","protected":false},"author":1,"featured_media":627,"comment_status":"open","ping_status":"open","sticky":false,"template":"","format":"standard","meta":[],"categories":[3],"tags":[],"yoast_head":"<!-- This site is optimized with the Yoast SEO plugin v15.5 - https:\/\/yoast.com\/wordpress\/plugins\/seo\/ -->\n<title>B\u0130Z G\u0130TT\u0130K \u00d6YLECE - SES MAGAZINE<\/title>\n<meta name=\"robots\" content=\"index, follow, max-snippet:-1, max-image-preview:large, max-video-preview:-1\" \/>\n<link rel=\"canonical\" href=\"https:\/\/www.sesdergisi.ca\/?p=838\" \/>\n<meta property=\"og:locale\" content=\"en_US\" \/>\n<meta property=\"og:type\" content=\"article\" \/>\n<meta property=\"og:title\" content=\"B\u0130Z G\u0130TT\u0130K \u00d6YLECE - SES MAGAZINE\" \/>\n<meta property=\"og:description\" content=\"Dehrifani Biz gittik \u00f6ylece, her \u015fey b\u00fcy\u00fck bi sessizlik i\u00e7inde oldu.\u00a0 Ard\u0131m\u0131zdan s\u00f6venler oldu\u00a0 Ve g\u00fclenler de ne\u015feyle\u2026\" \/>\n<meta property=\"og:url\" content=\"https:\/\/www.sesdergisi.ca\/?p=838\" \/>\n<meta property=\"og:site_name\" content=\"SES MAGAZINE\" \/>\n<meta property=\"article:author\" content=\"https:\/\/www.facebook.com\/serifkanada\" \/>\n<meta property=\"article:published_time\" content=\"2020-03-09T17:54:47+00:00\" \/>\n<meta property=\"article:modified_time\" content=\"2020-03-09T17:54:48+00:00\" \/>\n<meta property=\"og:image\" content=\"https:\/\/www.sesdergisi.ca\/wp-content\/uploads\/2020\/02\/Canva-Silhouette-Of-Person-1-1-scaled.jpg\" \/>\n\t<meta property=\"og:image:width\" content=\"700\" \/>\n\t<meta property=\"og:image:height\" content=\"400\" \/>\n<meta name=\"twitter:card\" content=\"summary_large_image\" \/>\n<meta name=\"twitter:image\" content=\"https:\/\/www.sesdergisi.ca\/wp-content\/uploads\/2020\/02\/Canva-Silhouette-Of-Person-1-1-scaled.jpg\" \/>\n<meta name=\"twitter:creator\" content=\"@https:\/\/twitter.com\/serifcanada1\" \/>\n<meta name=\"twitter:label1\" content=\"Est. reading time\">\n\t<meta name=\"twitter:data1\" content=\"1 minute\">\n<script type=\"application\/ld+json\" class=\"yoast-schema-graph\">{\"@context\":\"https:\/\/schema.org\",\"@graph\":[{\"@type\":\"WebSite\",\"@id\":\"https:\/\/www.sesdergisi.ca\/#website\",\"url\":\"https:\/\/www.sesdergisi.ca\/\",\"name\":\"SES MAGAZINE\",\"description\":\"Literature \\u00b7 Analysis \\u00b7 Thought\",\"potentialAction\":[{\"@type\":\"SearchAction\",\"target\":\"https:\/\/www.sesdergisi.ca\/?s={search_term_string}\",\"query-input\":\"required name=search_term_string\"}],\"inLanguage\":\"en-US\"},{\"@type\":\"ImageObject\",\"@id\":\"https:\/\/www.sesdergisi.ca\/?p=838#primaryimage\",\"inLanguage\":\"en-US\",\"url\":\"https:\/\/www.sesdergisi.ca\/wp-content\/uploads\/2020\/02\/Canva-Silhouette-Of-Person-1-1-scaled.jpg\",\"width\":700,\"height\":400},{\"@type\":\"WebPage\",\"@id\":\"https:\/\/www.sesdergisi.ca\/?p=838#webpage\",\"url\":\"https:\/\/www.sesdergisi.ca\/?p=838\",\"name\":\"B\\u0130Z G\\u0130TT\\u0130K \\u00d6YLECE - SES MAGAZINE\",\"isPartOf\":{\"@id\":\"https:\/\/www.sesdergisi.ca\/#website\"},\"primaryImageOfPage\":{\"@id\":\"https:\/\/www.sesdergisi.ca\/?p=838#primaryimage\"},\"datePublished\":\"2020-03-09T17:54:47+00:00\",\"dateModified\":\"2020-03-09T17:54:48+00:00\",\"author\":{\"@id\":\"https:\/\/www.sesdergisi.ca\/#\/schema\/person\/3c516e766267a63b4e8d607fa5496f02\"},\"inLanguage\":\"en-US\",\"potentialAction\":[{\"@type\":\"ReadAction\",\"target\":[\"https:\/\/www.sesdergisi.ca\/?p=838\"]}]},{\"@type\":\"Person\",\"@id\":\"https:\/\/www.sesdergisi.ca\/#\/schema\/person\/3c516e766267a63b4e8d607fa5496f02\",\"name\":\"\\u015eerif Ayd\\u0131n\",\"image\":{\"@type\":\"ImageObject\",\"@id\":\"https:\/\/www.sesdergisi.ca\/#personlogo\",\"inLanguage\":\"en-US\",\"url\":\"https:\/\/secure.gravatar.com\/avatar\/2527d3cadd34557e6b4a3479d29c21d4?s=96&d=mm&r=g\",\"caption\":\"\\u015eerif Ayd\\u0131n\"},\"sameAs\":[\"http:\/\/sesdergisi.ca\",\"https:\/\/www.facebook.com\/serifkanada\",\"https:\/\/www.instagram.com\/serifcanada\",\"https:\/\/www.linkedin.com\/in\/serif-aydin-16a0b31a4\",\"https:\/\/twitter.com\/https:\/\/twitter.com\/serifcanada1\"]}]}<\/script>\n<!-- \/ Yoast SEO plugin. -->","_links":{"self":[{"href":"https:\/\/www.sesdergisi.ca\/index.php?rest_route=\/wp\/v2\/posts\/838"}],"collection":[{"href":"https:\/\/www.sesdergisi.ca\/index.php?rest_route=\/wp\/v2\/posts"}],"about":[{"href":"https:\/\/www.sesdergisi.ca\/index.php?rest_route=\/wp\/v2\/types\/post"}],"author":[{"embeddable":true,"href":"https:\/\/www.sesdergisi.ca\/index.php?rest_route=\/wp\/v2\/users\/1"}],"replies":[{"embeddable":true,"href":"https:\/\/www.sesdergisi.ca\/index.php?rest_route=%2Fwp%2Fv2%2Fcomments&post=838"}],"version-history":[{"count":1,"href":"https:\/\/www.sesdergisi.ca\/index.php?rest_route=\/wp\/v2\/posts\/838\/revisions"}],"predecessor-version":[{"id":839,"href":"https:\/\/www.sesdergisi.ca\/index.php?rest_route=\/wp\/v2\/posts\/838\/revisions\/839"}],"wp:featuredmedia":[{"embeddable":true,"href":"https:\/\/www.sesdergisi.ca\/index.php?rest_route=\/wp\/v2\/media\/627"}],"wp:attachment":[{"href":"https:\/\/www.sesdergisi.ca\/index.php?rest_route=%2Fwp%2Fv2%2Fmedia&parent=838"}],"wp:term":[{"taxonomy":"category","embeddable":true,"href":"https:\/\/www.sesdergisi.ca\/index.php?rest_route=%2Fwp%2Fv2%2Fcategories&post=838"},{"taxonomy":"post_tag","embeddable":true,"href":"https:\/\/www.sesdergisi.ca\/index.php?rest_route=%2Fwp%2Fv2%2Ftags&post=838"}],"curies":[{"name":"wp","href":"https:\/\/api.w.org\/{rel}","templated":true}]}}