{"id":836,"date":"2020-03-09T17:49:32","date_gmt":"2020-03-09T17:49:32","guid":{"rendered":"https:\/\/www.sesdergisi.ca\/?p=836"},"modified":"2020-03-09T17:49:34","modified_gmt":"2020-03-09T17:49:34","slug":"bir-zamanlar-altin-sarisindaydi-gunes","status":"publish","type":"post","link":"https:\/\/www.sesdergisi.ca\/?p=836","title":{"rendered":"B\u0130R ZAMANLAR ALTIN SARISINDAYDI G\u00dcNE\u015e"},"content":{"rendered":"\n<p><b>Mecit \u00d6z<\/b><\/p>\n<p><span style=\"font-weight: 400;\">Ayn\u0131 g\u00f6k alt\u0131nda ya\u015f\u0131yorduk bir zamanlar.<\/span><\/p>\n<p><span style=\"font-weight: 400;\">Ayn\u0131 y\u0131ld\u0131zlar\u0131 seyrediyorduk geceleri pencereden.<\/span><\/p>\n<p><span style=\"font-weight: 400;\">Huzur ve sevin\u00e7 veriyordu geceye g\u00fcl\u00fcmseyen mehtap.<\/span><\/p>\n<p><span style=\"font-weight: 400;\">Ya \u015fimdi? Ayn\u0131 g\u00f6k alt\u0131nday\u0131z yine.<\/span><\/p>\n<p><span style=\"font-weight: 400;\">Sen yine ayn\u0131 pencereden bak\u0131yorsun y\u0131ld\u0131zlara,<\/span><\/p>\n<p><span style=\"font-weight: 400;\">Fakat benim penceremde g\u00f6r\u00fcnm\u00fcyor y\u0131ld\u0131zlar.<\/span><\/p>\n<p><span style=\"font-weight: 400;\">Gecenin karanl\u0131\u011f\u0131nda katmerleniyor zindan\u0131n karanl\u0131\u011f\u0131,<\/span><\/p>\n<p><span style=\"font-weight: 400;\">Sen yine ayn\u0131 pencereden bak\u0131yorsun y\u0131ld\u0131zlara.<\/span><\/p>\n<p><span style=\"font-weight: 400;\">Y\u0131ld\u0131zlar keder y\u00fckl\u00fc, inkisar i\u00e7inde mehtap,<\/span><\/p>\n<p><span style=\"font-weight: 400;\">Her zamanki gibi ayn\u0131 g\u00fczellikte y\u0131ld\u0131zlar oysa.<\/span><\/p>\n<p><span style=\"font-weight: 400;\">\u00a0<\/span><\/p>\n<p><span style=\"font-weight: 400;\">Bir zamanlar alt\u0131n sar\u0131s\u0131ndayd\u0131 g\u00fcne\u015f,<\/span><\/p>\n<p><span style=\"font-weight: 400;\">Mavi g\u00f6ky\u00fcz\u00fcnde s\u00fcz\u00fcl\u00fcrd\u00fc beyaz bulutlar&#8230;<\/span><\/p>\n<p><span style=\"font-weight: 400;\">Sevginin s\u0131cakl\u0131\u011f\u0131yd\u0131 i\u00e7ini \u0131s\u0131tan, ayd\u0131nlatan;<\/span><\/p>\n<p><span style=\"font-weight: 400;\">Mavi kelebeklerdi u\u00e7u\u015fan i\u00e7inde sevgiyle.<\/span><\/p>\n<p><span style=\"font-weight: 400;\">\u00c7i\u00e7ek y\u00fckl\u00fc dallardan bal toplard\u0131 ar\u0131lar,<\/span><\/p>\n<p><span style=\"font-weight: 400;\">Bulutlardan inen damlalarla canlan\u0131rd\u0131 do\u011fa.<\/span><\/p>\n<p><span style=\"font-weight: 400;\">Ayn\u0131 g\u00f6k alt\u0131nda birlikteydik o zamanlar.<\/span><\/p>\n<p><span style=\"font-weight: 400;\">Sen yine ayn\u0131 g\u00f6k alt\u0131nda dola\u015f\u0131yorsun \u00f6zg\u00fcrce.<\/span><\/p>\n<p><span style=\"font-weight: 400;\">Fakat mavi g\u00f6ky\u00fcz\u00fcn\u00fc kaplam\u0131\u015f kara bulutlar;<\/span><\/p>\n<p><span style=\"font-weight: 400;\">Karanl\u0131\u011f\u0131n kasveti \u00e7\u00f6km\u00fc\u015f i\u00e7ine, \u00fc\u015f\u00fcyorsun.<\/span><\/p>\n<p><span style=\"font-weight: 400;\">Zulmetin al\u0131p g\u00f6t\u00fcrd\u00fc\u011f\u00fc sevdi\u011fini d\u00fc\u015f\u00fcn\u00fcyorsun.<\/span><\/p>\n<p><span style=\"font-weight: 400;\">Oysa her zamanki gibi alt\u0131n sar\u0131s\u0131nda g\u00fcne\u015f.<\/span><\/p>\n<p><span style=\"font-weight: 400;\">Masmavi g\u00f6ky\u00fcz\u00fcnde s\u00fcz\u00fcl\u00fcyor beyaz bulutlar.<\/span><\/p>\n<p><span style=\"font-weight: 400;\">Sevdi\u011finin yoklu\u011funda \u00f6yle geliyor sana&#8230;<\/span><\/p>\n<p><span style=\"font-weight: 400;\">\u00a0<\/span><\/p>\n<p><span style=\"font-weight: 400;\">Hat\u0131rl\u0131yor musun mutlulu\u011fu b\u00f6len o ani \u00e7at\u0131rt\u0131y\u0131?<\/span><\/p>\n<p><span style=\"font-weight: 400;\">Ellerimde prangalar, al\u0131p g\u00f6t\u00fcrm\u00fc\u015flerdi beni senden&#8230;<\/span><\/p>\n<p><span style=\"font-weight: 400;\">Bakakalm\u0131\u015ft\u0131n \u00f6ylece ard\u0131mdan, h\u00fczn\u00fcn\u00fc i\u00e7ine g\u00f6merek.<\/span><\/p>\n<p><span style=\"font-weight: 400;\">Zulmetin pen\u00e7esi \u00e7\u00f6km\u00fc\u015ft\u00fc y\u00fcre\u011fine, eve, ekme\u011fe&#8230;<\/span><\/p>\n<p><span style=\"font-weight: 400;\">A\u00e7l\u0131\u011f\u0131n\u0131 hissetmiyordun, bo\u011faz\u0131ndan ge\u00e7miyordu ekmek.<\/span><\/p>\n<p><span style=\"font-weight: 400;\">Oysa ev ayn\u0131 evdi, ekmek ayn\u0131yd\u0131, su ayn\u0131yd\u0131,<\/span><\/p>\n<p><span style=\"font-weight: 400;\">D\u00fcnya ayn\u0131yd\u0131, g\u00f6ky\u00fcz\u00fc ayn\u0131yd\u0131, g\u00fcne\u015f, y\u0131ld\u0131zlar ayn\u0131&#8230;<\/span><\/p>\n<p><span style=\"font-weight: 400;\">Fakat sen ayn\u0131 de\u011fildin, senin i\u00e7in de\u011fi\u015fmi\u015fti hayat.<\/span><\/p>\n<p><span style=\"font-weight: 400;\">Ellerinde prangalar, al\u0131p g\u00f6t\u00fcrm\u00fc\u015flerdi sevdi\u011fini&#8230;<\/span><\/p>\n<p><span style=\"font-weight: 400;\">Bakakalm\u0131\u015ft\u0131n \u00f6ylece ard\u0131ndan h\u00fczn\u00fcn\u00fc i\u00e7ine atarak.<\/span><\/p>\n<p><br \/><br \/><\/p>\n","protected":false},"excerpt":{"rendered":"<p>Mecit \u00d6z Ayn\u0131 g\u00f6k alt\u0131nda ya\u015f\u0131yorduk bir zamanlar. Ayn\u0131 y\u0131ld\u0131zlar\u0131 seyrediyorduk geceleri pencereden. Huzur ve sevin\u00e7 veriyordu geceye<\/p>\n","protected":false},"author":1,"featured_media":785,"comment_status":"open","ping_status":"open","sticky":false,"template":"","format":"standard","meta":[],"categories":[3],"tags":[],"yoast_head":"<!-- This site is optimized with the Yoast SEO plugin v15.5 - https:\/\/yoast.com\/wordpress\/plugins\/seo\/ -->\n<title>B\u0130R ZAMANLAR ALTIN SARISINDAYDI G\u00dcNE\u015e - SES MAGAZINE<\/title>\n<meta name=\"robots\" content=\"index, follow, max-snippet:-1, max-image-preview:large, max-video-preview:-1\" \/>\n<link rel=\"canonical\" href=\"https:\/\/www.sesdergisi.ca\/?p=836\" \/>\n<meta property=\"og:locale\" content=\"en_US\" \/>\n<meta property=\"og:type\" content=\"article\" \/>\n<meta property=\"og:title\" content=\"B\u0130R ZAMANLAR ALTIN SARISINDAYDI G\u00dcNE\u015e - SES MAGAZINE\" \/>\n<meta property=\"og:description\" content=\"Mecit \u00d6z Ayn\u0131 g\u00f6k alt\u0131nda ya\u015f\u0131yorduk bir zamanlar. Ayn\u0131 y\u0131ld\u0131zlar\u0131 seyrediyorduk geceleri pencereden. Huzur ve sevin\u00e7 veriyordu geceye\" \/>\n<meta property=\"og:url\" content=\"https:\/\/www.sesdergisi.ca\/?p=836\" \/>\n<meta property=\"og:site_name\" content=\"SES MAGAZINE\" \/>\n<meta property=\"article:author\" content=\"https:\/\/www.facebook.com\/serifkanada\" \/>\n<meta property=\"article:published_time\" content=\"2020-03-09T17:49:32+00:00\" \/>\n<meta property=\"article:modified_time\" content=\"2020-03-09T17:49:34+00:00\" \/>\n<meta property=\"og:image\" content=\"https:\/\/www.sesdergisi.ca\/wp-content\/uploads\/2020\/03\/Canva-Education-World-Globes.jpg\" \/>\n\t<meta property=\"og:image:width\" content=\"600\" \/>\n\t<meta property=\"og:image:height\" content=\"400\" \/>\n<meta name=\"twitter:card\" content=\"summary_large_image\" \/>\n<meta name=\"twitter:image\" content=\"https:\/\/www.sesdergisi.ca\/wp-content\/uploads\/2020\/03\/Canva-Education-World-Globes.jpg\" \/>\n<meta name=\"twitter:creator\" content=\"@https:\/\/twitter.com\/serifcanada1\" \/>\n<meta name=\"twitter:label1\" content=\"Est. reading time\">\n\t<meta name=\"twitter:data1\" content=\"1 minute\">\n<script type=\"application\/ld+json\" class=\"yoast-schema-graph\">{\"@context\":\"https:\/\/schema.org\",\"@graph\":[{\"@type\":\"WebSite\",\"@id\":\"https:\/\/www.sesdergisi.ca\/#website\",\"url\":\"https:\/\/www.sesdergisi.ca\/\",\"name\":\"SES MAGAZINE\",\"description\":\"Literature \\u00b7 Analysis \\u00b7 Thought\",\"potentialAction\":[{\"@type\":\"SearchAction\",\"target\":\"https:\/\/www.sesdergisi.ca\/?s={search_term_string}\",\"query-input\":\"required name=search_term_string\"}],\"inLanguage\":\"en-US\"},{\"@type\":\"ImageObject\",\"@id\":\"https:\/\/www.sesdergisi.ca\/?p=836#primaryimage\",\"inLanguage\":\"en-US\",\"url\":\"https:\/\/www.sesdergisi.ca\/wp-content\/uploads\/2020\/03\/Canva-Education-World-Globes.jpg\",\"width\":600,\"height\":400},{\"@type\":\"WebPage\",\"@id\":\"https:\/\/www.sesdergisi.ca\/?p=836#webpage\",\"url\":\"https:\/\/www.sesdergisi.ca\/?p=836\",\"name\":\"B\\u0130R ZAMANLAR ALTIN SARISINDAYDI G\\u00dcNE\\u015e - SES MAGAZINE\",\"isPartOf\":{\"@id\":\"https:\/\/www.sesdergisi.ca\/#website\"},\"primaryImageOfPage\":{\"@id\":\"https:\/\/www.sesdergisi.ca\/?p=836#primaryimage\"},\"datePublished\":\"2020-03-09T17:49:32+00:00\",\"dateModified\":\"2020-03-09T17:49:34+00:00\",\"author\":{\"@id\":\"https:\/\/www.sesdergisi.ca\/#\/schema\/person\/3c516e766267a63b4e8d607fa5496f02\"},\"inLanguage\":\"en-US\",\"potentialAction\":[{\"@type\":\"ReadAction\",\"target\":[\"https:\/\/www.sesdergisi.ca\/?p=836\"]}]},{\"@type\":\"Person\",\"@id\":\"https:\/\/www.sesdergisi.ca\/#\/schema\/person\/3c516e766267a63b4e8d607fa5496f02\",\"name\":\"\\u015eerif Ayd\\u0131n\",\"image\":{\"@type\":\"ImageObject\",\"@id\":\"https:\/\/www.sesdergisi.ca\/#personlogo\",\"inLanguage\":\"en-US\",\"url\":\"https:\/\/secure.gravatar.com\/avatar\/2527d3cadd34557e6b4a3479d29c21d4?s=96&d=mm&r=g\",\"caption\":\"\\u015eerif Ayd\\u0131n\"},\"sameAs\":[\"http:\/\/sesdergisi.ca\",\"https:\/\/www.facebook.com\/serifkanada\",\"https:\/\/www.instagram.com\/serifcanada\",\"https:\/\/www.linkedin.com\/in\/serif-aydin-16a0b31a4\",\"https:\/\/twitter.com\/https:\/\/twitter.com\/serifcanada1\"]}]}<\/script>\n<!-- \/ Yoast SEO plugin. -->","_links":{"self":[{"href":"https:\/\/www.sesdergisi.ca\/index.php?rest_route=\/wp\/v2\/posts\/836"}],"collection":[{"href":"https:\/\/www.sesdergisi.ca\/index.php?rest_route=\/wp\/v2\/posts"}],"about":[{"href":"https:\/\/www.sesdergisi.ca\/index.php?rest_route=\/wp\/v2\/types\/post"}],"author":[{"embeddable":true,"href":"https:\/\/www.sesdergisi.ca\/index.php?rest_route=\/wp\/v2\/users\/1"}],"replies":[{"embeddable":true,"href":"https:\/\/www.sesdergisi.ca\/index.php?rest_route=%2Fwp%2Fv2%2Fcomments&post=836"}],"version-history":[{"count":1,"href":"https:\/\/www.sesdergisi.ca\/index.php?rest_route=\/wp\/v2\/posts\/836\/revisions"}],"predecessor-version":[{"id":837,"href":"https:\/\/www.sesdergisi.ca\/index.php?rest_route=\/wp\/v2\/posts\/836\/revisions\/837"}],"wp:featuredmedia":[{"embeddable":true,"href":"https:\/\/www.sesdergisi.ca\/index.php?rest_route=\/wp\/v2\/media\/785"}],"wp:attachment":[{"href":"https:\/\/www.sesdergisi.ca\/index.php?rest_route=%2Fwp%2Fv2%2Fmedia&parent=836"}],"wp:term":[{"taxonomy":"category","embeddable":true,"href":"https:\/\/www.sesdergisi.ca\/index.php?rest_route=%2Fwp%2Fv2%2Fcategories&post=836"},{"taxonomy":"post_tag","embeddable":true,"href":"https:\/\/www.sesdergisi.ca\/index.php?rest_route=%2Fwp%2Fv2%2Ftags&post=836"}],"curies":[{"name":"wp","href":"https:\/\/api.w.org\/{rel}","templated":true}]}}