{"id":812,"date":"2020-03-09T15:38:40","date_gmt":"2020-03-09T15:38:40","guid":{"rendered":"https:\/\/www.sesdergisi.ca\/?p=812"},"modified":"2020-03-09T17:40:28","modified_gmt":"2020-03-09T17:40:28","slug":"dusunmenin-bedeli","status":"publish","type":"post","link":"https:\/\/www.sesdergisi.ca\/?p=812","title":{"rendered":"D\u00fc\u015f\u00fcnmenin Bedeli"},"content":{"rendered":"\n<p><b>Zeynep G\u00fcr<\/b><\/p>\n<p><span style=\"font-weight: 400;\">S\u00fcrg\u00fcnde kalbim,<\/span><\/p>\n<p><span style=\"font-weight: 400;\">S\u00fcrg\u00fcnde bedenim&#8230;<\/span><\/p>\n<p><span style=\"font-weight: 400;\">S\u00fcrg\u00fcnde de durmad\u0131 fikirlerim.<\/span><\/p>\n<p><span style=\"font-weight: 400;\">Ey devletlim (devletlu padi\u015fah\u0131m) s\u00f6z\u00fcm sana de\u011fil nefsimeydi&#8230;<\/span><\/p>\n<p><span style=\"font-weight: 400;\">S\u00fcrg\u00fcne giden bendim.\u00a0<\/span><\/p>\n<p><span style=\"font-weight: 400;\">Oysa akl\u0131m fikrim h<\/span><span style=\"font-weight: 400;\">\u00e2<\/span><span style=\"font-weight: 400;\">l<\/span><span style=\"font-weight: 400;\">\u00e2<\/span><span style=\"font-weight: 400;\"> vatan\u0131mda.<\/span><\/p>\n<p><span style=\"font-weight: 400;\">Vatan haini ilan edildim, ya\u015fad\u0131\u011f\u0131m zamanda&#8230;<\/span><\/p>\n<p><span style=\"font-weight: 400;\">Nam\u0131m y\u00fcr\u00fcrse konu\u015fur torunlar arkada\u015flar\u0131yla<\/span><\/p>\n<p><span style=\"font-weight: 400;\">Ve derler\u00a0<\/span><\/p>\n<p><span style=\"font-weight: 400;\">Bir zaman ya\u015fam\u0131\u015f, sevdal\u0131yd\u0131 vatan\u0131na&#8230;\u00a0<\/span><\/p>\n<p><span style=\"font-weight: 400;\">\u00d6l\u00fcs\u00fc anca kayda girdi Naz\u0131m Hikmet&#8217;in.<\/span><\/p>\n<p><span style=\"font-weight: 400;\">Oysa ki derdi bir avu\u00e7 vatan topra\u011f\u0131nda g\u00f6m\u00fclmekti.<\/span><\/p>\n<p><span style=\"font-weight: 400;\">Duyan olmad\u0131, ya\u015fayanlar ise korkak&#8230;<\/span><\/p>\n<p><span style=\"font-weight: 400;\">S\u00fcrg\u00fcnde \u00f6ld\u00fc bir \u00e7ok ayd\u0131n, \u015fair, yazar&#8230;\u00a0<\/span><\/p>\n<p><span style=\"font-weight: 400;\">Dertleriydi ayd\u0131nl\u0131k yar\u0131nlar&#8230;<\/span><\/p>\n<p><span style=\"font-weight: 400;\">Kendileri g\u00f6rmese de olurdu,<\/span><\/p>\n<p><span style=\"font-weight: 400;\">Hep de \u00f6yle oldu&#8230;\u00a0<\/span><\/p>\n<p><span style=\"font-weight: 400;\">D\u00fcn hain ilan edilenler \u00f6l\u00fcnce vatansever oldular.<\/span><\/p>\n<p><span style=\"font-weight: 400;\">Kendilerine at\u0131lan ta\u015flardan an\u0131t yapt\u0131lar.<\/span><\/p>\n<p><span style=\"font-weight: 400;\">Y\u0131l olmu\u015f 2020; s\u00fcrg\u00fcnde ayd\u0131nlar, yazarlar, \u015fairler&#8230;<\/span><\/p>\n<p><span style=\"font-weight: 400;\">Fikirleri \u00f6zg\u00fcr, mahpus bedenleriyle niceleri&#8230;<\/span><\/p>\n<p><span style=\"font-weight: 400;\">Ya da se\u00e7tiler gurbeti&#8230;<\/span><\/p>\n<p><span style=\"font-weight: 400;\">Bir gecede dilsiz kulaks\u0131z kalmay\u0131&#8230;<\/span><\/p>\n<p><span style=\"font-weight: 400;\">T\u00fcm ya\u015fananlar d\u00fc\u015f\u00fcnmenin bedeliydi.<\/span><\/p>\n<p><br \/><br \/><\/p>\n","protected":false},"excerpt":{"rendered":"<p>Zeynep G\u00fcr S\u00fcrg\u00fcnde kalbim, S\u00fcrg\u00fcnde bedenim&#8230; S\u00fcrg\u00fcnde de durmad\u0131 fikirlerim. Ey devletlim (devletlu padi\u015fah\u0131m) s\u00f6z\u00fcm sana de\u011fil nefsimeydi&#8230;<\/p>\n","protected":false},"author":1,"featured_media":622,"comment_status":"open","ping_status":"open","sticky":false,"template":"","format":"standard","meta":[],"categories":[3],"tags":[],"yoast_head":"<!-- This site is optimized with the Yoast SEO plugin v15.5 - https:\/\/yoast.com\/wordpress\/plugins\/seo\/ -->\n<title>D\u00fc\u015f\u00fcnmenin Bedeli - SES MAGAZINE<\/title>\n<meta name=\"robots\" content=\"index, follow, max-snippet:-1, max-image-preview:large, max-video-preview:-1\" \/>\n<link rel=\"canonical\" href=\"https:\/\/www.sesdergisi.ca\/?p=812\" \/>\n<meta property=\"og:locale\" content=\"en_US\" \/>\n<meta property=\"og:type\" content=\"article\" \/>\n<meta property=\"og:title\" content=\"D\u00fc\u015f\u00fcnmenin Bedeli - SES MAGAZINE\" \/>\n<meta property=\"og:description\" content=\"Zeynep G\u00fcr S\u00fcrg\u00fcnde kalbim, S\u00fcrg\u00fcnde bedenim&#8230; S\u00fcrg\u00fcnde de durmad\u0131 fikirlerim. Ey devletlim (devletlu padi\u015fah\u0131m) s\u00f6z\u00fcm sana de\u011fil nefsimeydi&#8230;\" \/>\n<meta property=\"og:url\" content=\"https:\/\/www.sesdergisi.ca\/?p=812\" \/>\n<meta property=\"og:site_name\" content=\"SES MAGAZINE\" \/>\n<meta property=\"article:author\" content=\"https:\/\/www.facebook.com\/serifkanada\" \/>\n<meta property=\"article:published_time\" content=\"2020-03-09T15:38:40+00:00\" \/>\n<meta property=\"article:modified_time\" content=\"2020-03-09T17:40:28+00:00\" \/>\n<meta property=\"og:image\" content=\"https:\/\/www.sesdergisi.ca\/wp-content\/uploads\/2020\/02\/Canva-Person-Walking-Through-a-Tunnel-1-scaled.jpg\" \/>\n\t<meta property=\"og:image:width\" content=\"600\" \/>\n\t<meta property=\"og:image:height\" content=\"400\" \/>\n<meta name=\"twitter:card\" content=\"summary_large_image\" \/>\n<meta name=\"twitter:image\" content=\"https:\/\/www.sesdergisi.ca\/wp-content\/uploads\/2020\/02\/Canva-Person-Walking-Through-a-Tunnel-1-scaled.jpg\" \/>\n<meta name=\"twitter:creator\" content=\"@https:\/\/twitter.com\/serifcanada1\" \/>\n<meta name=\"twitter:label1\" content=\"Est. reading time\">\n\t<meta name=\"twitter:data1\" content=\"1 minute\">\n<script type=\"application\/ld+json\" class=\"yoast-schema-graph\">{\"@context\":\"https:\/\/schema.org\",\"@graph\":[{\"@type\":\"WebSite\",\"@id\":\"https:\/\/www.sesdergisi.ca\/#website\",\"url\":\"https:\/\/www.sesdergisi.ca\/\",\"name\":\"SES MAGAZINE\",\"description\":\"Literature \\u00b7 Analysis \\u00b7 Thought\",\"potentialAction\":[{\"@type\":\"SearchAction\",\"target\":\"https:\/\/www.sesdergisi.ca\/?s={search_term_string}\",\"query-input\":\"required name=search_term_string\"}],\"inLanguage\":\"en-US\"},{\"@type\":\"ImageObject\",\"@id\":\"https:\/\/www.sesdergisi.ca\/?p=812#primaryimage\",\"inLanguage\":\"en-US\",\"url\":\"https:\/\/www.sesdergisi.ca\/wp-content\/uploads\/2020\/02\/Canva-Person-Walking-Through-a-Tunnel-1-scaled.jpg\",\"width\":600,\"height\":400},{\"@type\":\"WebPage\",\"@id\":\"https:\/\/www.sesdergisi.ca\/?p=812#webpage\",\"url\":\"https:\/\/www.sesdergisi.ca\/?p=812\",\"name\":\"D\\u00fc\\u015f\\u00fcnmenin Bedeli - SES MAGAZINE\",\"isPartOf\":{\"@id\":\"https:\/\/www.sesdergisi.ca\/#website\"},\"primaryImageOfPage\":{\"@id\":\"https:\/\/www.sesdergisi.ca\/?p=812#primaryimage\"},\"datePublished\":\"2020-03-09T15:38:40+00:00\",\"dateModified\":\"2020-03-09T17:40:28+00:00\",\"author\":{\"@id\":\"https:\/\/www.sesdergisi.ca\/#\/schema\/person\/3c516e766267a63b4e8d607fa5496f02\"},\"inLanguage\":\"en-US\",\"potentialAction\":[{\"@type\":\"ReadAction\",\"target\":[\"https:\/\/www.sesdergisi.ca\/?p=812\"]}]},{\"@type\":\"Person\",\"@id\":\"https:\/\/www.sesdergisi.ca\/#\/schema\/person\/3c516e766267a63b4e8d607fa5496f02\",\"name\":\"\\u015eerif Ayd\\u0131n\",\"image\":{\"@type\":\"ImageObject\",\"@id\":\"https:\/\/www.sesdergisi.ca\/#personlogo\",\"inLanguage\":\"en-US\",\"url\":\"https:\/\/secure.gravatar.com\/avatar\/2527d3cadd34557e6b4a3479d29c21d4?s=96&d=mm&r=g\",\"caption\":\"\\u015eerif Ayd\\u0131n\"},\"sameAs\":[\"http:\/\/sesdergisi.ca\",\"https:\/\/www.facebook.com\/serifkanada\",\"https:\/\/www.instagram.com\/serifcanada\",\"https:\/\/www.linkedin.com\/in\/serif-aydin-16a0b31a4\",\"https:\/\/twitter.com\/https:\/\/twitter.com\/serifcanada1\"]}]}<\/script>\n<!-- \/ Yoast SEO plugin. -->","_links":{"self":[{"href":"https:\/\/www.sesdergisi.ca\/index.php?rest_route=\/wp\/v2\/posts\/812"}],"collection":[{"href":"https:\/\/www.sesdergisi.ca\/index.php?rest_route=\/wp\/v2\/posts"}],"about":[{"href":"https:\/\/www.sesdergisi.ca\/index.php?rest_route=\/wp\/v2\/types\/post"}],"author":[{"embeddable":true,"href":"https:\/\/www.sesdergisi.ca\/index.php?rest_route=\/wp\/v2\/users\/1"}],"replies":[{"embeddable":true,"href":"https:\/\/www.sesdergisi.ca\/index.php?rest_route=%2Fwp%2Fv2%2Fcomments&post=812"}],"version-history":[{"count":2,"href":"https:\/\/www.sesdergisi.ca\/index.php?rest_route=\/wp\/v2\/posts\/812\/revisions"}],"predecessor-version":[{"id":829,"href":"https:\/\/www.sesdergisi.ca\/index.php?rest_route=\/wp\/v2\/posts\/812\/revisions\/829"}],"wp:featuredmedia":[{"embeddable":true,"href":"https:\/\/www.sesdergisi.ca\/index.php?rest_route=\/wp\/v2\/media\/622"}],"wp:attachment":[{"href":"https:\/\/www.sesdergisi.ca\/index.php?rest_route=%2Fwp%2Fv2%2Fmedia&parent=812"}],"wp:term":[{"taxonomy":"category","embeddable":true,"href":"https:\/\/www.sesdergisi.ca\/index.php?rest_route=%2Fwp%2Fv2%2Fcategories&post=812"},{"taxonomy":"post_tag","embeddable":true,"href":"https:\/\/www.sesdergisi.ca\/index.php?rest_route=%2Fwp%2Fv2%2Ftags&post=812"}],"curies":[{"name":"wp","href":"https:\/\/api.w.org\/{rel}","templated":true}]}}