{"id":807,"date":"2020-03-09T15:32:52","date_gmt":"2020-03-09T15:32:52","guid":{"rendered":"https:\/\/www.sesdergisi.ca\/?p=807"},"modified":"2020-03-09T17:32:44","modified_gmt":"2020-03-09T17:32:44","slug":"kimsesizligin-koylarinda","status":"publish","type":"post","link":"https:\/\/www.sesdergisi.ca\/?p=807","title":{"rendered":"Kimsesizli\u011fin Koylar\u0131nda"},"content":{"rendered":"\n<p><b>KATRE<\/b><\/p>\n<p><span style=\"font-weight: 400;\">Bir el uzatmak istersin dosta,<\/span><\/p>\n<p><span style=\"font-weight: 400;\">Uzanmaz elin\u2026<\/span><\/p>\n<p><span style=\"font-weight: 400;\">Ve bir dost eli uzanmaz sana,<\/span><\/p>\n<p><span style=\"font-weight: 400;\">Un ufak olu\u015funu seyredersin<\/span><\/p>\n<p><span style=\"font-weight: 400;\">G\u00f6lgesine s\u0131\u011f\u0131nd\u0131\u011f\u0131n dev g\u00f6vdelerin\u2026<\/span><\/p>\n<p><span style=\"font-weight: 400;\">Y\u00fcre\u011fin mezaristana d\u00f6ner,<\/span><\/p>\n<p><span style=\"font-weight: 400;\">Kalbin \u00fc\u015f\u00fcr yalanc\u0131 ate\u015flerde\u2026<\/span><\/p>\n<p><span style=\"font-weight: 400;\">Ve yanars\u0131n so\u011fukluklar\u0131nda\u00a0<\/span><\/p>\n<p><span style=\"font-weight: 400;\">Sevdiklerinin&#8230;<\/span><\/p>\n<p><span style=\"font-weight: 400;\">S\u00fcrersin geceyi bir merhem misali<\/span><\/p>\n<p><span style=\"font-weight: 400;\">Onulmaz yaralar\u0131na\u2026<\/span><\/p>\n<p><span style=\"font-weight: 400;\">Derken,<\/span><\/p>\n<p><span style=\"font-weight: 400;\">Karanl\u0131\u011f\u0131n tam ortas\u0131nda<\/span><\/p>\n<p><span style=\"font-weight: 400;\">Bir lem\u2019a belirir ufukta\u2026<\/span><\/p>\n<p><span style=\"font-weight: 400;\">B\u0131rak\u0131rs\u0131n b\u00fct\u00fcn a\u011f\u0131rl\u0131klar\u0131n\u0131,<\/span><\/p>\n<p><span style=\"font-weight: 400;\">\u0130ki damla g\u00f6zya\u015f\u0131na\u2026<\/span><\/p>\n<p><span style=\"font-weight: 400;\">Gurbetten kurbete giden<\/span><\/p>\n<p><span style=\"font-weight: 400;\">Bir yol belirir uzakta.<\/span><\/p>\n<p><span style=\"font-weight: 400;\">Ku\u015fan\u0131rs\u0131n k\u0131r\u0131lm\u0131\u015fl\u0131klar\u0131n\u0131,<\/span><\/p>\n<p><span style=\"font-weight: 400;\">K\u0131rm\u0131\u015fl\u0131klar\u0131n\u0131&#8230;<\/span><\/p>\n<p><span style=\"font-weight: 400;\">G\u00fcnah\u0131n belini b\u00fcker,<\/span><\/p>\n<p>\u00a0<\/p>\n<p><span style=\"font-weight: 400;\">Ellerinde \u00e7aresizli\u011fin kelep\u00e7esi,<\/span><\/p>\n<p><span style=\"font-weight: 400;\">Dizlerinde yolu t\u00fcketmi\u015flik zinciri,<\/span><\/p>\n<p><span style=\"font-weight: 400;\">Acizli\u011fin tek sermaye avu\u00e7lar\u0131nda\u2026<\/span><\/p>\n<p><span style=\"font-weight: 400;\">Boynunu b\u00fcker fakirli\u011fin\u2026<\/span><\/p>\n<p>\u00a0<\/p>\n<p><span style=\"font-weight: 400;\">Tam y\u00fczerken koylar\u0131nda kimsesizli\u011fin,<\/span><\/p>\n<p><span style=\"font-weight: 400;\">Kalbinin at\u0131\u015flar\u0131 y\u0131rtar sessizli\u011fi\u2026<\/span><\/p>\n<p><span style=\"font-weight: 400;\">Nefesinin yakar\u0131\u015f f\u0131rt\u0131nalar\u0131nda<\/span><\/p>\n<p><span style=\"font-weight: 400;\">Kendine savrulursun\u2026<\/span><\/p>\n<p>\u00a0<\/p>\n<p><span style=\"font-weight: 400;\">Dipsiz kuyular\u0131nda yol al\u0131rken<\/span><\/p>\n<p><span style=\"font-weight: 400;\">Ruhunun,<\/span><\/p>\n<p><span style=\"font-weight: 400;\">\u00c2<\/span><span style=\"font-weight: 400;\">b-\u0131 hayat sunan kurnalar bulursun.<\/span><\/p>\n<p><span style=\"font-weight: 400;\">Gurbetten kurbete d\u00fc\u015fen yollarda\u00a0<\/span><\/p>\n<p><span style=\"font-weight: 400;\">Yaradan&#8217;\u0131 kendine y<\/span><span style=\"font-weight: 400;\">\u00e2<\/span><span style=\"font-weight: 400;\">r bulursun.<\/span><\/p>\n<p><span style=\"font-weight: 400;\">Ac\u0131lar\u0131n \u015f\u00fck\u00fcr bulutlar\u0131nda yo\u011funla\u015f\u0131r;<\/span><\/p>\n<p><span style=\"font-weight: 400;\">Y<\/span><span style=\"font-weight: 400;\">\u00e2<\/span><span style=\"font-weight: 400;\">r&#8217;in huzurunda,<\/span><\/p>\n<p><span style=\"font-weight: 400;\">Yoklu\u011funda yeniden var olursun.<\/span><\/p>\n<p><br \/><br \/><br \/><\/p>\n","protected":false},"excerpt":{"rendered":"<p>KATRE Bir el uzatmak istersin dosta, Uzanmaz elin\u2026 Ve bir dost eli uzanmaz sana, Un ufak olu\u015funu seyredersin<\/p>\n","protected":false},"author":1,"featured_media":134,"comment_status":"open","ping_status":"open","sticky":false,"template":"","format":"standard","meta":[],"categories":[3],"tags":[],"yoast_head":"<!-- This site is optimized with the Yoast SEO plugin v15.5 - https:\/\/yoast.com\/wordpress\/plugins\/seo\/ -->\n<title>Kimsesizli\u011fin Koylar\u0131nda - SES MAGAZINE<\/title>\n<meta name=\"robots\" content=\"index, follow, max-snippet:-1, max-image-preview:large, max-video-preview:-1\" \/>\n<link rel=\"canonical\" href=\"https:\/\/www.sesdergisi.ca\/?p=807\" \/>\n<meta property=\"og:locale\" content=\"en_US\" \/>\n<meta property=\"og:type\" content=\"article\" \/>\n<meta property=\"og:title\" content=\"Kimsesizli\u011fin Koylar\u0131nda - SES MAGAZINE\" \/>\n<meta property=\"og:description\" content=\"KATRE Bir el uzatmak istersin dosta, Uzanmaz elin\u2026 Ve bir dost eli uzanmaz sana, Un ufak olu\u015funu seyredersin\" \/>\n<meta property=\"og:url\" content=\"https:\/\/www.sesdergisi.ca\/?p=807\" \/>\n<meta property=\"og:site_name\" content=\"SES MAGAZINE\" \/>\n<meta property=\"article:author\" content=\"https:\/\/www.facebook.com\/serifkanada\" \/>\n<meta property=\"article:published_time\" content=\"2020-03-09T15:32:52+00:00\" \/>\n<meta property=\"article:modified_time\" content=\"2020-03-09T17:32:44+00:00\" \/>\n<meta property=\"og:image\" content=\"https:\/\/www.sesdergisi.ca\/wp-content\/uploads\/2019\/07\/twitter-arkaplan-221.jpg\" \/>\n\t<meta property=\"og:image:width\" content=\"1600\" \/>\n\t<meta property=\"og:image:height\" content=\"1200\" \/>\n<meta name=\"twitter:card\" content=\"summary_large_image\" \/>\n<meta name=\"twitter:image\" content=\"https:\/\/www.sesdergisi.ca\/wp-content\/uploads\/2019\/07\/twitter-arkaplan-221.jpg\" \/>\n<meta name=\"twitter:creator\" content=\"@https:\/\/twitter.com\/serifcanada1\" \/>\n<meta name=\"twitter:label1\" content=\"Est. reading time\">\n\t<meta name=\"twitter:data1\" content=\"1 minute\">\n<script type=\"application\/ld+json\" class=\"yoast-schema-graph\">{\"@context\":\"https:\/\/schema.org\",\"@graph\":[{\"@type\":\"WebSite\",\"@id\":\"https:\/\/www.sesdergisi.ca\/#website\",\"url\":\"https:\/\/www.sesdergisi.ca\/\",\"name\":\"SES MAGAZINE\",\"description\":\"Literature \\u00b7 Analysis \\u00b7 Thought\",\"potentialAction\":[{\"@type\":\"SearchAction\",\"target\":\"https:\/\/www.sesdergisi.ca\/?s={search_term_string}\",\"query-input\":\"required name=search_term_string\"}],\"inLanguage\":\"en-US\"},{\"@type\":\"ImageObject\",\"@id\":\"https:\/\/www.sesdergisi.ca\/?p=807#primaryimage\",\"inLanguage\":\"en-US\",\"url\":\"https:\/\/www.sesdergisi.ca\/wp-content\/uploads\/2019\/07\/twitter-arkaplan-221.jpg\",\"width\":1600,\"height\":1200},{\"@type\":\"WebPage\",\"@id\":\"https:\/\/www.sesdergisi.ca\/?p=807#webpage\",\"url\":\"https:\/\/www.sesdergisi.ca\/?p=807\",\"name\":\"Kimsesizli\\u011fin Koylar\\u0131nda - SES MAGAZINE\",\"isPartOf\":{\"@id\":\"https:\/\/www.sesdergisi.ca\/#website\"},\"primaryImageOfPage\":{\"@id\":\"https:\/\/www.sesdergisi.ca\/?p=807#primaryimage\"},\"datePublished\":\"2020-03-09T15:32:52+00:00\",\"dateModified\":\"2020-03-09T17:32:44+00:00\",\"author\":{\"@id\":\"https:\/\/www.sesdergisi.ca\/#\/schema\/person\/3c516e766267a63b4e8d607fa5496f02\"},\"inLanguage\":\"en-US\",\"potentialAction\":[{\"@type\":\"ReadAction\",\"target\":[\"https:\/\/www.sesdergisi.ca\/?p=807\"]}]},{\"@type\":\"Person\",\"@id\":\"https:\/\/www.sesdergisi.ca\/#\/schema\/person\/3c516e766267a63b4e8d607fa5496f02\",\"name\":\"\\u015eerif Ayd\\u0131n\",\"image\":{\"@type\":\"ImageObject\",\"@id\":\"https:\/\/www.sesdergisi.ca\/#personlogo\",\"inLanguage\":\"en-US\",\"url\":\"https:\/\/secure.gravatar.com\/avatar\/2527d3cadd34557e6b4a3479d29c21d4?s=96&d=mm&r=g\",\"caption\":\"\\u015eerif Ayd\\u0131n\"},\"sameAs\":[\"http:\/\/sesdergisi.ca\",\"https:\/\/www.facebook.com\/serifkanada\",\"https:\/\/www.instagram.com\/serifcanada\",\"https:\/\/www.linkedin.com\/in\/serif-aydin-16a0b31a4\",\"https:\/\/twitter.com\/https:\/\/twitter.com\/serifcanada1\"]}]}<\/script>\n<!-- \/ Yoast SEO plugin. -->","_links":{"self":[{"href":"https:\/\/www.sesdergisi.ca\/index.php?rest_route=\/wp\/v2\/posts\/807"}],"collection":[{"href":"https:\/\/www.sesdergisi.ca\/index.php?rest_route=\/wp\/v2\/posts"}],"about":[{"href":"https:\/\/www.sesdergisi.ca\/index.php?rest_route=\/wp\/v2\/types\/post"}],"author":[{"embeddable":true,"href":"https:\/\/www.sesdergisi.ca\/index.php?rest_route=\/wp\/v2\/users\/1"}],"replies":[{"embeddable":true,"href":"https:\/\/www.sesdergisi.ca\/index.php?rest_route=%2Fwp%2Fv2%2Fcomments&post=807"}],"version-history":[{"count":2,"href":"https:\/\/www.sesdergisi.ca\/index.php?rest_route=\/wp\/v2\/posts\/807\/revisions"}],"predecessor-version":[{"id":827,"href":"https:\/\/www.sesdergisi.ca\/index.php?rest_route=\/wp\/v2\/posts\/807\/revisions\/827"}],"wp:featuredmedia":[{"embeddable":true,"href":"https:\/\/www.sesdergisi.ca\/index.php?rest_route=\/wp\/v2\/media\/134"}],"wp:attachment":[{"href":"https:\/\/www.sesdergisi.ca\/index.php?rest_route=%2Fwp%2Fv2%2Fmedia&parent=807"}],"wp:term":[{"taxonomy":"category","embeddable":true,"href":"https:\/\/www.sesdergisi.ca\/index.php?rest_route=%2Fwp%2Fv2%2Fcategories&post=807"},{"taxonomy":"post_tag","embeddable":true,"href":"https:\/\/www.sesdergisi.ca\/index.php?rest_route=%2Fwp%2Fv2%2Ftags&post=807"}],"curies":[{"name":"wp","href":"https:\/\/api.w.org\/{rel}","templated":true}]}}