{"id":801,"date":"2020-03-09T15:22:36","date_gmt":"2020-03-09T15:22:36","guid":{"rendered":"https:\/\/www.sesdergisi.ca\/?p=801"},"modified":"2020-03-09T17:26:58","modified_gmt":"2020-03-09T17:26:58","slug":"orada-bir-ulke-var","status":"publish","type":"post","link":"https:\/\/www.sesdergisi.ca\/?p=801","title":{"rendered":"ORADA B\u0130R \u00dcLKE VAR"},"content":{"rendered":"\n<p><b>Yasemin Tatl\u0131seven<span class=\"Apple-converted-space\">\u00a0<\/span><\/b><\/p>\n<p><b><i>\u201cBir ka\u00e7ak\u00e7\u0131n\u0131n arabas\u0131nday\u0131m. Birka\u00e7 saate kadar, e\u011fer her \u015fey yolunda giderse, \u00fclkemden ayr\u0131lm\u0131\u015f olaca\u011f\u0131m. Do\u011fup b\u00fcy\u00fcd\u00fc\u011f\u00fcm topraklara bir daha gelmek nasip olur mu, Allah bilir!.\u201d<\/i><\/b><\/p>\n<p><span style=\"font-weight: 400;\">\u200b\u200b\u200b\u200b\u200b\u200b\u200b\u200b\u201cOrda bir k\u00f6y var uzakta \u200b\u200b\u200b\u200b\u200b\u200b\u200b\u200b\u200b\u200b<\/span><\/p>\n<p><span style=\"font-weight: 400;\">O k\u00f6y bizim k\u00f6y\u00fcm\u00fczd\u00fcr\u200b\u200b\u200b\u200b\u200b\u200b\u200b\u200b\u200b\u200b<\/span><\/p>\n<p><span style=\"font-weight: 400;\">Gitmesek de g\u00f6rmesek de<\/span><\/p>\n<p><span style=\"font-weight: 400;\">\u200b\u200b\u200b\u200b\u200b\u200b\u200b\u200bO k\u00f6y bizim k\u00f6y\u00fcm\u00fczd\u00fcr.\u201d<\/span><\/p>\n<p><span style=\"font-weight: 400;\">\u00a0<\/span><\/p>\n<p><span style=\"font-weight: 400;\">Sekiz ya da dokuz ya\u015f\u0131nday\u0131m.Yaz tatiline giriyoruz, karneleri ald\u0131k. Hepsi pekiyi\u2026 Her tatil dedemlerde toplan\u0131r\u0131z. Geni\u015f bir aileyiz. Amcamlar, halamlar bir araya gelince epey kalabal\u0131k oluyoruz. K\u00f6y\u00fcm\u00fcz\u00fc \u00e7ok seviyorum.<\/span><\/p>\n<p><span style=\"font-weight: 400;\">Harman zaman\u0131 geldi. Dedem ekinleri bi\u00e7tirecek. K\u00f6yde bir tane bi\u00e7erd\u00f6ver var. S\u0131rayla b\u00fct\u00fcn k\u00f6yl\u00fcn\u00fcn bu\u011fdaylar\u0131n\u0131 o bi\u00e7iyor. Gece k\u00f6y kahvesinde konu\u015fuluyor, ertesi g\u00fcn kimlerin tarlas\u0131n\u0131n bi\u00e7ilece\u011fi\u2026Tabii g\u00fcn yeter, s\u0131ra gelirse! E bir de bi\u00e7erd\u00f6vercinin pe\u015finde ko\u015fmak laz\u0131m\u2026 Acele etmeli. Bir ya\u011fmur bast\u0131r\u0131rsa, b\u00fct\u00fcn mahsul mahvolur.<\/span><\/p>\n<p><span style=\"font-weight: 400;\">Dedem kahveden eve geliyor \u201cYar\u0131n kimler benimle tarlaya gelmek ister?\u201d diye soruyor. Ben ve kuzenlerim atl\u0131yoruz hemen\u2026 Sabah g\u00fcne\u015fin do\u011fmas\u0131yla birlikte hepimiz bah\u00e7ede haz\u0131r, dedemi bekliyoruz. Dedem trakt\u00f6re r\u00f6morku tak\u0131yor ve biz kasaya dolu\u015fuyoruz. \u201cS\u0131k\u0131 tutunun!\u201d deyip h\u0131zlan\u0131yor. Tarlaya do\u011fru yola \u00e7\u0131k\u0131yoruz. Hayat\u0131m\u0131n en e\u011flenceli yolculuklar\u0131d\u0131r o anlar\u2026 Dedem de zaten i\u015f yapal\u0131m diye de\u011fil, s\u0131rf bizimle vakit ge\u00e7irsin diye bizi tarlaya g\u00f6t\u00fcr\u00fcyor. Engebeli yollarda hoplaya z\u0131playa tarlaya var\u0131yoruz. Bu arada Coni bizi takip ediyor. Evet, k\u00f6pe\u011fimizin ad\u0131 Coni. Tek kanall\u0131 devlet televizyonunda izledi\u011fimiz Amerikan filmlerinin etkisinde kalarak bu ismi koymu\u015ftuk. O zamanlar k\u00f6ydeki b\u00fct\u00fcn k\u00f6peklerin ad\u0131 ya Coni ya da Toni\u2019ydi. Ne zaman ki trakt\u00f6r\u00fc durdurup iniyoruz, Coni eve geri d\u00f6n\u00fcyor.<\/span><\/p>\n<p><span style=\"font-weight: 400;\">Bi\u00e7erd\u00f6veri g\u00f6rm\u00fcyoruz ama uzaktan sesini duyuyoruz. \u201cHah i\u015fte!\u201d diyor dedem , \u201cO tarlay\u0131 bi\u00e7sin, s\u0131ra bizimkine gelecek.\u201d. Trakt\u00f6r\u00fc kavak a\u011fa\u00e7lar\u0131n\u0131n g\u00f6lgesine \u00e7ekiyor.Yere bir has\u0131r yay\u0131p \u201cBen az kestireyim, siz de yat\u0131n \u00e7ocuklar.\u201d diyor. D\u00f6rd\u00fcm\u00fcz de yere uzan\u0131p bulutlar\u0131 seyretmeye ba\u015fl\u0131yoruz. Kavak yapraklar\u0131n\u0131n h\u0131\u015f\u0131rt\u0131s\u0131 o kadar g\u00fczel ki dedeme ninni gibi geliyor olmal\u0131\u2026 \u00c7\u00fcnk\u00fc \u00e7oktan horlamaya ba\u015flad\u0131 bile\u2026 Usulca yatt\u0131\u011f\u0131m\u0131z yerden kalk\u0131p kovalamba\u00e7 oynamaya ba\u015fl\u0131yoruz. Kendimizi oyuna \u00f6yle bir kapt\u0131r\u0131yoruz ki saatten haberimiz yok! Dedem uyanm\u0131\u015f tela\u015fla yan\u0131m\u0131za geliyor. \u201cHani nerede bi\u00e7erd\u00f6ver, gelmedi mi hala?\u201d diyor. D\u00f6rd\u00fcm\u00fcz g\u00f6z g\u00f6ze gelip kulaklar\u0131m\u0131z\u0131 kabart\u0131yoruz. \u00c7\u0131t yok. Bi\u00e7erd\u00f6ver \u00e7oktan gitmi\u015f.<\/span><\/p>\n<p><span style=\"font-weight: 400;\">Bu olay\u0131 defaten ya\u015f\u0131yoruz. Ve dedem her seferinde \u201cNeden beni uyand\u0131rmad\u0131n\u0131z \u00e7ocuklar?\u201d diye soruyor. \u0130yi ki uyand\u0131rmam\u0131\u015f\u0131z dede, yoksa b\u00f6yle bir an\u0131m\u0131z olmayacakt\u0131\u2026 Ve her seferinde bo\u015f trakt\u00f6r kasas\u0131yla geri d\u00f6n\u00fcyoruz. Evdekiler \u201cYine mi?\u201d deyip g\u00fcl\u00fc\u015f\u00fcyorlar.<\/span><\/p>\n<p><span style=\"font-weight: 400;\">Sonunda bir g\u00fcn dedem bi\u00e7erd\u00f6verciyi k\u00f6\u015feye s\u0131k\u0131\u015ft\u0131r\u0131yor. Bizim tarla bi\u00e7iliyor. Kasa bu\u011fday dolu. \u201cAllah bereketini versin.\u201d diyor dedem. D\u00f6rd\u00fcm\u00fcz ekin y\u0131\u011f\u0131nlar\u0131n\u0131n \u00fczerine \u00e7\u0131k\u0131p oturuyoruz. Zafer kazanm\u0131\u015f edas\u0131yla k\u00f6ye \u00f6yle bir giri\u015fimiz var ki sormay\u0131n gitsin. Coni bizi yolda kar\u015f\u0131l\u0131yor, o da \u00e7ok mutlu\u2026 Eme\u011finin kar\u015f\u0131l\u0131\u011f\u0131n\u0131 ald\u0131\u011f\u0131 i\u00e7in, torun tombalak bir arada oldu\u011fumuz i\u00e7in dedem de \u00e7ok mutlu\u2026 Hepimiz mutluyuz.<\/span><\/p>\n<p><span style=\"font-weight: 400;\">Yan\u0131mdaki arkada\u015f\u0131m\u0131n \u201cSu ister misin?\u201d sorusuyla dald\u0131\u011f\u0131m h\u00fclyalardan uyand\u0131m. Bir ka\u00e7ak\u00e7\u0131n\u0131n arabas\u0131nday\u0131m. Birka\u00e7 saate kadar, e\u011fer her \u015fey yolunda giderse, \u00fclkemden ayr\u0131lm\u0131\u015f olaca\u011f\u0131m. Do\u011fup b\u00fcy\u00fcd\u00fc\u011f\u00fcm topraklara bir daha gelmek nasip olur mu, Allah bilir!.. \u015eu an son kez k\u00f6y\u00fcm\u00fcn yan\u0131ndan ge\u00e7iyoruz. Dedemle g\u00f6lgesinde uyudu\u011fumuz kavaklar\u0131 uzaktan g\u00f6rebiliyorum. Dedelerimin g\u00f6\u00e7menli\u011fi geliyor akl\u0131ma\u2026 Do\u011fup b\u00fcy\u00fcd\u00fckleri topraklar\u0131 b\u0131rak\u0131p yeni bir \u00fclkede hayata tutunu\u015flar\u0131n\u0131 d\u00fc\u015f\u00fcn\u00fcyorum. Yeniden k\u00f6k sal\u0131\u015flar\u0131n\u0131, dallan\u0131p budaklanmalar\u0131n\u0131, yapayaln\u0131z geldikleri bu co\u011frafyada torun torba \u00e7o\u011falmalar\u0131n\u0131, s\u0131f\u0131rdan varolu\u015flar\u0131n\u0131 gururla an\u0131ms\u0131yorum. T\u00fcm bunlar bana g\u00fc\u00e7 veriyor.<\/span><\/p>\n<p><span style=\"font-weight: 400;\">\u200bNinemin g\u00f6\u00e7 ettikleri geceyi anlat\u0131\u015f\u0131n\u0131 hat\u0131rl\u0131yorum. Yedi ya\u015f\u0131ndaym\u0131\u015f g\u00f6\u00e7\u00fcp geldiklerinde\u2026 Do\u011fup b\u00fcy\u00fcd\u00fc\u011f\u00fc evi, akl\u0131nda kald\u0131\u011f\u0131 kadar\u0131yla k\u00f6y\u00fcn\u00fc tarif ederdi. Yemye\u015fil bir k\u00f6ym\u00fc\u015f, evleri iki katl\u0131ym\u0131\u015f. \u201c\u00d6ylece b\u0131rakt\u0131k gevura\u2026\u201d deyip g\u00f6zleri bu\u011fulan\u0131rd\u0131. Okula gidermi\u015f orada, Bulgarca ona kadar sayard\u0131. Pe\u00e7ka \u00e7\u0131t\u0131r \u00e7\u0131t\u0131r yanarken, ninemin \u00e7ak\u0131r g\u00f6zlerine kilitlenir \u201cBir daha say nine!\u201d deyip g\u00fcya<\/span> <span style=\"font-weight: 400;\">Bulgarca saymay\u0131 \u00f6\u011frenmeye \u00e7al\u0131\u015f\u0131rd\u0131k.Yuri ve Maria adl\u0131 iki arkada\u015f\u0131n\u0131 hi\u00e7 unutamazd\u0131. Belli ki onlarla g\u00fczel bir \u00e7ocukluk ya\u015fam\u0131\u015ft\u0131. \u201cOnlar\u0131n bayramlar\u0131 olurdu, bize boyal\u0131 yumurta getirirlerdi, biz de kandillerde onlara peksimet g\u00f6t\u00fcr\u00fcrd\u00fck.\u201d diye ilave ederdi.\u00a0<\/span><\/p>\n<p><span style=\"font-weight: 400;\">Bir gece annesi yorgan\u0131 d\u00f6\u015fe\u011fi toplay\u0131p denk yapm\u0131\u015f. Bir boh\u00e7aya da birka\u00e7 par\u00e7a az\u0131k koymu\u015flar. Babas\u0131 bir \u00e7ift \u00f6k\u00fcz\u00fc arabaya ko\u015fmu\u015f. Bildi\u011fi i\u015f \u00e7ift\u00e7ilik, \u00f6k\u00fczlerimi g\u00f6t\u00fcr\u00fcrsem ekip bi\u00e7erim, a\u00e7 kalmay\u0131z diye d\u00fc\u015f\u00fcnm\u00fc\u015f olmal\u0131. \u00d6k\u00fcz arabas\u0131na annesi ve \u00fc\u00e7 karde\u015fiyle birlikte binmi\u015f ninem. Babas\u0131 \u00f6k\u00fczleri Edirne\u2019ye do\u011fru ko\u015fmu\u015f. S\u0131n\u0131ra tam yakla\u015ft\u0131klar\u0131 s\u0131rada Bulgar askerleri onlar\u0131 durdurmu\u015f. \u201c\u00d6k\u00fczler bizimdir, g\u00f6t\u00fcremezsiniz!\u201d demi\u015fler. Koca dedem mecbur\u00a0 \u00e7oluk \u00e7ocu\u011fu indirmi\u015f arabadan\u2026 \u201c\u00d6k\u00fczlerin g\u00f6zlerinden a\u011flayarak \u00f6pt\u00fc\u2026\u201d diye anlat\u0131rd\u0131 ninem.. Sevip ok\u015fam\u0131\u015f hayvanlar\u0131n\u0131 ve b\u0131rakm\u0131\u015f orac\u0131kta\u2026 \u201cTek varl\u0131\u011f\u0131m\u0131z\u0131 da orada b\u0131rak\u0131p arkam\u0131za bakmadan saatlerce y\u00fcr\u00fcd\u00fck.\u201d derdi.<\/span><\/p>\n<p><span style=\"font-weight: 400;\">Ninemin s\u00f6zleri \u00e7\u0131nl\u0131yor kulaklar\u0131mda:<\/span><\/p>\n<p><span style=\"font-weight: 400;\">\u201cBiz yamal\u0131 gezdik k\u0131z\u0131m, ama utanmad\u0131k. \u00c7al\u0131\u015ft\u0131k, \u00e7ok \u00e7al\u0131\u015ft\u0131k. Ekme\u011fimizi kazand\u0131k \u00e7ok \u015f\u00fck\u00fcr, kimseye muhta\u00e7 olmad\u0131k. \u00c7al\u0131\u015fan kazan\u0131r k\u0131z\u0131m, \u00e7al\u0131\u015fan kazan\u0131r. Yamal\u0131 bir boh\u00e7ayla geldik s\u0131rt\u0131m\u0131zda\u2026Ah\u0131rdan bozma bir odada ge\u00e7irdik koca bir k\u0131\u015f\u0131, ama y\u0131lmad\u0131k k\u0131z\u0131m. Evimizi, oca\u011f\u0131m\u0131z\u0131, kurulu d\u00fczenimizi, sevdiklerimizi b\u0131rak\u0131p da geldik. Ama bak yine tutunduk Allah\u2019\u0131n izniyle, filizlendik, meyveye durduk, k\u00f6k sald\u0131k. Allah ne dilerse o olur k\u0131z\u0131m, sen \u00e7al\u0131\u015f Allah\u2019a tevekk\u00fcl et. Rabbim elbet \u00e7al\u0131\u015ft\u0131\u011f\u0131n\u0131n kar\u015f\u0131l\u0131\u011f\u0131n\u0131 verecektir.Yeter ki y\u0131lma, vazge\u00e7me, devam et k\u0131z\u0131m!\u201d<\/span><\/p>\n<p><span style=\"font-weight: 400;\">Bir ka\u00e7ak\u00e7\u0131n\u0131n arabas\u0131nday\u0131m. E\u011fer her \u015fey yolunda giderse birka\u00e7 saate kadar \u00fclkemden ayr\u0131lm\u0131\u015f olaca\u011f\u0131m. G\u00f6\u00e7 etmi\u015f bir milletin evlad\u0131y\u0131m. G\u00f6\u00e7erek ya\u015fam\u0131\u015f insanlar co\u011frafyas\u0131nday\u0131m. Rabbimin bize sundu\u011fu kainat \u00fczerinde, kendime bir yurt ar\u0131yorum. E\u011fer her \u015fey yolunda giderse elbet ba\u015f\u0131m\u0131 sokacak bir \u00e7at\u0131 bulaca\u011f\u0131m.<\/span><\/p>\n<p><span style=\"font-weight: 400;\">Bir Fatiha okuyup gittik\u00e7e g\u00f6zden kaybolan mezarl\u0131\u011fa do\u011fru \u00fcfl\u00fcyorum. Dedelerime, ninelerime ve k\u00f6y\u00fcme g\u00fcl\u00fcmseyerek el sall\u0131yor, ba\u015fka bir \u00fclkeye do\u011fru yeni ba\u015flang\u0131\u00e7lara yelken a\u00e7\u0131yorum.<\/span><\/p>\n<p><br \/><br \/><\/p>\n","protected":false},"excerpt":{"rendered":"<p>Yasemin Tatl\u0131seven\u00a0 \u201cBir ka\u00e7ak\u00e7\u0131n\u0131n arabas\u0131nday\u0131m. Birka\u00e7 saate kadar, e\u011fer her \u015fey yolunda giderse, \u00fclkemden ayr\u0131lm\u0131\u015f olaca\u011f\u0131m. Do\u011fup b\u00fcy\u00fcd\u00fc\u011f\u00fcm<\/p>\n","protected":false},"author":1,"featured_media":530,"comment_status":"open","ping_status":"open","sticky":false,"template":"","format":"standard","meta":[],"categories":[4],"tags":[],"yoast_head":"<!-- This site is optimized with the Yoast SEO plugin v15.5 - https:\/\/yoast.com\/wordpress\/plugins\/seo\/ -->\n<title>ORADA B\u0130R \u00dcLKE VAR - SES MAGAZINE<\/title>\n<meta name=\"robots\" content=\"index, follow, max-snippet:-1, max-image-preview:large, max-video-preview:-1\" \/>\n<link rel=\"canonical\" href=\"https:\/\/www.sesdergisi.ca\/?p=801\" \/>\n<meta property=\"og:locale\" content=\"en_US\" \/>\n<meta property=\"og:type\" content=\"article\" \/>\n<meta property=\"og:title\" content=\"ORADA B\u0130R \u00dcLKE VAR - SES MAGAZINE\" \/>\n<meta property=\"og:description\" content=\"Yasemin Tatl\u0131seven\u00a0 \u201cBir ka\u00e7ak\u00e7\u0131n\u0131n arabas\u0131nday\u0131m. Birka\u00e7 saate kadar, e\u011fer her \u015fey yolunda giderse, \u00fclkemden ayr\u0131lm\u0131\u015f olaca\u011f\u0131m. Do\u011fup b\u00fcy\u00fcd\u00fc\u011f\u00fcm\" \/>\n<meta property=\"og:url\" content=\"https:\/\/www.sesdergisi.ca\/?p=801\" \/>\n<meta property=\"og:site_name\" content=\"SES MAGAZINE\" \/>\n<meta property=\"article:author\" content=\"https:\/\/www.facebook.com\/serifkanada\" \/>\n<meta property=\"article:published_time\" content=\"2020-03-09T15:22:36+00:00\" \/>\n<meta property=\"article:modified_time\" content=\"2020-03-09T17:26:58+00:00\" \/>\n<meta property=\"og:image\" content=\"https:\/\/www.sesdergisi.ca\/wp-content\/uploads\/2020\/02\/Canva-sun-rays-coming-from-behind-tree-scaled.jpg\" \/>\n\t<meta property=\"og:image:width\" content=\"2560\" \/>\n\t<meta property=\"og:image:height\" content=\"1440\" \/>\n<meta name=\"twitter:card\" content=\"summary_large_image\" \/>\n<meta name=\"twitter:image\" content=\"https:\/\/www.sesdergisi.ca\/wp-content\/uploads\/2020\/02\/Canva-sun-rays-coming-from-behind-tree-scaled.jpg\" \/>\n<meta name=\"twitter:creator\" content=\"@https:\/\/twitter.com\/serifcanada1\" \/>\n<meta name=\"twitter:label1\" content=\"Est. reading time\">\n\t<meta name=\"twitter:data1\" content=\"5 minutes\">\n<script type=\"application\/ld+json\" class=\"yoast-schema-graph\">{\"@context\":\"https:\/\/schema.org\",\"@graph\":[{\"@type\":\"WebSite\",\"@id\":\"https:\/\/www.sesdergisi.ca\/#website\",\"url\":\"https:\/\/www.sesdergisi.ca\/\",\"name\":\"SES MAGAZINE\",\"description\":\"Literature \\u00b7 Analysis \\u00b7 Thought\",\"potentialAction\":[{\"@type\":\"SearchAction\",\"target\":\"https:\/\/www.sesdergisi.ca\/?s={search_term_string}\",\"query-input\":\"required name=search_term_string\"}],\"inLanguage\":\"en-US\"},{\"@type\":\"ImageObject\",\"@id\":\"https:\/\/www.sesdergisi.ca\/?p=801#primaryimage\",\"inLanguage\":\"en-US\",\"url\":\"https:\/\/www.sesdergisi.ca\/wp-content\/uploads\/2020\/02\/Canva-sun-rays-coming-from-behind-tree-scaled.jpg\",\"width\":2560,\"height\":1440,\"caption\":\"Sun rays coming from behind tree in a Dutch moorland\"},{\"@type\":\"WebPage\",\"@id\":\"https:\/\/www.sesdergisi.ca\/?p=801#webpage\",\"url\":\"https:\/\/www.sesdergisi.ca\/?p=801\",\"name\":\"ORADA B\\u0130R \\u00dcLKE VAR - SES MAGAZINE\",\"isPartOf\":{\"@id\":\"https:\/\/www.sesdergisi.ca\/#website\"},\"primaryImageOfPage\":{\"@id\":\"https:\/\/www.sesdergisi.ca\/?p=801#primaryimage\"},\"datePublished\":\"2020-03-09T15:22:36+00:00\",\"dateModified\":\"2020-03-09T17:26:58+00:00\",\"author\":{\"@id\":\"https:\/\/www.sesdergisi.ca\/#\/schema\/person\/3c516e766267a63b4e8d607fa5496f02\"},\"inLanguage\":\"en-US\",\"potentialAction\":[{\"@type\":\"ReadAction\",\"target\":[\"https:\/\/www.sesdergisi.ca\/?p=801\"]}]},{\"@type\":\"Person\",\"@id\":\"https:\/\/www.sesdergisi.ca\/#\/schema\/person\/3c516e766267a63b4e8d607fa5496f02\",\"name\":\"\\u015eerif Ayd\\u0131n\",\"image\":{\"@type\":\"ImageObject\",\"@id\":\"https:\/\/www.sesdergisi.ca\/#personlogo\",\"inLanguage\":\"en-US\",\"url\":\"https:\/\/secure.gravatar.com\/avatar\/2527d3cadd34557e6b4a3479d29c21d4?s=96&d=mm&r=g\",\"caption\":\"\\u015eerif Ayd\\u0131n\"},\"sameAs\":[\"http:\/\/sesdergisi.ca\",\"https:\/\/www.facebook.com\/serifkanada\",\"https:\/\/www.instagram.com\/serifcanada\",\"https:\/\/www.linkedin.com\/in\/serif-aydin-16a0b31a4\",\"https:\/\/twitter.com\/https:\/\/twitter.com\/serifcanada1\"]}]}<\/script>\n<!-- \/ Yoast SEO plugin. -->","_links":{"self":[{"href":"https:\/\/www.sesdergisi.ca\/index.php?rest_route=\/wp\/v2\/posts\/801"}],"collection":[{"href":"https:\/\/www.sesdergisi.ca\/index.php?rest_route=\/wp\/v2\/posts"}],"about":[{"href":"https:\/\/www.sesdergisi.ca\/index.php?rest_route=\/wp\/v2\/types\/post"}],"author":[{"embeddable":true,"href":"https:\/\/www.sesdergisi.ca\/index.php?rest_route=\/wp\/v2\/users\/1"}],"replies":[{"embeddable":true,"href":"https:\/\/www.sesdergisi.ca\/index.php?rest_route=%2Fwp%2Fv2%2Fcomments&post=801"}],"version-history":[{"count":2,"href":"https:\/\/www.sesdergisi.ca\/index.php?rest_route=\/wp\/v2\/posts\/801\/revisions"}],"predecessor-version":[{"id":823,"href":"https:\/\/www.sesdergisi.ca\/index.php?rest_route=\/wp\/v2\/posts\/801\/revisions\/823"}],"wp:featuredmedia":[{"embeddable":true,"href":"https:\/\/www.sesdergisi.ca\/index.php?rest_route=\/wp\/v2\/media\/530"}],"wp:attachment":[{"href":"https:\/\/www.sesdergisi.ca\/index.php?rest_route=%2Fwp%2Fv2%2Fmedia&parent=801"}],"wp:term":[{"taxonomy":"category","embeddable":true,"href":"https:\/\/www.sesdergisi.ca\/index.php?rest_route=%2Fwp%2Fv2%2Fcategories&post=801"},{"taxonomy":"post_tag","embeddable":true,"href":"https:\/\/www.sesdergisi.ca\/index.php?rest_route=%2Fwp%2Fv2%2Ftags&post=801"}],"curies":[{"name":"wp","href":"https:\/\/api.w.org\/{rel}","templated":true}]}}