{"id":799,"date":"2020-03-09T15:19:03","date_gmt":"2020-03-09T15:19:03","guid":{"rendered":"https:\/\/www.sesdergisi.ca\/?p=799"},"modified":"2020-03-09T17:24:23","modified_gmt":"2020-03-09T17:24:23","slug":"yazarlar-ve-yazanlar","status":"publish","type":"post","link":"https:\/\/www.sesdergisi.ca\/?p=799","title":{"rendered":"YAZAR\u2019LAR VE YAZAN\u2019LAR"},"content":{"rendered":"\n<p><b>RAB\u0130A<\/b><\/p>\n<p><span style=\"font-weight: 400;\">Zaman yakla\u015ft\u0131k\u00e7a her g\u00fcn yazas\u0131m geliyor. \u201cNeye yakla\u015ft\u0131k\u00e7a?\u201d derseniz&#8230; Herkesin kendinden bir \u015feylerine\u2026 Kimisi i\u00e7in \u00f6l\u00fcme, kimi i\u00e7in yeni bir do\u011fuma, belki yeni bir a\u015fka, belki ayr\u0131l\u0131\u011fa, belki de insan\u0131n kendinde \u00e7\u0131kt\u0131\u011f\u0131 benlik yolculu\u011funa\u2026 Ben yazanlar\u0131n kalemlerinin ucunda, kelimelerin topla\u015f\u0131p beklediklerine inan\u0131yorum. \u201cAh biri gelse de ka\u011f\u0131da bizi teker teker yerle\u015ftirse.\u201d dedi\u011fini duyuyorum. \u201cAma ince ince, tane tane, naif\u00e7e s\u0131raya dizse.\u201d dediklerini duyuyorum. Na\u00e7izane, kim \u201cyazar\u201dsa ve kim \u201cyazan\u201dsa, zamandan ziyade kelimelerin ona yol g\u00f6sterdi\u011fine inan\u0131yorum. Kalemin ve ka\u011f\u0131d\u0131n en b\u00fcy\u00fck destek\u00e7isi oldu\u011funa \u015fahit oluyorum. Bir ba\u015flad\u0131n m\u0131, gerisinin \u00e7orap s\u00f6k\u00fc\u011f\u00fc misali ak\u0131p gitti\u011fini g\u00f6r\u00fcyorum. O y\u00fczden yazarlar\u0131 ve yazanlar\u0131 sevgi ve sayg\u0131n\u0131n yan\u0131nda kelimelerimle kucakl\u0131yorum. Onlar topluma eser b\u0131rakmaktan ziyade, toplumsal ruhun olu\u015fmas\u0131nda sihirli bir g\u00fcce sahip gibiler. Her insan\u0131n duygusu ve hissi oluyor da, herkes onu ifade edemiyor. Bu y\u00fczden \u201cyazar\u201dlara ve \u201cyazan\u201dlara var olan ihtiya\u00e7 da hi\u00e7 bitmiyor. Bir paragraf, bir c\u00fcmle ve bir kelime ile t\u00fcm insanl\u0131\u011f\u0131n kalbine dokunuyorlar&#8230; Ve dokunduklar\u0131 her \u015feyi de g\u00fczelle\u015ftiriyorlar&#8230;\u00a0<\/span><\/p>\n<p><br \/><br \/><br \/><\/p>\n","protected":false},"excerpt":{"rendered":"<p>RAB\u0130A Zaman yakla\u015ft\u0131k\u00e7a her g\u00fcn yazas\u0131m geliyor. \u201cNeye yakla\u015ft\u0131k\u00e7a?\u201d derseniz&#8230; Herkesin kendinden bir \u015feylerine\u2026 Kimisi i\u00e7in \u00f6l\u00fcme, kimi<\/p>\n","protected":false},"author":1,"featured_media":618,"comment_status":"open","ping_status":"open","sticky":false,"template":"","format":"standard","meta":[],"categories":[2],"tags":[],"yoast_head":"<!-- This site is optimized with the Yoast SEO plugin v15.5 - https:\/\/yoast.com\/wordpress\/plugins\/seo\/ -->\n<title>YAZAR\u2019LAR VE YAZAN\u2019LAR - SES MAGAZINE<\/title>\n<meta name=\"robots\" content=\"index, follow, max-snippet:-1, max-image-preview:large, max-video-preview:-1\" \/>\n<link rel=\"canonical\" href=\"https:\/\/www.sesdergisi.ca\/?p=799\" \/>\n<meta property=\"og:locale\" content=\"en_US\" \/>\n<meta property=\"og:type\" content=\"article\" \/>\n<meta property=\"og:title\" content=\"YAZAR\u2019LAR VE YAZAN\u2019LAR - SES MAGAZINE\" \/>\n<meta property=\"og:description\" content=\"RAB\u0130A Zaman yakla\u015ft\u0131k\u00e7a her g\u00fcn yazas\u0131m geliyor. \u201cNeye yakla\u015ft\u0131k\u00e7a?\u201d derseniz&#8230; Herkesin kendinden bir \u015feylerine\u2026 Kimisi i\u00e7in \u00f6l\u00fcme, kimi\" \/>\n<meta property=\"og:url\" content=\"https:\/\/www.sesdergisi.ca\/?p=799\" \/>\n<meta property=\"og:site_name\" content=\"SES MAGAZINE\" \/>\n<meta property=\"article:author\" content=\"https:\/\/www.facebook.com\/serifkanada\" \/>\n<meta property=\"article:published_time\" content=\"2020-03-09T15:19:03+00:00\" \/>\n<meta property=\"article:modified_time\" content=\"2020-03-09T17:24:23+00:00\" \/>\n<meta property=\"og:image\" content=\"https:\/\/www.sesdergisi.ca\/wp-content\/uploads\/2020\/02\/Canva-Crystal-Heart-Mirror-Ornament.jpg\" \/>\n\t<meta property=\"og:image:width\" content=\"593\" \/>\n\t<meta property=\"og:image:height\" content=\"400\" \/>\n<meta name=\"twitter:card\" content=\"summary_large_image\" \/>\n<meta name=\"twitter:image\" content=\"https:\/\/www.sesdergisi.ca\/wp-content\/uploads\/2020\/02\/Canva-Crystal-Heart-Mirror-Ornament.jpg\" \/>\n<meta name=\"twitter:creator\" content=\"@https:\/\/twitter.com\/serifcanada1\" \/>\n<meta name=\"twitter:label1\" content=\"Est. reading time\">\n\t<meta name=\"twitter:data1\" content=\"1 minute\">\n<script type=\"application\/ld+json\" class=\"yoast-schema-graph\">{\"@context\":\"https:\/\/schema.org\",\"@graph\":[{\"@type\":\"WebSite\",\"@id\":\"https:\/\/www.sesdergisi.ca\/#website\",\"url\":\"https:\/\/www.sesdergisi.ca\/\",\"name\":\"SES MAGAZINE\",\"description\":\"Literature \\u00b7 Analysis \\u00b7 Thought\",\"potentialAction\":[{\"@type\":\"SearchAction\",\"target\":\"https:\/\/www.sesdergisi.ca\/?s={search_term_string}\",\"query-input\":\"required name=search_term_string\"}],\"inLanguage\":\"en-US\"},{\"@type\":\"ImageObject\",\"@id\":\"https:\/\/www.sesdergisi.ca\/?p=799#primaryimage\",\"inLanguage\":\"en-US\",\"url\":\"https:\/\/www.sesdergisi.ca\/wp-content\/uploads\/2020\/02\/Canva-Crystal-Heart-Mirror-Ornament.jpg\",\"width\":593,\"height\":400},{\"@type\":\"WebPage\",\"@id\":\"https:\/\/www.sesdergisi.ca\/?p=799#webpage\",\"url\":\"https:\/\/www.sesdergisi.ca\/?p=799\",\"name\":\"YAZAR\\u2019LAR VE YAZAN\\u2019LAR - SES MAGAZINE\",\"isPartOf\":{\"@id\":\"https:\/\/www.sesdergisi.ca\/#website\"},\"primaryImageOfPage\":{\"@id\":\"https:\/\/www.sesdergisi.ca\/?p=799#primaryimage\"},\"datePublished\":\"2020-03-09T15:19:03+00:00\",\"dateModified\":\"2020-03-09T17:24:23+00:00\",\"author\":{\"@id\":\"https:\/\/www.sesdergisi.ca\/#\/schema\/person\/3c516e766267a63b4e8d607fa5496f02\"},\"inLanguage\":\"en-US\",\"potentialAction\":[{\"@type\":\"ReadAction\",\"target\":[\"https:\/\/www.sesdergisi.ca\/?p=799\"]}]},{\"@type\":\"Person\",\"@id\":\"https:\/\/www.sesdergisi.ca\/#\/schema\/person\/3c516e766267a63b4e8d607fa5496f02\",\"name\":\"\\u015eerif Ayd\\u0131n\",\"image\":{\"@type\":\"ImageObject\",\"@id\":\"https:\/\/www.sesdergisi.ca\/#personlogo\",\"inLanguage\":\"en-US\",\"url\":\"https:\/\/secure.gravatar.com\/avatar\/2527d3cadd34557e6b4a3479d29c21d4?s=96&d=mm&r=g\",\"caption\":\"\\u015eerif Ayd\\u0131n\"},\"sameAs\":[\"http:\/\/sesdergisi.ca\",\"https:\/\/www.facebook.com\/serifkanada\",\"https:\/\/www.instagram.com\/serifcanada\",\"https:\/\/www.linkedin.com\/in\/serif-aydin-16a0b31a4\",\"https:\/\/twitter.com\/https:\/\/twitter.com\/serifcanada1\"]}]}<\/script>\n<!-- \/ Yoast SEO plugin. -->","_links":{"self":[{"href":"https:\/\/www.sesdergisi.ca\/index.php?rest_route=\/wp\/v2\/posts\/799"}],"collection":[{"href":"https:\/\/www.sesdergisi.ca\/index.php?rest_route=\/wp\/v2\/posts"}],"about":[{"href":"https:\/\/www.sesdergisi.ca\/index.php?rest_route=\/wp\/v2\/types\/post"}],"author":[{"embeddable":true,"href":"https:\/\/www.sesdergisi.ca\/index.php?rest_route=\/wp\/v2\/users\/1"}],"replies":[{"embeddable":true,"href":"https:\/\/www.sesdergisi.ca\/index.php?rest_route=%2Fwp%2Fv2%2Fcomments&post=799"}],"version-history":[{"count":2,"href":"https:\/\/www.sesdergisi.ca\/index.php?rest_route=\/wp\/v2\/posts\/799\/revisions"}],"predecessor-version":[{"id":821,"href":"https:\/\/www.sesdergisi.ca\/index.php?rest_route=\/wp\/v2\/posts\/799\/revisions\/821"}],"wp:featuredmedia":[{"embeddable":true,"href":"https:\/\/www.sesdergisi.ca\/index.php?rest_route=\/wp\/v2\/media\/618"}],"wp:attachment":[{"href":"https:\/\/www.sesdergisi.ca\/index.php?rest_route=%2Fwp%2Fv2%2Fmedia&parent=799"}],"wp:term":[{"taxonomy":"category","embeddable":true,"href":"https:\/\/www.sesdergisi.ca\/index.php?rest_route=%2Fwp%2Fv2%2Fcategories&post=799"},{"taxonomy":"post_tag","embeddable":true,"href":"https:\/\/www.sesdergisi.ca\/index.php?rest_route=%2Fwp%2Fv2%2Ftags&post=799"}],"curies":[{"name":"wp","href":"https:\/\/api.w.org\/{rel}","templated":true}]}}