{"id":746,"date":"2020-03-07T13:14:45","date_gmt":"2020-03-07T13:14:45","guid":{"rendered":"https:\/\/www.sesdergisi.ca\/?p=746"},"modified":"2020-03-09T15:53:57","modified_gmt":"2020-03-09T15:53:57","slug":"agir-kanat","status":"publish","type":"post","link":"https:\/\/www.sesdergisi.ca\/?p=746","title":{"rendered":"A\u011f\u0131r Kanat"},"content":{"rendered":"\n<h4 class=\"has-text-align-right\">Medine Y\u0131ld\u0131z<\/h4>\n\n\n\n<p><span style=\"font-weight: 400;\">Karanl\u0131k bundan sonra yar\u0131na kalmayan ayd\u0131nl\u0131k&#8230;<\/span><\/p>\n<p><span style=\"font-weight: 400;\">Ve uykuya uyumu\u015f adanm\u0131\u015f koskoca hayat &#8230;<\/span><\/p>\n<p><span style=\"font-weight: 400;\">R\u00fcyaya inand\u0131 kalp ki hakikate yak\u0131nd\u0131 &#8230;<\/span><\/p>\n<p><span style=\"font-weight: 400;\">Kelebe\u011fin yanmaz t\u00fckenmez kanatlar\u0131 &#8230;<\/span><\/p>\n<p><span style=\"font-weight: 400;\">\u00d6m\u00fcr yetmez san\u0131r haftalara s\u0131\u011fmaz belki &#8230;<\/span><\/p>\n<p><span style=\"font-weight: 400;\">Ya\u015flanm\u0131\u015f g\u00fcvercinlere emanet eder hayat\u0131n\u0131 &#8230;<\/span><\/p>\n<p><span style=\"font-weight: 400;\">Bir o bilir sevday\u0131 bir de o k\u0131sa \u00f6mre verdi\u011fi manevi y\u0131llar\u0131 &#8230;<\/span><\/p>\n<p><span style=\"font-weight: 400;\">A\u011f\u0131r ya da kocaman gelir kanatlar\u0131 bedenine &#8230;<\/span><\/p>\n<p><span style=\"font-weight: 400;\">D\u00fcnyay\u0131 dola\u015f\u0131r ister Asya\u2019y\u0131, ister Afrika\u2019y\u0131 &#8230;<\/span><\/p>\n<p><span style=\"font-weight: 400;\">Nereye gitti\u011fini bilmez ama gider yurdunu yuvas\u0131n\u0131 b\u0131rak\u0131p &#8230;<\/span><\/p>\n<p><span style=\"font-weight: 400;\">Bir r\u00fczg\u00e2r selam verir bir de onu seven insanlar\u0131&#8230;<\/span><\/p>\n<p><span style=\"font-weight: 400;\">Neydi g\u00f6zlerini kapatan fikre, birle\u015fen ve e\u011filen ba\u015f\u0131 &#8230;<\/span><\/p>\n<p><span style=\"font-weight: 400;\">Kar\u0131ncalanan bedende uyu\u015fmu\u015f y\u00fczy\u0131llar\u0131n sanc\u0131s\u0131&#8230;<\/span><\/p>\n<p><span style=\"font-weight: 400;\">Vakit varm\u0131yd\u0131 ki dura\u011fa su i\u00e7mek i\u00e7in inecek takati &#8230;<\/span><\/p>\n<p><span style=\"font-weight: 400;\">Yorulmu\u015f kozaya d\u00f6necek saniyeler ki heyhat geride kald\u0131 &#8230;<\/span><\/p>\n<p><span style=\"font-weight: 400;\">A\u011flamak m\u0131 ?<\/span><\/p>\n<p><span style=\"font-weight: 400;\">Her gece anlatt\u0131\u011f\u0131 g\u00f6ky\u00fcz\u00fcnde y\u0131ld\u0131zlar \u00f6mr\u00fcne bakakald\u0131 &#8230;<\/span><\/p>\n<p><span style=\"font-weight: 400;\">A\u011f\u0131rd\u0131 kanatlar\u0131 &#8230;<\/span><\/p>\n<p><span style=\"font-weight: 400;\">Sevda a\u011f\u0131r &#8230;.<\/span><\/p>\n<p><span style=\"font-weight: 400;\">D\u00f6nen a\u011f\u0131r &#8230;<\/span><\/p>\n<p><span style=\"font-weight: 400;\">\u00d6m\u00fcr a\u011f\u0131r &#8230;.<\/span><\/p>\n<p><span style=\"font-weight: 400;\">Yaln\u0131zl\u0131k a\u011f\u0131rd\u0131 kanatlara bavul misali&#8230;<\/span><\/p>\n<p><span style=\"font-weight: 400;\">Anlatmal\u0131yd\u0131 hikaye masal olmadan&#8230;<\/span><\/p>\n<p><span style=\"font-weight: 400;\">Cesaretini kaybeden \u00fcrkek bir ku\u015f ve onu kanatlar\u0131yla sorgulayan hayat&#8230;<\/span><\/p>\n<p><span style=\"font-weight: 400;\">Bilmem ki nereye konsa y\u00fcr\u00fcyen beden &#8230;.<\/span><\/p>\n<p><span style=\"font-weight: 400;\">Nereye \u00e7evirse, nereye dolsa bak\u0131\u015flar\u0131 farkl\u0131 &#8230;.<\/span><\/p>\n<p><span style=\"font-weight: 400;\">Kalem ayr\u0131 karalad\u0131 tarihi, sayfalar ayr\u0131&#8230;<\/span><\/p>\n<p><span style=\"font-weight: 400;\">Unutulmaz ummanlara s\u0131\u011fd\u0131, toprak saklad\u0131 belki de onlar\u0131&#8230;<\/span><\/p>\n<p><span style=\"font-weight: 400;\">\u00d6yle bir susam\u0131\u015f ki g\u00f6zleri kanl\u0131 kanl\u0131 akan g\u00f6kku\u015fa\u011f\u0131&#8230;<\/span><\/p>\n<p><span style=\"font-weight: 400;\">\u0130mana bir kurtulu\u015f yak\u0131\u015fm\u0131\u015f ki, secdede t\u00f6vbe g\u00f6zya\u015flar\u0131 &#8230;.<\/span><\/p>\n<p><br \/><br \/><\/p>\n","protected":false},"excerpt":{"rendered":"<p>Medine Y\u0131ld\u0131z Karanl\u0131k bundan sonra yar\u0131na kalmayan ayd\u0131nl\u0131k&#8230; Ve uykuya uyumu\u015f adanm\u0131\u015f koskoca hayat &#8230; R\u00fcyaya inand\u0131 kalp<\/p>\n","protected":false},"author":1,"featured_media":747,"comment_status":"open","ping_status":"open","sticky":false,"template":"","format":"standard","meta":[],"categories":[3],"tags":[],"yoast_head":"<!-- This site is optimized with the Yoast SEO plugin v15.5 - https:\/\/yoast.com\/wordpress\/plugins\/seo\/ -->\n<title>A\u011f\u0131r Kanat - SES MAGAZINE<\/title>\n<meta name=\"robots\" content=\"index, follow, max-snippet:-1, max-image-preview:large, max-video-preview:-1\" \/>\n<link rel=\"canonical\" href=\"https:\/\/www.sesdergisi.ca\/?p=746\" \/>\n<meta property=\"og:locale\" content=\"en_US\" \/>\n<meta property=\"og:type\" content=\"article\" \/>\n<meta property=\"og:title\" content=\"A\u011f\u0131r Kanat - SES MAGAZINE\" \/>\n<meta property=\"og:description\" content=\"Medine Y\u0131ld\u0131z Karanl\u0131k bundan sonra yar\u0131na kalmayan ayd\u0131nl\u0131k&#8230; Ve uykuya uyumu\u015f adanm\u0131\u015f koskoca hayat &#8230; R\u00fcyaya inand\u0131 kalp\" \/>\n<meta property=\"og:url\" content=\"https:\/\/www.sesdergisi.ca\/?p=746\" \/>\n<meta property=\"og:site_name\" content=\"SES MAGAZINE\" \/>\n<meta property=\"article:author\" content=\"https:\/\/www.facebook.com\/serifkanada\" \/>\n<meta property=\"article:published_time\" content=\"2020-03-07T13:14:45+00:00\" \/>\n<meta property=\"article:modified_time\" content=\"2020-03-09T15:53:57+00:00\" \/>\n<meta property=\"og:image\" content=\"https:\/\/www.sesdergisi.ca\/wp-content\/uploads\/2020\/03\/Canva-Brown-White-and-Black-Butterfly-scaled.jpg\" \/>\n\t<meta property=\"og:image:width\" content=\"611\" \/>\n\t<meta property=\"og:image:height\" content=\"400\" \/>\n<meta name=\"twitter:card\" content=\"summary_large_image\" \/>\n<meta name=\"twitter:image\" content=\"https:\/\/www.sesdergisi.ca\/wp-content\/uploads\/2020\/03\/Canva-Brown-White-and-Black-Butterfly-1-scaled.jpg\" \/>\n<meta name=\"twitter:creator\" content=\"@https:\/\/twitter.com\/serifcanada1\" \/>\n<meta name=\"twitter:label1\" content=\"Est. reading time\">\n\t<meta name=\"twitter:data1\" content=\"1 minute\">\n<script type=\"application\/ld+json\" class=\"yoast-schema-graph\">{\"@context\":\"https:\/\/schema.org\",\"@graph\":[{\"@type\":\"WebSite\",\"@id\":\"https:\/\/www.sesdergisi.ca\/#website\",\"url\":\"https:\/\/www.sesdergisi.ca\/\",\"name\":\"SES MAGAZINE\",\"description\":\"Literature \\u00b7 Analysis \\u00b7 Thought\",\"potentialAction\":[{\"@type\":\"SearchAction\",\"target\":\"https:\/\/www.sesdergisi.ca\/?s={search_term_string}\",\"query-input\":\"required name=search_term_string\"}],\"inLanguage\":\"en-US\"},{\"@type\":\"ImageObject\",\"@id\":\"https:\/\/www.sesdergisi.ca\/?p=746#primaryimage\",\"inLanguage\":\"en-US\",\"url\":\"https:\/\/www.sesdergisi.ca\/wp-content\/uploads\/2020\/03\/Canva-Brown-White-and-Black-Butterfly-scaled.jpg\",\"width\":611,\"height\":400},{\"@type\":\"WebPage\",\"@id\":\"https:\/\/www.sesdergisi.ca\/?p=746#webpage\",\"url\":\"https:\/\/www.sesdergisi.ca\/?p=746\",\"name\":\"A\\u011f\\u0131r Kanat - SES MAGAZINE\",\"isPartOf\":{\"@id\":\"https:\/\/www.sesdergisi.ca\/#website\"},\"primaryImageOfPage\":{\"@id\":\"https:\/\/www.sesdergisi.ca\/?p=746#primaryimage\"},\"datePublished\":\"2020-03-07T13:14:45+00:00\",\"dateModified\":\"2020-03-09T15:53:57+00:00\",\"author\":{\"@id\":\"https:\/\/www.sesdergisi.ca\/#\/schema\/person\/3c516e766267a63b4e8d607fa5496f02\"},\"inLanguage\":\"en-US\",\"potentialAction\":[{\"@type\":\"ReadAction\",\"target\":[\"https:\/\/www.sesdergisi.ca\/?p=746\"]}]},{\"@type\":\"Person\",\"@id\":\"https:\/\/www.sesdergisi.ca\/#\/schema\/person\/3c516e766267a63b4e8d607fa5496f02\",\"name\":\"\\u015eerif Ayd\\u0131n\",\"image\":{\"@type\":\"ImageObject\",\"@id\":\"https:\/\/www.sesdergisi.ca\/#personlogo\",\"inLanguage\":\"en-US\",\"url\":\"https:\/\/secure.gravatar.com\/avatar\/2527d3cadd34557e6b4a3479d29c21d4?s=96&d=mm&r=g\",\"caption\":\"\\u015eerif Ayd\\u0131n\"},\"sameAs\":[\"http:\/\/sesdergisi.ca\",\"https:\/\/www.facebook.com\/serifkanada\",\"https:\/\/www.instagram.com\/serifcanada\",\"https:\/\/www.linkedin.com\/in\/serif-aydin-16a0b31a4\",\"https:\/\/twitter.com\/https:\/\/twitter.com\/serifcanada1\"]}]}<\/script>\n<!-- \/ Yoast SEO plugin. -->","_links":{"self":[{"href":"https:\/\/www.sesdergisi.ca\/index.php?rest_route=\/wp\/v2\/posts\/746"}],"collection":[{"href":"https:\/\/www.sesdergisi.ca\/index.php?rest_route=\/wp\/v2\/posts"}],"about":[{"href":"https:\/\/www.sesdergisi.ca\/index.php?rest_route=\/wp\/v2\/types\/post"}],"author":[{"embeddable":true,"href":"https:\/\/www.sesdergisi.ca\/index.php?rest_route=\/wp\/v2\/users\/1"}],"replies":[{"embeddable":true,"href":"https:\/\/www.sesdergisi.ca\/index.php?rest_route=%2Fwp%2Fv2%2Fcomments&post=746"}],"version-history":[{"count":2,"href":"https:\/\/www.sesdergisi.ca\/index.php?rest_route=\/wp\/v2\/posts\/746\/revisions"}],"predecessor-version":[{"id":815,"href":"https:\/\/www.sesdergisi.ca\/index.php?rest_route=\/wp\/v2\/posts\/746\/revisions\/815"}],"wp:featuredmedia":[{"embeddable":true,"href":"https:\/\/www.sesdergisi.ca\/index.php?rest_route=\/wp\/v2\/media\/747"}],"wp:attachment":[{"href":"https:\/\/www.sesdergisi.ca\/index.php?rest_route=%2Fwp%2Fv2%2Fmedia&parent=746"}],"wp:term":[{"taxonomy":"category","embeddable":true,"href":"https:\/\/www.sesdergisi.ca\/index.php?rest_route=%2Fwp%2Fv2%2Fcategories&post=746"},{"taxonomy":"post_tag","embeddable":true,"href":"https:\/\/www.sesdergisi.ca\/index.php?rest_route=%2Fwp%2Fv2%2Ftags&post=746"}],"curies":[{"name":"wp","href":"https:\/\/api.w.org\/{rel}","templated":true}]}}