{"id":731,"date":"2020-02-13T14:22:20","date_gmt":"2020-02-13T14:22:20","guid":{"rendered":"https:\/\/www.sesdergisi.ca\/?p=731"},"modified":"2020-02-13T14:22:21","modified_gmt":"2020-02-13T14:22:21","slug":"asasiz-musa-olmak-2","status":"publish","type":"post","link":"https:\/\/www.sesdergisi.ca\/?p=731","title":{"rendered":"Asas\u0131z Musa Olmak"},"content":{"rendered":"\n<h4 class=\"has-text-align-right\">\u015eerif Ayd\u0131n<\/h4>\n\n\n\n<blockquote>\n<p style=\"text-align: justify;\"><b>\u201cAsas\u0131z Musalar\u0131 yazmaya devam edece\u011fiz, nahif ve d\u00fc\u015f\u00fcnen ruhlar\u0131n kalpleri hileli korku y\u0131lanlar\u0131n\u0131 yutaca\u011f\u0131 g\u00fcnlerin gelece\u011fine inan\u0131yoruz \u00e7\u00fcnk\u00fc.\u201d<\/b><\/p>\n<\/blockquote>\n<p style=\"text-align: justify;\"><span style=\"font-size: 10pt;\">Bir adam d\u00fc\u015f\u00fcn\u00fcn, \u00fclkenin yaras\u0131 olan bir toplumun \u00f6nemli bir temsilcisi.<\/span><\/p>\n<p style=\"text-align: justify;\"><span style=\"font-size: 10pt;\">Bir adam d\u00fc\u015f\u00fcn\u00fcn, \u00fclkenin yaras\u0131n\u0131n \u015fiddete ba\u015fvurulmadan \u00e7\u00f6z\u00fclmesi gerekti\u011fini savunur.<\/span><\/p>\n<p style=\"text-align: justify;\"><span style=\"font-size: 10pt;\">Bir adam d\u00fc\u015f\u00fcn\u00fcn, \u015fiir, hikaye yazar, \u00e7evresine pozitif enerji verir.<\/span><\/p>\n<p style=\"text-align: justify;\"><span style=\"font-size: 10pt;\">Bir adam d\u00fc\u015f\u00fcn\u00fcn, toplumunu yaralayanlar\u0131n da, yaras\u0131n\u0131 iyile\u015ftirme iddas\u0131nda olup yara de\u015fenlerin de hedefinde.<\/span><\/p>\n<p style=\"text-align: justify;\"><span style=\"font-size: 10pt;\">Kendi dilinde \u0131sl\u0131k \u00e7ald\u0131\u011f\u0131 i\u00e7in hakarete maruz kal\u0131r.<\/span><\/p>\n<p style=\"text-align: justify;\"><span style=\"font-size: 10pt;\">Kendi dilinde kitap yazd\u0131\u011f\u0131 i\u00e7in yarg\u0131lan\u0131r.<\/span><\/p>\n<p style=\"text-align: justify;\"><span style=\"font-size: 10pt;\">Toplumuna yap\u0131lan haks\u0131zl\u0131\u011f\u0131 hicvin diliyle yazd\u0131\u011f\u0131 \u015fiirden dolay\u0131 da idama mahkum edilir.<\/span><\/p>\n<p style=\"text-align: justify;\"><span style=\"font-size: 10pt;\">Kendisiyle birlikte ona destek veren 50 ki\u015fi g\u00f6zalt\u0131na al\u0131n\u0131r. G\u00f6zalt\u0131na al\u0131nanlardan biri mide kanamas\u0131ndan \u00f6l\u00fcnce geriye 49 ki\u015fi kal\u0131r ve davalar\u0131 say\u0131lar\u0131yla an\u0131l\u0131r.<span class=\"Apple-converted-space\">\u00a0<\/span><\/span><\/p>\n<p style=\"text-align: justify;\"><span style=\"font-size: 10pt;\">49\u2019lar Davas\u0131\u2026<\/span><\/p>\n<p style=\"text-align: justify;\"><span style=\"font-size: 10pt;\">14 ay tutuklu kald\u0131ktan sonra san\u0131klar mahkeye \u00e7\u0131kar\u0131lmay\u0131 beklerlerken 27 May\u0131s Darbesi ger\u00e7ekle\u015fir. Nihayet 3 Ocak 1961 tarihinde mahkeme ba\u015flar.<\/span><\/p>\n<p style=\"text-align: justify;\"><span style=\"font-size: 10pt;\">Savc\u0131l\u0131k 50 san\u0131ktan 15\u2019in kafi delil bulunmad\u0131\u011f\u0131 i\u00e7in, 10 san\u0131k hakk\u0131nda mahk\u00fbmiyete yeterli delil olmad\u0131\u011f\u0131 i\u00e7in beraat karar\u0131 verilmesini ister ama 24 san\u0131\u011f\u0131n TCK\u2019nun 125. maddesine g\u00f6re yarg\u0131lanmas\u0131 istenir.<\/span><\/p>\n<p style=\"text-align: justify;\"><span style=\"font-size: 10pt;\">Daha sonra idamla yarg\u0131lanan 24 san\u0131\u011f\u0131n\u0131n 10\u2019u beraat eder, 15\u2019i bir kez beraat edip bir kez su\u00e7 vasf\u0131 de\u011fi\u015ftirilerek davan\u0131n yenilenmesi neticesi 1965 y\u0131l\u0131nda TCK\u2019nun 141 ve 142. maddelerinden 16 ay hapis, 5 ay 10 g\u00fcn s\u00fcrg\u00fcn cezas\u0131 al\u0131rlar.<\/span><\/p>\n<p style=\"text-align: justify;\"><span style=\"font-size: 10pt;\">S\u00fcrg\u00fcn\u00fc bol bir co\u011frafyan\u0131n ne ilk s\u00fcrg\u00fcnleridirler ne de son s\u00fcrg\u00fcnleri olacak bunlar.<\/span><\/p>\n<p style=\"text-align: justify;\"><span style=\"font-size: 10pt;\">27 May\u0131s Darbesi\u2019nde genel aftan yararlan\u0131r bu adam ve tahliye edilir ama yine mahkeme koridorlar\u0131 yine hapisler.<\/span><\/p>\n<p style=\"text-align: justify;\"><span style=\"font-size: 10pt;\">Susturulmak istenir,<span class=\"Apple-converted-space\">\u00a0<\/span><\/span><\/p>\n<p style=\"text-align: justify;\"><span style=\"font-size: 10pt;\">\u00f6zg\u00fcrl\u00fck alan\u0131 k\u0131s\u0131tlan\u0131r,<span class=\"Apple-converted-space\">\u00a0<\/span><\/span><\/p>\n<p style=\"text-align: justify;\"><span style=\"font-size: 10pt;\">\u00fclkenin b\u00fcy\u00fck gazeteleri taraf\u0131ndan imal\u0131 man\u015fetlerle hedef haline getirilir.<\/span><\/p>\n<p style=\"text-align: justify;\"><span style=\"font-size: 10pt;\">Sonu\u00e7: 11.5 y\u0131l hapis&#8230;<\/span><\/p>\n<p style=\"text-align: justify;\"><span style=\"font-size: 10pt;\">Kaderine terk edilmi\u015f bir co\u011frafyan\u0131n de\u011fil, kaderini hak \u00e7i\u011fneyenlerin belirledi\u011fi co\u011frafyan\u0131n \u00e7ocuklar\u0131n\u0131n hikayesini anlatan bir adam..<\/span><\/p>\n<p style=\"text-align: justify;\"><span style=\"font-size: 10pt;\">Haks\u0131zl\u0131klar\u0131 dile getiren, kurulan yanl\u0131\u015f denklemleri ele\u015ftiren dil\u2026<\/span><\/p>\n<p style=\"text-align: justify;\"><span style=\"font-size: 10pt;\">Ya\u015fad\u0131\u011f\u0131 cofrafyada insanlar\u0131n diri diri at\u0131ld\u0131klar\u0131 asit kuyular\u0131, \u201cter\u00f6rle m\u00fccadele ediyoruz,\u201d bahanesiyle devlet eliyle k\u00f6y yakmalar\u0131 ve keyfilikten \u00f6te bir hal alan tutuklamalar\u2026<\/span><\/p>\n<p style=\"text-align: justify;\"><span style=\"font-size: 10pt;\">Bunlar yetmezmi\u015f gibi Diyarbak\u0131r hapishanesi duvarlar\u0131ndan d\u00f6k\u00fclen kire\u00e7lerin miktar\u0131 kadar i\u015fkenceyle \u00f6len insanlar\u0131n iniltileri.<\/span><\/p>\n<p style=\"text-align: justify;\"><span style=\"font-size: 10pt;\">Buras\u0131 G\u00fcneydo\u011fu, bu sorun K\u00fcrt sorunu ve bu adam Musa Anter.<\/span><\/p>\n<p style=\"text-align: justify;\"><span style=\"font-size: 10pt;\">D\u00fc\u015f\u00fcn\u00fcn ki biri var ve bu sorunun \u015fiddete ba\u015fvurulmadan \u00e7\u00f6z\u00fclmesi gerekti\u011fini anlat\u0131r.<\/span><\/p>\n<p style=\"text-align: justify;\"><span style=\"font-size: 10pt;\">Ve d\u00fc\u015f\u00fcn\u00fcn ki bu adam\u0131n devletin derinleri taraf\u0131ndan bir suikastle kalemi k\u0131r\u0131l\u0131r.<\/span><\/p>\n<p style=\"text-align: justify;\"><span style=\"font-size: 10pt;\">Yanl\u0131\u015fa dur dedikleri i\u00e7in kendilerine kar\u015f\u0131 yap\u0131lan yanl\u0131\u015f, onlar\u0131n y\u0131llarca hapishanelerde \u00f6l\u00fcme terk edilmeleri, kalemlerin susturulmas\u0131 ve cinayetlere kurban gidilmeleri ise, vicdanl\u0131 bir toplum en az\u0131ndan bir do\u011fruda birle\u015fmesi gerekir.<span class=\"Apple-converted-space\">\u00a0<\/span><\/span><\/p>\n<p style=\"text-align: justify;\"><span style=\"font-size: 10pt;\">Yanl\u0131\u015flar\u0131 dile getirenlere kar\u015f\u0131 yap\u0131lan yanl\u0131\u015flara HAYIR.<\/span><\/p>\n<p style=\"text-align: justify;\"><span style=\"font-size: 10pt;\">Musa Anterlere, Hrant Dinklere, U\u011fur Mumculara yanl\u0131\u015f yap\u0131ld\u0131 ve diyorum ki bu sesler muhaliflerine inat ye\u015fermeli ve ya\u015famal\u0131 bu topraklarda.<\/span><\/p>\n<p style=\"text-align: justify;\"><span style=\"font-size: 10pt;\">Yanl\u0131\u015f kutsanan devletin k\u0131l\u0131c\u0131 her zaman Demokles\u2019in k\u0131l\u0131c\u0131 de\u011fil, H\u00fclagu\u2019nun ate\u015fe veren h\u0131nc\u0131 da olabilir ve parma\u011f\u0131 da her zaman \u015feriat kesmiyor olabilir.<span class=\"Apple-converted-space\">\u00a0<\/span><\/span><\/p>\n<p style=\"text-align: justify;\"><span style=\"font-size: 10pt;\">Parmak ac\u0131yor ac\u0131yor \u00e7\u00fcnk\u00fc.<span class=\"Apple-converted-space\">\u00a0<\/span><\/span><\/p>\n<p style=\"text-align: justify;\"><span style=\"font-size: 10pt;\">Eli kalem tutanlar\u0131n elinin s\u0131k\u0131lmas\u0131 gerekti\u011fini \u00f6\u011fretin insanlara, bo\u011fazlar\u0131n\u0131 s\u0131kmak de\u011fil.<\/span><\/p>\n<p style=\"text-align: justify;\"><span style=\"font-size: 10pt;\">Musa Anter, kalem tutan bir eldi.<\/span><\/p>\n<p style=\"text-align: justify;\"><span style=\"font-size: 10pt;\">Musa Anter kendi tarihi i\u00e7in bir onur, onu susturanlar i\u00e7in de bir ay\u0131p.<\/span><\/p>\n<p style=\"text-align: justify;\"><span style=\"font-size: 10pt;\">Asas\u0131z Musalar\u0131 yazmaya devam edece\u011fiz, nahif ve d\u00fc\u015f\u00fcnen ruhlar\u0131n kalpleri hileli korku y\u0131lanlar\u0131n\u0131 yutaca\u011f\u0131 g\u00fcnlerin gelece\u011fine inan\u0131yoruz \u00e7\u00fcnk\u00fc.<\/span><\/p>\n","protected":false},"excerpt":{"rendered":"<p>\u015eerif Ayd\u0131n \u201cAsas\u0131z Musalar\u0131 yazmaya devam edece\u011fiz, nahif ve d\u00fc\u015f\u00fcnen ruhlar\u0131n kalpleri hileli korku y\u0131lanlar\u0131n\u0131 yutaca\u011f\u0131 g\u00fcnlerin gelece\u011fine<\/p>\n","protected":false},"author":1,"featured_media":630,"comment_status":"open","ping_status":"open","sticky":false,"template":"","format":"standard","meta":[],"categories":[2,18],"tags":[10,99,21],"yoast_head":"<!-- This site is optimized with the Yoast SEO plugin v15.5 - https:\/\/yoast.com\/wordpress\/plugins\/seo\/ -->\n<title>Asas\u0131z Musa Olmak - SES MAGAZINE<\/title>\n<meta name=\"robots\" content=\"index, follow, max-snippet:-1, max-image-preview:large, max-video-preview:-1\" \/>\n<link rel=\"canonical\" href=\"https:\/\/www.sesdergisi.ca\/?p=731\" \/>\n<meta property=\"og:locale\" content=\"en_US\" \/>\n<meta property=\"og:type\" content=\"article\" \/>\n<meta property=\"og:title\" content=\"Asas\u0131z Musa Olmak - SES MAGAZINE\" \/>\n<meta property=\"og:description\" content=\"\u015eerif Ayd\u0131n \u201cAsas\u0131z Musalar\u0131 yazmaya devam edece\u011fiz, nahif ve d\u00fc\u015f\u00fcnen ruhlar\u0131n kalpleri hileli korku y\u0131lanlar\u0131n\u0131 yutaca\u011f\u0131 g\u00fcnlerin gelece\u011fine\" \/>\n<meta property=\"og:url\" content=\"https:\/\/www.sesdergisi.ca\/?p=731\" \/>\n<meta property=\"og:site_name\" content=\"SES MAGAZINE\" \/>\n<meta property=\"article:author\" content=\"https:\/\/www.facebook.com\/serifkanada\" \/>\n<meta property=\"article:published_time\" content=\"2020-02-13T14:22:20+00:00\" \/>\n<meta property=\"article:modified_time\" content=\"2020-02-13T14:22:21+00:00\" \/>\n<meta property=\"og:image\" content=\"https:\/\/www.sesdergisi.ca\/wp-content\/uploads\/2020\/02\/EE5GPCAU8AEz4LX-1.jpg\" \/>\n\t<meta property=\"og:image:width\" content=\"517\" \/>\n\t<meta property=\"og:image:height\" content=\"400\" \/>\n<meta name=\"twitter:card\" content=\"summary_large_image\" \/>\n<meta name=\"twitter:image\" content=\"https:\/\/www.sesdergisi.ca\/wp-content\/uploads\/2020\/02\/EE5GPCAU8AEz4LX-1.jpg\" \/>\n<meta name=\"twitter:creator\" content=\"@https:\/\/twitter.com\/serifcanada1\" \/>\n<meta name=\"twitter:label1\" content=\"Est. reading time\">\n\t<meta name=\"twitter:data1\" content=\"3 minutes\">\n<script type=\"application\/ld+json\" class=\"yoast-schema-graph\">{\"@context\":\"https:\/\/schema.org\",\"@graph\":[{\"@type\":\"WebSite\",\"@id\":\"https:\/\/www.sesdergisi.ca\/#website\",\"url\":\"https:\/\/www.sesdergisi.ca\/\",\"name\":\"SES MAGAZINE\",\"description\":\"Literature \\u00b7 Analysis \\u00b7 Thought\",\"potentialAction\":[{\"@type\":\"SearchAction\",\"target\":\"https:\/\/www.sesdergisi.ca\/?s={search_term_string}\",\"query-input\":\"required name=search_term_string\"}],\"inLanguage\":\"en-US\"},{\"@type\":\"ImageObject\",\"@id\":\"https:\/\/www.sesdergisi.ca\/?p=731#primaryimage\",\"inLanguage\":\"en-US\",\"url\":\"https:\/\/www.sesdergisi.ca\/wp-content\/uploads\/2020\/02\/EE5GPCAU8AEz4LX-1.jpg\",\"width\":517,\"height\":400},{\"@type\":\"WebPage\",\"@id\":\"https:\/\/www.sesdergisi.ca\/?p=731#webpage\",\"url\":\"https:\/\/www.sesdergisi.ca\/?p=731\",\"name\":\"Asas\\u0131z Musa Olmak - SES MAGAZINE\",\"isPartOf\":{\"@id\":\"https:\/\/www.sesdergisi.ca\/#website\"},\"primaryImageOfPage\":{\"@id\":\"https:\/\/www.sesdergisi.ca\/?p=731#primaryimage\"},\"datePublished\":\"2020-02-13T14:22:20+00:00\",\"dateModified\":\"2020-02-13T14:22:21+00:00\",\"author\":{\"@id\":\"https:\/\/www.sesdergisi.ca\/#\/schema\/person\/3c516e766267a63b4e8d607fa5496f02\"},\"inLanguage\":\"en-US\",\"potentialAction\":[{\"@type\":\"ReadAction\",\"target\":[\"https:\/\/www.sesdergisi.ca\/?p=731\"]}]},{\"@type\":\"Person\",\"@id\":\"https:\/\/www.sesdergisi.ca\/#\/schema\/person\/3c516e766267a63b4e8d607fa5496f02\",\"name\":\"\\u015eerif Ayd\\u0131n\",\"image\":{\"@type\":\"ImageObject\",\"@id\":\"https:\/\/www.sesdergisi.ca\/#personlogo\",\"inLanguage\":\"en-US\",\"url\":\"https:\/\/secure.gravatar.com\/avatar\/2527d3cadd34557e6b4a3479d29c21d4?s=96&d=mm&r=g\",\"caption\":\"\\u015eerif Ayd\\u0131n\"},\"sameAs\":[\"http:\/\/sesdergisi.ca\",\"https:\/\/www.facebook.com\/serifkanada\",\"https:\/\/www.instagram.com\/serifcanada\",\"https:\/\/www.linkedin.com\/in\/serif-aydin-16a0b31a4\",\"https:\/\/twitter.com\/https:\/\/twitter.com\/serifcanada1\"]}]}<\/script>\n<!-- \/ Yoast SEO plugin. -->","_links":{"self":[{"href":"https:\/\/www.sesdergisi.ca\/index.php?rest_route=\/wp\/v2\/posts\/731"}],"collection":[{"href":"https:\/\/www.sesdergisi.ca\/index.php?rest_route=\/wp\/v2\/posts"}],"about":[{"href":"https:\/\/www.sesdergisi.ca\/index.php?rest_route=\/wp\/v2\/types\/post"}],"author":[{"embeddable":true,"href":"https:\/\/www.sesdergisi.ca\/index.php?rest_route=\/wp\/v2\/users\/1"}],"replies":[{"embeddable":true,"href":"https:\/\/www.sesdergisi.ca\/index.php?rest_route=%2Fwp%2Fv2%2Fcomments&post=731"}],"version-history":[{"count":1,"href":"https:\/\/www.sesdergisi.ca\/index.php?rest_route=\/wp\/v2\/posts\/731\/revisions"}],"predecessor-version":[{"id":732,"href":"https:\/\/www.sesdergisi.ca\/index.php?rest_route=\/wp\/v2\/posts\/731\/revisions\/732"}],"wp:featuredmedia":[{"embeddable":true,"href":"https:\/\/www.sesdergisi.ca\/index.php?rest_route=\/wp\/v2\/media\/630"}],"wp:attachment":[{"href":"https:\/\/www.sesdergisi.ca\/index.php?rest_route=%2Fwp%2Fv2%2Fmedia&parent=731"}],"wp:term":[{"taxonomy":"category","embeddable":true,"href":"https:\/\/www.sesdergisi.ca\/index.php?rest_route=%2Fwp%2Fv2%2Fcategories&post=731"},{"taxonomy":"post_tag","embeddable":true,"href":"https:\/\/www.sesdergisi.ca\/index.php?rest_route=%2Fwp%2Fv2%2Ftags&post=731"}],"curies":[{"name":"wp","href":"https:\/\/api.w.org\/{rel}","templated":true}]}}