{"id":651,"date":"2020-02-01T22:58:08","date_gmt":"2020-02-01T22:58:08","guid":{"rendered":"https:\/\/www.sesdergisi.ca\/?p=651"},"modified":"2020-02-01T22:58:09","modified_gmt":"2020-02-01T22:58:09","slug":"ben-bir-kurdum","status":"publish","type":"post","link":"https:\/\/www.sesdergisi.ca\/?p=651","title":{"rendered":"BEN B\u0130R K\u00dcRD\u00dcM"},"content":{"rendered":"<p><b>Zeynep G\u00dcR<\/b><\/p>\n<p>Ben bir K\u00fcrd\u00fcm.<span class=\"Apple-converted-space\">\u00a0<\/span><\/p>\n<p>Mahalledeki hi\u00e7 tan\u0131mad\u0131\u011f\u0131n o yabanc\u0131y\u0131m.<span class=\"Apple-converted-space\">\u00a0<\/span><\/p>\n<p>Beni tan\u0131m\u0131yordun<span class=\"Apple-converted-space\">\u00a0<\/span><\/p>\n<p>Ama evime gelen giden polis ve jandarmalar\u0131 tan\u0131yordun.<span class=\"Apple-converted-space\">\u00a0<\/span><\/p>\n<p>\u201cAaaa kar\u015f\u0131 eve yine gelmi\u015fler\u2026<span class=\"Apple-converted-space\">\u00a0<\/span><\/p>\n<p>Kim bilir ne yapm\u0131\u015ft\u0131r!..\u201d diyordun hani\u2026<span class=\"Apple-converted-space\">\u00a0<\/span><\/p>\n<p>Oysa ki beni tan\u0131m\u0131yordun.<span class=\"Apple-converted-space\">\u00a0<\/span><\/p>\n<p>Gelenler de ben K\u00fcrd\u00fcm diye geliyorlard\u0131.<span class=\"Apple-converted-space\">\u00a0<\/span><\/p>\n<p>\u00c7ok de\u011fil, \u015f\u00f6yle evimi eni boyu aray\u0131p<span class=\"Apple-converted-space\">\u00a0<\/span><\/p>\n<p>Biraz da da\u011f\u0131t\u0131yorlard\u0131\u2026<span class=\"Apple-converted-space\">\u00a0<\/span><\/p>\n<p>H\u0131mm.. ne mi buluyorlard\u0131?<span class=\"Apple-converted-space\">\u00a0<\/span><\/p>\n<p>Hi\u00e7\u00e7\u00e7!..<span class=\"Apple-converted-space\">\u00a0<\/span><\/p>\n<p>Yok yok asl\u0131nda buluyorlard\u0131.<span class=\"Apple-converted-space\">\u00a0<\/span><\/p>\n<p>G\u00f6z\u00fc korkudan yerinden f\u0131rlayacak bir \u00e7ocuk\u2026<span class=\"Apple-converted-space\">\u00a0<\/span><\/p>\n<p>O\u011flumu g\u00f6t\u00fcrecekler mi acaba diyen ya\u015fl\u0131 anam\u2026<span class=\"Apple-converted-space\">\u00a0<\/span><\/p>\n<p>Kocam\u0131 g\u00f6t\u00fcr\u00fcrlerse nas\u0131l ge\u00e7iniriz diyen kar\u0131m\u2026<span class=\"Apple-converted-space\">\u00a0<\/span><\/p>\n<p>Evde bir de sevdi\u011fimiz bir ka\u00e7 \u00fcnl\u00fc sanat\u00e7\u0131 cd\u2019si<span class=\"Apple-converted-space\">\u00a0<\/span><\/p>\n<p>Ahmet Kaya, \u015eivan Perwer vs\u2026<span class=\"Apple-converted-space\">\u00a0<\/span><\/p>\n<p>Bir dahaki geli\u015flerine kadar biz ter\u00f6rist olmuyorduk ama<span class=\"Apple-converted-space\">\u00a0<\/span><\/p>\n<p>Onlar yine de kontrol ediyorlard\u0131.<span class=\"Apple-converted-space\">\u00a0<\/span><\/p>\n<p>Ne de olsa biz K\u00fcrd\u00fcz.<span class=\"Apple-converted-space\">\u00a0<\/span><\/p>\n<p>Potansiyel su\u00e7lu!!<span class=\"Apple-converted-space\">\u00a0<\/span><\/p>\n<p>Ha bu arada bir amcam var, da\u011fda.<span class=\"Apple-converted-space\">\u00a0<\/span><\/p>\n<p>Daha k\u00fc\u00e7\u00fck \u00e7ocukken ka\u00e7\u0131rm\u0131\u015flar,<span class=\"Apple-converted-space\">\u00a0<\/span><\/p>\n<p>Da\u011fa \u00e7\u0131karm\u0131\u015flar.<span class=\"Apple-converted-space\">\u00a0<\/span><\/p>\n<p>Annesi h\u00e2l\u00e2 g\u00f6z\u00fc ya\u015fl\u0131;<span class=\"Apple-converted-space\">\u00a0<\/span><\/p>\n<p>Ya \u00f6l\u00fcs\u00fc ya dirisi gelse diye bekliyor her g\u00fcn\u2026<span class=\"Apple-converted-space\">\u00a0<\/span><\/p>\n<p>Ana o; o\u011flu da\u011fa ka\u00e7\u0131r\u0131ld\u0131 diye bu ger\u00e7ek de\u011fi\u015fmiyor ki!..<span class=\"Apple-converted-space\">\u00a0<\/span><\/p>\n<p>Ana o\u2026<span class=\"Apple-converted-space\">\u00a0<\/span><\/p>\n<p>Senin benim gibi bakm\u0131yor \u00f6l\u00fcye.<span class=\"Apple-converted-space\">\u00a0<\/span><\/p>\n<p>O\u011flunun \u00f6l\u00fcs\u00fc gelirse bir g\u00fcn,<span class=\"Apple-converted-space\">\u00a0<\/span><\/p>\n<p>Senin i\u00e7in ter\u00f6rist cenazesi\u2026<span class=\"Apple-converted-space\">\u00a0<\/span><\/p>\n<p>Ama onun evladi i\u015fte.<span class=\"Apple-converted-space\">\u00a0<\/span><\/p>\n<p>\u0130nsan be, sadece \u00f6lm\u00fc\u015f bir insan<span class=\"Apple-converted-space\">\u00a0<\/span><\/p>\n<p>Hani \u00f6len kim olursa<span class=\"Apple-converted-space\">\u00a0<\/span><\/p>\n<p>\u201cNas\u0131l bilirdiniz meftay\u0131\u201d diyen hocaya<span class=\"Apple-converted-space\">\u00a0<\/span><\/p>\n<p>Hep bir a\u011f\u0131zdan \u201ciyi biliriz\u201d diyorsunuz ya<span class=\"Apple-converted-space\">\u00a0<\/span><\/p>\n<p>\u0130\u015fte \u00f6yle\u2026<span class=\"Apple-converted-space\">\u00a0<\/span><\/p>\n<p>O da bir insan cenazesi!<span class=\"Apple-converted-space\">\u00a0<\/span><\/p>\n<p>Haaa hayat\u0131m\u0131z sadece bunlar de\u011fil tabi.<span class=\"Apple-converted-space\">\u00a0<\/span><\/p>\n<p>Senle bir \u00e7ok ortak yan\u0131m\u0131z var<span class=\"Apple-converted-space\">\u00a0<\/span><\/p>\n<p>Mesela, ayn\u0131 mahallede ya\u015f\u0131yoruz<span class=\"Apple-converted-space\">\u00a0<\/span><\/p>\n<p>Benim ana dilim farkl\u0131 olsa da<span class=\"Apple-converted-space\">\u00a0<\/span><\/p>\n<p>Senle T\u00fcrk\u00e7e konu\u015fabiliyorum<span class=\"Apple-converted-space\">\u00a0<\/span><\/p>\n<p>Ayn\u0131 TC kimli\u011fine sahibiz<span class=\"Apple-converted-space\">\u00a0<\/span><\/p>\n<p>\u00dcstelik benimkinde K\u00fcrt bile yazm\u0131yor<span class=\"Apple-converted-space\">\u00a0<\/span><\/p>\n<p>Ben de senin gibi bu \u00fclke vatanda\u015f\u0131y\u0131m yani<span class=\"Apple-converted-space\">\u00a0<\/span><\/p>\n<p>Ho\u015f, ben K\u00fcrd\u00fcm demeye de korkuyorum<span class=\"Apple-converted-space\">\u00a0<\/span><\/p>\n<p>Beni d\u0131\u015flarlar, \u00f6tekile\u015ftirirler diye<span class=\"Apple-converted-space\">\u00a0<\/span><\/p>\n<p>Askere de gidiyorum biliyor musun?..<span class=\"Apple-converted-space\">\u00a0<\/span><\/p>\n<p>Haa sen \u00e7ok dindars\u0131n ya..<span class=\"Apple-converted-space\">\u00a0<\/span><\/p>\n<p>Ben de elhamd\u00fclillah m\u00fcsl\u00fcman\u0131m.<span class=\"Apple-converted-space\">\u00a0<\/span><\/p>\n<p>Baya baya da dindar say\u0131l\u0131r\u0131m hani\u2026<span class=\"Apple-converted-space\">\u00a0<\/span><\/p>\n<p>Ben de okudum,<span class=\"Apple-converted-space\">\u00a0<\/span><\/p>\n<p>Meslek sahibi oldum.<span class=\"Apple-converted-space\">\u00a0<\/span><\/p>\n<p>Senin k\u0131zla benim o\u011flan ayn\u0131 s\u0131rada oturuyor mesela.<span class=\"Apple-converted-space\">\u00a0<\/span><\/p>\n<p>Baya baya ortak yan\u0131m\u0131z var.<span class=\"Apple-converted-space\">\u00a0<\/span><\/p>\n<p>Ayn\u0131 pazara, ayn\u0131 markete gidiyoruz.<span class=\"Apple-converted-space\">\u00a0<\/span><\/p>\n<p>Korkma bir kere \u00e7al kap\u0131m\u0131<span class=\"Apple-converted-space\">\u00a0<\/span><\/p>\n<p>Bizi \u00e7ok misafirperver bulacaks\u0131n.<span class=\"Apple-converted-space\">\u00a0<\/span><\/p>\n","protected":false},"excerpt":{"rendered":"<p>Zeynep G\u00dcR Ben bir K\u00fcrd\u00fcm.\u00a0 Mahalledeki hi\u00e7 tan\u0131mad\u0131\u011f\u0131n o yabanc\u0131y\u0131m.\u00a0 Beni tan\u0131m\u0131yordun\u00a0 Ama evime gelen giden polis ve<\/p>\n","protected":false},"author":1,"featured_media":627,"comment_status":"open","ping_status":"open","sticky":false,"template":"","format":"standard","meta":[],"categories":[3],"tags":[100,104,103,11,102],"yoast_head":"<!-- This site is optimized with the Yoast SEO plugin v15.5 - https:\/\/yoast.com\/wordpress\/plugins\/seo\/ -->\n<title>BEN B\u0130R K\u00dcRD\u00dcM - SES MAGAZINE<\/title>\n<meta name=\"robots\" content=\"index, follow, max-snippet:-1, max-image-preview:large, max-video-preview:-1\" \/>\n<link rel=\"canonical\" href=\"https:\/\/www.sesdergisi.ca\/?p=651\" \/>\n<meta property=\"og:locale\" content=\"en_US\" \/>\n<meta property=\"og:type\" content=\"article\" \/>\n<meta property=\"og:title\" content=\"BEN B\u0130R K\u00dcRD\u00dcM - SES MAGAZINE\" \/>\n<meta property=\"og:description\" content=\"Zeynep G\u00dcR Ben bir K\u00fcrd\u00fcm.\u00a0 Mahalledeki hi\u00e7 tan\u0131mad\u0131\u011f\u0131n o yabanc\u0131y\u0131m.\u00a0 Beni tan\u0131m\u0131yordun\u00a0 Ama evime gelen giden polis ve\" \/>\n<meta property=\"og:url\" content=\"https:\/\/www.sesdergisi.ca\/?p=651\" \/>\n<meta property=\"og:site_name\" content=\"SES MAGAZINE\" \/>\n<meta property=\"article:author\" content=\"https:\/\/www.facebook.com\/serifkanada\" \/>\n<meta property=\"article:published_time\" content=\"2020-02-01T22:58:08+00:00\" \/>\n<meta property=\"article:modified_time\" content=\"2020-02-01T22:58:09+00:00\" \/>\n<meta property=\"og:image\" content=\"https:\/\/www.sesdergisi.ca\/wp-content\/uploads\/2020\/02\/Canva-Silhouette-Of-Person-1-1-scaled.jpg\" \/>\n\t<meta property=\"og:image:width\" content=\"700\" \/>\n\t<meta property=\"og:image:height\" content=\"400\" \/>\n<meta name=\"twitter:card\" content=\"summary_large_image\" \/>\n<meta name=\"twitter:creator\" content=\"@https:\/\/twitter.com\/serifcanada1\" \/>\n<meta name=\"twitter:label1\" content=\"Est. reading time\">\n\t<meta name=\"twitter:data1\" content=\"2 minutes\">\n<script type=\"application\/ld+json\" class=\"yoast-schema-graph\">{\"@context\":\"https:\/\/schema.org\",\"@graph\":[{\"@type\":\"WebSite\",\"@id\":\"https:\/\/www.sesdergisi.ca\/#website\",\"url\":\"https:\/\/www.sesdergisi.ca\/\",\"name\":\"SES MAGAZINE\",\"description\":\"Literature \\u00b7 Analysis \\u00b7 Thought\",\"potentialAction\":[{\"@type\":\"SearchAction\",\"target\":\"https:\/\/www.sesdergisi.ca\/?s={search_term_string}\",\"query-input\":\"required name=search_term_string\"}],\"inLanguage\":\"en-US\"},{\"@type\":\"ImageObject\",\"@id\":\"https:\/\/www.sesdergisi.ca\/?p=651#primaryimage\",\"inLanguage\":\"en-US\",\"url\":\"https:\/\/www.sesdergisi.ca\/wp-content\/uploads\/2020\/02\/Canva-Silhouette-Of-Person-1-1-scaled.jpg\",\"width\":700,\"height\":400},{\"@type\":\"WebPage\",\"@id\":\"https:\/\/www.sesdergisi.ca\/?p=651#webpage\",\"url\":\"https:\/\/www.sesdergisi.ca\/?p=651\",\"name\":\"BEN B\\u0130R K\\u00dcRD\\u00dcM - SES MAGAZINE\",\"isPartOf\":{\"@id\":\"https:\/\/www.sesdergisi.ca\/#website\"},\"primaryImageOfPage\":{\"@id\":\"https:\/\/www.sesdergisi.ca\/?p=651#primaryimage\"},\"datePublished\":\"2020-02-01T22:58:08+00:00\",\"dateModified\":\"2020-02-01T22:58:09+00:00\",\"author\":{\"@id\":\"https:\/\/www.sesdergisi.ca\/#\/schema\/person\/3c516e766267a63b4e8d607fa5496f02\"},\"inLanguage\":\"en-US\",\"potentialAction\":[{\"@type\":\"ReadAction\",\"target\":[\"https:\/\/www.sesdergisi.ca\/?p=651\"]}]},{\"@type\":\"Person\",\"@id\":\"https:\/\/www.sesdergisi.ca\/#\/schema\/person\/3c516e766267a63b4e8d607fa5496f02\",\"name\":\"\\u015eerif Ayd\\u0131n\",\"image\":{\"@type\":\"ImageObject\",\"@id\":\"https:\/\/www.sesdergisi.ca\/#personlogo\",\"inLanguage\":\"en-US\",\"url\":\"https:\/\/secure.gravatar.com\/avatar\/2527d3cadd34557e6b4a3479d29c21d4?s=96&d=mm&r=g\",\"caption\":\"\\u015eerif Ayd\\u0131n\"},\"sameAs\":[\"http:\/\/sesdergisi.ca\",\"https:\/\/www.facebook.com\/serifkanada\",\"https:\/\/www.instagram.com\/serifcanada\",\"https:\/\/www.linkedin.com\/in\/serif-aydin-16a0b31a4\",\"https:\/\/twitter.com\/https:\/\/twitter.com\/serifcanada1\"]}]}<\/script>\n<!-- \/ Yoast SEO plugin. -->","_links":{"self":[{"href":"https:\/\/www.sesdergisi.ca\/index.php?rest_route=\/wp\/v2\/posts\/651"}],"collection":[{"href":"https:\/\/www.sesdergisi.ca\/index.php?rest_route=\/wp\/v2\/posts"}],"about":[{"href":"https:\/\/www.sesdergisi.ca\/index.php?rest_route=\/wp\/v2\/types\/post"}],"author":[{"embeddable":true,"href":"https:\/\/www.sesdergisi.ca\/index.php?rest_route=\/wp\/v2\/users\/1"}],"replies":[{"embeddable":true,"href":"https:\/\/www.sesdergisi.ca\/index.php?rest_route=%2Fwp%2Fv2%2Fcomments&post=651"}],"version-history":[{"count":1,"href":"https:\/\/www.sesdergisi.ca\/index.php?rest_route=\/wp\/v2\/posts\/651\/revisions"}],"predecessor-version":[{"id":652,"href":"https:\/\/www.sesdergisi.ca\/index.php?rest_route=\/wp\/v2\/posts\/651\/revisions\/652"}],"wp:featuredmedia":[{"embeddable":true,"href":"https:\/\/www.sesdergisi.ca\/index.php?rest_route=\/wp\/v2\/media\/627"}],"wp:attachment":[{"href":"https:\/\/www.sesdergisi.ca\/index.php?rest_route=%2Fwp%2Fv2%2Fmedia&parent=651"}],"wp:term":[{"taxonomy":"category","embeddable":true,"href":"https:\/\/www.sesdergisi.ca\/index.php?rest_route=%2Fwp%2Fv2%2Fcategories&post=651"},{"taxonomy":"post_tag","embeddable":true,"href":"https:\/\/www.sesdergisi.ca\/index.php?rest_route=%2Fwp%2Fv2%2Ftags&post=651"}],"curies":[{"name":"wp","href":"https:\/\/api.w.org\/{rel}","templated":true}]}}