{"id":647,"date":"2020-02-01T22:55:02","date_gmt":"2020-02-01T22:55:02","guid":{"rendered":"https:\/\/www.sesdergisi.ca\/?p=647"},"modified":"2020-02-01T22:55:03","modified_gmt":"2020-02-01T22:55:03","slug":"22-yasima-giriyorum","status":"publish","type":"post","link":"https:\/\/www.sesdergisi.ca\/?p=647","title":{"rendered":"22 YA\u015eIMA G\u0130R\u0130YORUM"},"content":{"rendered":"<p><b><i>SADIK EREN<\/i><\/b><\/p>\n<p><b><i>Gecesi so\u011fuk g\u00fcnd\u00fcz\u00fc s\u0131cak bir \u00fclkede<span class=\"Apple-converted-space\">\u00a0<\/span><\/i><\/b><\/p>\n<p><b><i>G\u00fcnler kald\u0131 yeni ya\u015f\u0131ma girmeme<span class=\"Apple-converted-space\">\u00a0<\/span><\/i><\/b><\/p>\n<p><b><i>Ama senden ayr\u0131 oldu\u011fum g\u00fcnden beri<span class=\"Apple-converted-space\">\u00a0<\/span><\/i><\/b><\/p>\n<p><b><i>Sanki hi\u00e7 b\u00fcy\u00fcyemedim anne<span class=\"Apple-converted-space\">\u00a0<\/span><\/i><\/b><\/p>\n<p><b><i>Onsekizimde ayr\u0131l\u0131rken yan\u0131ndan<span class=\"Apple-converted-space\">\u00a0<\/span><\/i><\/b><\/p>\n<p><b><i>Dilimde vard\u0131 hep bir c\u00fcmle<span class=\"Apple-converted-space\">\u00a0<\/span><\/i><\/b><\/p>\n<p><b><i>D\u00fcnyada de\u011filse g\u00f6r\u00fc\u015f\u00fcr\u00fcz ahirette<span class=\"Apple-converted-space\">\u00a0<\/span><\/i><\/b><\/p>\n<p><b><i>Birg\u00fcn g\u00f6r\u00fc\u015fece\u011fiz elbette&#8230;<span class=\"Apple-converted-space\">\u00a0<\/span><\/i><\/b><\/p>\n<p><b><i>Bilemezdim senelerce uzak kalaca\u011f\u0131m\u0131<span class=\"Apple-converted-space\">\u00a0<\/span><\/i><\/b><\/p>\n<p><b><i>Her hat\u0131ran\u0131n g\u00f6z\u00fcmden ya\u015f ak\u0131taca\u011f\u0131n\u0131<span class=\"Apple-converted-space\">\u00a0<\/span><\/i><\/b><\/p>\n<p><b><i>En \u00e7ok da yapayaln\u0131z bayram sabahlar\u0131<span class=\"Apple-converted-space\">\u00a0<\/span><\/i><\/b><\/p>\n<p><b><i>S\u00f6ylermi\u015f insan i\u00e7inden ge\u00e7en ahlar\u0131<span class=\"Apple-converted-space\">\u00a0<\/span><\/i><\/b><\/p>\n<p><b><i>Gitti\u011finde herkesin memleketine<span class=\"Apple-converted-space\">\u00a0<\/span><\/i><\/b><\/p>\n<p><b><i>Kal\u0131yor insan yaln\u0131zca bu semtte<span class=\"Apple-converted-space\">\u00a0<\/span><\/i><\/b><\/p>\n<p><b><i>I\u015fte o zaman \u00e7\u0131k\u0131yor \u00f6zlem doru\u011fa<span class=\"Apple-converted-space\">\u00a0<\/span><\/i><\/b><\/p>\n<p><b><i>Bakarken yaln\u0131zca o bombo\u015f soka\u011fa<span class=\"Apple-converted-space\">\u00a0<\/span><\/i><\/b><\/p>\n<p><b><i>Sonra \u00e7eviriyorum ba\u015f\u0131m\u0131 semaya<span class=\"Apple-converted-space\">\u00a0<\/span><\/i><\/b><\/p>\n<p><b><i>A\u00e7\u0131p ellerimi veriyorum kendimi duaya<span class=\"Apple-converted-space\">\u00a0<\/span><\/i><\/b><\/p>\n<p><b><i>\u00c7\u00fcnk\u00fc biliyorum ki Rabbim tek tesellim<span class=\"Apple-converted-space\">\u00a0<\/span><\/i><\/b><\/p>\n<p><b><i>Ancak ona yalvarmakla hafifleyecektir \u00f6zlemim<span class=\"Apple-converted-space\">\u00a0<\/span><\/i><\/b><\/p>\n<p><b><i>Sen merak etme annem o\u011flun emin ellerde<span class=\"Apple-converted-space\">\u00a0<\/span><\/i><\/b><\/p>\n<p><b><i>22\u2019sine sensiz girse de girmese de&#8230;<span class=\"Apple-converted-space\">\u00a0<\/span><\/i><\/b><\/p>\n","protected":false},"excerpt":{"rendered":"<p>SADIK EREN Gecesi so\u011fuk g\u00fcnd\u00fcz\u00fc s\u0131cak bir \u00fclkede\u00a0 G\u00fcnler kald\u0131 yeni ya\u015f\u0131ma girmeme\u00a0 Ama senden ayr\u0131 oldu\u011fum g\u00fcnden<\/p>\n","protected":false},"author":1,"featured_media":617,"comment_status":"open","ping_status":"open","sticky":false,"template":"","format":"standard","meta":[],"categories":[3],"tags":[100,103,11],"yoast_head":"<!-- This site is optimized with the Yoast SEO plugin v15.5 - https:\/\/yoast.com\/wordpress\/plugins\/seo\/ -->\n<title>22 YA\u015eIMA G\u0130R\u0130YORUM - SES MAGAZINE<\/title>\n<meta name=\"robots\" content=\"index, follow, max-snippet:-1, max-image-preview:large, max-video-preview:-1\" \/>\n<link rel=\"canonical\" href=\"https:\/\/www.sesdergisi.ca\/?p=647\" \/>\n<meta property=\"og:locale\" content=\"en_US\" \/>\n<meta property=\"og:type\" content=\"article\" \/>\n<meta property=\"og:title\" content=\"22 YA\u015eIMA G\u0130R\u0130YORUM - SES MAGAZINE\" \/>\n<meta property=\"og:description\" content=\"SADIK EREN Gecesi so\u011fuk g\u00fcnd\u00fcz\u00fc s\u0131cak bir \u00fclkede\u00a0 G\u00fcnler kald\u0131 yeni ya\u015f\u0131ma girmeme\u00a0 Ama senden ayr\u0131 oldu\u011fum g\u00fcnden\" \/>\n<meta property=\"og:url\" content=\"https:\/\/www.sesdergisi.ca\/?p=647\" \/>\n<meta property=\"og:site_name\" content=\"SES MAGAZINE\" \/>\n<meta property=\"article:author\" content=\"https:\/\/www.facebook.com\/serifkanada\" \/>\n<meta property=\"article:published_time\" content=\"2020-02-01T22:55:02+00:00\" \/>\n<meta property=\"article:modified_time\" content=\"2020-02-01T22:55:03+00:00\" \/>\n<meta property=\"og:image\" content=\"https:\/\/www.sesdergisi.ca\/wp-content\/uploads\/2020\/02\/Canva-Closed-Blue-Wooden-Doors-scaled.jpg\" \/>\n\t<meta property=\"og:image:width\" content=\"267\" \/>\n\t<meta property=\"og:image:height\" content=\"400\" \/>\n<meta name=\"twitter:card\" content=\"summary_large_image\" \/>\n<meta name=\"twitter:creator\" content=\"@https:\/\/twitter.com\/serifcanada1\" \/>\n<meta name=\"twitter:label1\" content=\"Est. reading time\">\n\t<meta name=\"twitter:data1\" content=\"1 minute\">\n<script type=\"application\/ld+json\" class=\"yoast-schema-graph\">{\"@context\":\"https:\/\/schema.org\",\"@graph\":[{\"@type\":\"WebSite\",\"@id\":\"https:\/\/www.sesdergisi.ca\/#website\",\"url\":\"https:\/\/www.sesdergisi.ca\/\",\"name\":\"SES MAGAZINE\",\"description\":\"Literature \\u00b7 Analysis \\u00b7 Thought\",\"potentialAction\":[{\"@type\":\"SearchAction\",\"target\":\"https:\/\/www.sesdergisi.ca\/?s={search_term_string}\",\"query-input\":\"required name=search_term_string\"}],\"inLanguage\":\"en-US\"},{\"@type\":\"ImageObject\",\"@id\":\"https:\/\/www.sesdergisi.ca\/?p=647#primaryimage\",\"inLanguage\":\"en-US\",\"url\":\"https:\/\/www.sesdergisi.ca\/wp-content\/uploads\/2020\/02\/Canva-Closed-Blue-Wooden-Doors-scaled.jpg\",\"width\":267,\"height\":400},{\"@type\":\"WebPage\",\"@id\":\"https:\/\/www.sesdergisi.ca\/?p=647#webpage\",\"url\":\"https:\/\/www.sesdergisi.ca\/?p=647\",\"name\":\"22 YA\\u015eIMA G\\u0130R\\u0130YORUM - SES MAGAZINE\",\"isPartOf\":{\"@id\":\"https:\/\/www.sesdergisi.ca\/#website\"},\"primaryImageOfPage\":{\"@id\":\"https:\/\/www.sesdergisi.ca\/?p=647#primaryimage\"},\"datePublished\":\"2020-02-01T22:55:02+00:00\",\"dateModified\":\"2020-02-01T22:55:03+00:00\",\"author\":{\"@id\":\"https:\/\/www.sesdergisi.ca\/#\/schema\/person\/3c516e766267a63b4e8d607fa5496f02\"},\"inLanguage\":\"en-US\",\"potentialAction\":[{\"@type\":\"ReadAction\",\"target\":[\"https:\/\/www.sesdergisi.ca\/?p=647\"]}]},{\"@type\":\"Person\",\"@id\":\"https:\/\/www.sesdergisi.ca\/#\/schema\/person\/3c516e766267a63b4e8d607fa5496f02\",\"name\":\"\\u015eerif Ayd\\u0131n\",\"image\":{\"@type\":\"ImageObject\",\"@id\":\"https:\/\/www.sesdergisi.ca\/#personlogo\",\"inLanguage\":\"en-US\",\"url\":\"https:\/\/secure.gravatar.com\/avatar\/2527d3cadd34557e6b4a3479d29c21d4?s=96&d=mm&r=g\",\"caption\":\"\\u015eerif Ayd\\u0131n\"},\"sameAs\":[\"http:\/\/sesdergisi.ca\",\"https:\/\/www.facebook.com\/serifkanada\",\"https:\/\/www.instagram.com\/serifcanada\",\"https:\/\/www.linkedin.com\/in\/serif-aydin-16a0b31a4\",\"https:\/\/twitter.com\/https:\/\/twitter.com\/serifcanada1\"]}]}<\/script>\n<!-- \/ Yoast SEO plugin. -->","_links":{"self":[{"href":"https:\/\/www.sesdergisi.ca\/index.php?rest_route=\/wp\/v2\/posts\/647"}],"collection":[{"href":"https:\/\/www.sesdergisi.ca\/index.php?rest_route=\/wp\/v2\/posts"}],"about":[{"href":"https:\/\/www.sesdergisi.ca\/index.php?rest_route=\/wp\/v2\/types\/post"}],"author":[{"embeddable":true,"href":"https:\/\/www.sesdergisi.ca\/index.php?rest_route=\/wp\/v2\/users\/1"}],"replies":[{"embeddable":true,"href":"https:\/\/www.sesdergisi.ca\/index.php?rest_route=%2Fwp%2Fv2%2Fcomments&post=647"}],"version-history":[{"count":1,"href":"https:\/\/www.sesdergisi.ca\/index.php?rest_route=\/wp\/v2\/posts\/647\/revisions"}],"predecessor-version":[{"id":648,"href":"https:\/\/www.sesdergisi.ca\/index.php?rest_route=\/wp\/v2\/posts\/647\/revisions\/648"}],"wp:featuredmedia":[{"embeddable":true,"href":"https:\/\/www.sesdergisi.ca\/index.php?rest_route=\/wp\/v2\/media\/617"}],"wp:attachment":[{"href":"https:\/\/www.sesdergisi.ca\/index.php?rest_route=%2Fwp%2Fv2%2Fmedia&parent=647"}],"wp:term":[{"taxonomy":"category","embeddable":true,"href":"https:\/\/www.sesdergisi.ca\/index.php?rest_route=%2Fwp%2Fv2%2Fcategories&post=647"},{"taxonomy":"post_tag","embeddable":true,"href":"https:\/\/www.sesdergisi.ca\/index.php?rest_route=%2Fwp%2Fv2%2Ftags&post=647"}],"curies":[{"name":"wp","href":"https:\/\/api.w.org\/{rel}","templated":true}]}}