{"id":643,"date":"2020-02-01T22:49:41","date_gmt":"2020-02-01T22:49:41","guid":{"rendered":"https:\/\/www.sesdergisi.ca\/?p=643"},"modified":"2020-03-07T23:35:44","modified_gmt":"2020-03-07T23:35:44","slug":"bundan-mi","status":"publish","type":"post","link":"https:\/\/www.sesdergisi.ca\/?p=643","title":{"rendered":"BUNDAN MI?"},"content":{"rendered":"<p><iframe title=\"Bundan M\u0131?\" width=\"640\" height=\"360\" src=\"https:\/\/www.youtube.com\/embed\/a2px50HDjFY?feature=oembed\" frameborder=\"0\" allow=\"accelerometer; autoplay; clipboard-write; encrypted-media; gyroscope; picture-in-picture; web-share\" referrerpolicy=\"strict-origin-when-cross-origin\" allowfullscreen><\/iframe><\/p>\n<p>Mihman<\/p>\n<p>Sahici olan zamana m\u0131 k\u0131zg\u0131ns\u0131n<span class=\"Apple-converted-space\">\u00a0<\/span><\/p>\n<p>Gidi\u015finin ard\u0131n\u0131 d\u00fc\u015f\u00fcnmeyi\u015fin bundan m\u0131?<span class=\"Apple-converted-space\">\u00a0<\/span><\/p>\n<p>Sevdan\u0131n memleketine mi darg\u0131ns\u0131n<span class=\"Apple-converted-space\">\u00a0<\/span><\/p>\n<p>G\u00fcl\u00fc\u015f\u00fcnden mahrum etmen bundan m\u0131?<span class=\"Apple-converted-space\">\u00a0<\/span><\/p>\n<p>Hasret \u00e7\u00f6llerinde susuzlu\u011fun kitab\u0131<span class=\"Apple-converted-space\">\u00a0<\/span><\/p>\n<p>\u00d6zlemlerin, iklimlerin aras\u0131nda doland\u0131<span class=\"Apple-converted-space\">\u00a0<\/span><\/p>\n<p>Bak\u0131\u015f\u0131n i\u00e7imdeki sevda ate\u015fini yakt\u0131<span class=\"Apple-converted-space\">\u00a0<\/span><\/p>\n<p>Umudun ard\u0131ndan bak\u0131\u015f\u0131n bundan m\u0131?<span class=\"Apple-converted-space\">\u00a0<\/span><\/p>\n<p>Sava\u015f ortas\u0131nda bar\u0131\u015f\u0131 ne arars\u0131n<span class=\"Apple-converted-space\">\u00a0<\/span><\/p>\n<p>Bir t\u00fcrk\u00fc i\u00e7inde bulundu bulunan<span class=\"Apple-converted-space\">\u00a0<\/span><\/p>\n<p>Y\u00f6n taksiminde ne do\u011fusun ne bat\u0131s\u0131n<span class=\"Apple-converted-space\">\u00a0<\/span><\/p>\n<p>Bir t\u00fcrl\u00fc y\u00f6n\u00fcn\u00fc bulamaman bundan m\u0131?<span class=\"Apple-converted-space\">\u00a0<\/span><\/p>\n<p>K\u0131rkikindi ge\u00e7ti sevdan\u0131n \u00fczerinden<span class=\"Apple-converted-space\">\u00a0<\/span><\/p>\n<p>G\u00fcn geceye gece g\u00fcne hasretken<span class=\"Apple-converted-space\">\u00a0<\/span><\/p>\n<p>Kavu\u015fmak imk\u00e2ns\u0131z\u0131n serencam\u0131nda gezinirken<span class=\"Apple-converted-space\">\u00a0<\/span><\/p>\n<p>G\u00f6nl\u00fcndeki yanan ate\u015f bundan m\u0131?<span class=\"Apple-converted-space\">\u00a0<\/span><\/p>\n","protected":false},"excerpt":{"rendered":"<p>Mihman Sahici olan zamana m\u0131 k\u0131zg\u0131ns\u0131n\u00a0 Gidi\u015finin ard\u0131n\u0131 d\u00fc\u015f\u00fcnmeyi\u015fin bundan m\u0131?\u00a0 Sevdan\u0131n memleketine mi darg\u0131ns\u0131n\u00a0 G\u00fcl\u00fc\u015f\u00fcnden mahrum etmen<\/p>\n","protected":false},"author":1,"featured_media":621,"comment_status":"open","ping_status":"open","sticky":false,"template":"","format":"standard","meta":[],"categories":[3],"tags":[100,20,103,11,102],"yoast_head":"<!-- This site is optimized with the Yoast SEO plugin v15.5 - https:\/\/yoast.com\/wordpress\/plugins\/seo\/ -->\n<title>BUNDAN MI? - SES MAGAZINE<\/title>\n<meta name=\"robots\" content=\"index, follow, max-snippet:-1, max-image-preview:large, max-video-preview:-1\" \/>\n<link rel=\"canonical\" href=\"https:\/\/www.sesdergisi.ca\/?p=643\" \/>\n<meta property=\"og:locale\" content=\"en_US\" \/>\n<meta property=\"og:type\" content=\"article\" \/>\n<meta property=\"og:title\" content=\"BUNDAN MI? - SES MAGAZINE\" \/>\n<meta property=\"og:description\" content=\"Mihman Sahici olan zamana m\u0131 k\u0131zg\u0131ns\u0131n\u00a0 Gidi\u015finin ard\u0131n\u0131 d\u00fc\u015f\u00fcnmeyi\u015fin bundan m\u0131?\u00a0 Sevdan\u0131n memleketine mi darg\u0131ns\u0131n\u00a0 G\u00fcl\u00fc\u015f\u00fcnden mahrum etmen\" \/>\n<meta property=\"og:url\" content=\"https:\/\/www.sesdergisi.ca\/?p=643\" \/>\n<meta property=\"og:site_name\" content=\"SES MAGAZINE\" \/>\n<meta property=\"article:author\" content=\"https:\/\/www.facebook.com\/serifkanada\" \/>\n<meta property=\"article:published_time\" content=\"2020-02-01T22:49:41+00:00\" \/>\n<meta property=\"article:modified_time\" content=\"2020-03-07T23:35:44+00:00\" \/>\n<meta property=\"og:image\" content=\"https:\/\/www.sesdergisi.ca\/wp-content\/uploads\/2020\/02\/Canva-null-2-1-scaled.jpg\" \/>\n\t<meta property=\"og:image:width\" content=\"800\" \/>\n\t<meta property=\"og:image:height\" content=\"400\" \/>\n<meta name=\"twitter:card\" content=\"summary_large_image\" \/>\n<meta name=\"twitter:creator\" content=\"@https:\/\/twitter.com\/serifcanada1\" \/>\n<meta name=\"twitter:label1\" content=\"Est. reading time\">\n\t<meta name=\"twitter:data1\" content=\"1 minute\">\n<script type=\"application\/ld+json\" class=\"yoast-schema-graph\">{\"@context\":\"https:\/\/schema.org\",\"@graph\":[{\"@type\":\"WebSite\",\"@id\":\"https:\/\/www.sesdergisi.ca\/#website\",\"url\":\"https:\/\/www.sesdergisi.ca\/\",\"name\":\"SES MAGAZINE\",\"description\":\"Literature \\u00b7 Analysis \\u00b7 Thought\",\"potentialAction\":[{\"@type\":\"SearchAction\",\"target\":\"https:\/\/www.sesdergisi.ca\/?s={search_term_string}\",\"query-input\":\"required name=search_term_string\"}],\"inLanguage\":\"en-US\"},{\"@type\":\"ImageObject\",\"@id\":\"https:\/\/www.sesdergisi.ca\/?p=643#primaryimage\",\"inLanguage\":\"en-US\",\"url\":\"https:\/\/www.sesdergisi.ca\/wp-content\/uploads\/2020\/02\/Canva-null-2-1-scaled.jpg\",\"width\":800,\"height\":400},{\"@type\":\"WebPage\",\"@id\":\"https:\/\/www.sesdergisi.ca\/?p=643#webpage\",\"url\":\"https:\/\/www.sesdergisi.ca\/?p=643\",\"name\":\"BUNDAN MI? - SES MAGAZINE\",\"isPartOf\":{\"@id\":\"https:\/\/www.sesdergisi.ca\/#website\"},\"primaryImageOfPage\":{\"@id\":\"https:\/\/www.sesdergisi.ca\/?p=643#primaryimage\"},\"datePublished\":\"2020-02-01T22:49:41+00:00\",\"dateModified\":\"2020-03-07T23:35:44+00:00\",\"author\":{\"@id\":\"https:\/\/www.sesdergisi.ca\/#\/schema\/person\/3c516e766267a63b4e8d607fa5496f02\"},\"inLanguage\":\"en-US\",\"potentialAction\":[{\"@type\":\"ReadAction\",\"target\":[\"https:\/\/www.sesdergisi.ca\/?p=643\"]}]},{\"@type\":\"Person\",\"@id\":\"https:\/\/www.sesdergisi.ca\/#\/schema\/person\/3c516e766267a63b4e8d607fa5496f02\",\"name\":\"\\u015eerif Ayd\\u0131n\",\"image\":{\"@type\":\"ImageObject\",\"@id\":\"https:\/\/www.sesdergisi.ca\/#personlogo\",\"inLanguage\":\"en-US\",\"url\":\"https:\/\/secure.gravatar.com\/avatar\/2527d3cadd34557e6b4a3479d29c21d4?s=96&d=mm&r=g\",\"caption\":\"\\u015eerif Ayd\\u0131n\"},\"sameAs\":[\"http:\/\/sesdergisi.ca\",\"https:\/\/www.facebook.com\/serifkanada\",\"https:\/\/www.instagram.com\/serifcanada\",\"https:\/\/www.linkedin.com\/in\/serif-aydin-16a0b31a4\",\"https:\/\/twitter.com\/https:\/\/twitter.com\/serifcanada1\"]}]}<\/script>\n<!-- \/ Yoast SEO plugin. -->","_links":{"self":[{"href":"https:\/\/www.sesdergisi.ca\/index.php?rest_route=\/wp\/v2\/posts\/643"}],"collection":[{"href":"https:\/\/www.sesdergisi.ca\/index.php?rest_route=\/wp\/v2\/posts"}],"about":[{"href":"https:\/\/www.sesdergisi.ca\/index.php?rest_route=\/wp\/v2\/types\/post"}],"author":[{"embeddable":true,"href":"https:\/\/www.sesdergisi.ca\/index.php?rest_route=\/wp\/v2\/users\/1"}],"replies":[{"embeddable":true,"href":"https:\/\/www.sesdergisi.ca\/index.php?rest_route=%2Fwp%2Fv2%2Fcomments&post=643"}],"version-history":[{"count":2,"href":"https:\/\/www.sesdergisi.ca\/index.php?rest_route=\/wp\/v2\/posts\/643\/revisions"}],"predecessor-version":[{"id":776,"href":"https:\/\/www.sesdergisi.ca\/index.php?rest_route=\/wp\/v2\/posts\/643\/revisions\/776"}],"wp:featuredmedia":[{"embeddable":true,"href":"https:\/\/www.sesdergisi.ca\/index.php?rest_route=\/wp\/v2\/media\/621"}],"wp:attachment":[{"href":"https:\/\/www.sesdergisi.ca\/index.php?rest_route=%2Fwp%2Fv2%2Fmedia&parent=643"}],"wp:term":[{"taxonomy":"category","embeddable":true,"href":"https:\/\/www.sesdergisi.ca\/index.php?rest_route=%2Fwp%2Fv2%2Fcategories&post=643"},{"taxonomy":"post_tag","embeddable":true,"href":"https:\/\/www.sesdergisi.ca\/index.php?rest_route=%2Fwp%2Fv2%2Ftags&post=643"}],"curies":[{"name":"wp","href":"https:\/\/api.w.org\/{rel}","templated":true}]}}