{"id":640,"date":"2020-02-01T22:47:49","date_gmt":"2020-02-01T22:47:49","guid":{"rendered":"https:\/\/www.sesdergisi.ca\/?p=640"},"modified":"2020-02-01T22:47:50","modified_gmt":"2020-02-01T22:47:50","slug":"gecmis-zaman-hecelemeleri","status":"publish","type":"post","link":"https:\/\/www.sesdergisi.ca\/?p=640","title":{"rendered":"Ge\u00e7mi\u015f Zaman Hecelemeleri"},"content":{"rendered":"<p>Arif O. Ye\u015filyurt<\/p>\n<p><b><i>\u201cAl\u0131\u015fmakta \u00f6ld\u00fcr\u00fcr, bize bu keder fazla.\u201d<span class=\"Apple-converted-space\">\u00a0<\/span><\/i><\/b><\/p>\n<p><b><i>Geceleri n\u00f6bet tutard\u0131 babam,<span class=\"Apple-converted-space\">\u00a0<\/span><\/i><\/b><\/p>\n<p><b><i>Sabah\u0131n ilk \u0131\u015f\u0131klar\u0131yla gelirdi elinde ekmek, gazete.<span class=\"Apple-converted-space\">\u00a0<\/span><\/i><\/b><\/p>\n<p><b><i>Ekme\u011fi b\u00f6lerdi annem, g\u00f6z\u00fcm gazetede,<span class=\"Apple-converted-space\">\u00a0<\/span><\/i><\/b><\/p>\n<p><b><i>\u201cEn ge\u00e7 98 de Avrupa Birli\u011fine tam \u00fcyeyiz\u201d<span class=\"Apple-converted-space\">\u00a0<\/span><\/i><\/b><\/p>\n<p><b><i>Diye at\u0131lm\u0131\u015f bir man\u015fet<span class=\"Apple-converted-space\">\u00a0<\/span><\/i><\/b><\/p>\n<p><b><i>Ne Avrupa Birli\u011fi ne Birle\u015fmi\u015f Milletler \u00fcyeli\u011fi,<span class=\"Apple-converted-space\">\u00a0<\/span><\/i><\/b><\/p>\n<p><b><i>Camlar\u0131 k\u0131z\u0131la \u00e7alan bir evde, Mardin\u2019de,<span class=\"Apple-converted-space\">\u00a0<\/span><\/i><\/b><\/p>\n<p><b><i>Ya da havas\u0131 puslu co\u011frafyam\u0131n ,<span class=\"Apple-converted-space\">\u00a0<\/span><\/i><\/b><\/p>\n<p><b><i>K\u00f6m\u00fcr g\u00f6zl\u00fc insanlar\u0131nda kal\u0131rd\u0131 akl\u0131m.<span class=\"Apple-converted-space\">\u00a0<\/span><\/i><\/b><\/p>\n<p><b><i>&#8211;<\/i><\/b><\/p>\n<p><b><i>\u201cHeybem d\u00fc\u015f k\u0131r\u0131klar\u0131yla dolu,<span class=\"Apple-converted-space\">\u00a0<\/span><\/i><\/b><\/p>\n<p><b><i>G\u00fcnahlar\u0131m\u0131 s\u0131rt\u0131mda ta\u015f\u0131yorum.\u201d<span class=\"Apple-converted-space\">\u00a0<\/span><\/i><\/b><\/p>\n<p><b><i>Kadim \u015fehirlerin ulu mabedinde,<span class=\"Apple-converted-space\">\u00a0<\/span><\/i><\/b><\/p>\n<p><b><i>Karanfil kokulu ellerin g\u00f6\u011f\u00fcs kafesime dokunu\u015fudur bu.<span class=\"Apple-converted-space\">\u00a0<\/span><\/i><\/b><\/p>\n<p><b><i>\u0130nand\u0131\u011f\u0131m yanl\u0131\u015flardan do\u011frular\u0131 \u00e7\u0131karmakta h\u00fcnersiz olu\u015fum,<span class=\"Apple-converted-space\">\u00a0<\/span><\/i><\/b><\/p>\n<p><b><i>A\u011fz\u0131mda \u00e7alkalanan k\u00fcfr\u00fc yutkunu\u015fumdand\u0131r.<span class=\"Apple-converted-space\">\u00a0<\/span><\/i><\/b><\/p>\n<p><b><i>Bileklerimde ta\u015f\u0131r\u0131m \u00f6zg\u00fcrl\u00fc\u011f\u00fcn ve k\u00f6rl\u00fc\u011f\u00fcm\u00fcn izlerini,<span class=\"Apple-converted-space\">\u00a0<\/span><\/i><\/b><\/p>\n<p><b><i>Ki ben biraz da sana benziyorum.<span class=\"Apple-converted-space\">\u00a0<\/span><\/i><\/b><\/p>\n<p><b><i>&#8211;<\/i><\/b><\/p>\n<p><b><i>\u00c7\u0131plak ayakl\u0131, itelenmi\u015f, susuyorum\u2026<span class=\"Apple-converted-space\">\u00a0<\/span><\/i><\/b><\/p>\n<p><b><i>Yitirdi\u011fim her ne varsa kullu\u011fa yak\u0131\u015f\u0131r \u015fekilde bulmal\u0131yd\u0131m.<span class=\"Apple-converted-space\">\u00a0<\/span><\/i><\/b><\/p>\n<p><b><i>So\u011fuduk\u00e7a dudaklar\u0131m titremeliydi,<span class=\"Apple-converted-space\">\u00a0<\/span><\/i><\/b><\/p>\n<p><b><i>Berrak sular\u0131 i\u00e7imde yo\u011furmal\u0131yd\u0131m.<span class=\"Apple-converted-space\">\u00a0<\/span><\/i><\/b><\/p>\n<p><b><i>Silinmi\u015f bir haritada yabanc\u0131 konumuna d\u00fc\u015fen,<span class=\"Apple-converted-space\">\u00a0<\/span><\/i><\/b><\/p>\n<p><b><i>\u0130ki m\u00fclteci olmal\u0131yd\u0131k seninle,<span class=\"Apple-converted-space\">\u00a0<\/span><\/i><\/b><\/p>\n<p><b><i>Pay\u0131m\u0131za d\u00fc\u015feni almal\u0131yd\u0131k b\u00fcrokrasiden,<span class=\"Apple-converted-space\">\u00a0<\/span><\/i><\/b><\/p>\n<p><b><i>Ya da biz,<span class=\"Apple-converted-space\">\u00a0<\/span><\/i><\/b><\/p>\n<p><b><i>Biz olmayabilmeliydik.<span class=\"Apple-converted-space\">\u00a0<\/span><\/i><\/b><\/p>\n<p><b><i>&#8211;<\/i><\/b><\/p>\n<p><b><i>\u201cAkl\u0131m\u0131n en g\u00fczel tutulmu\u015flu\u011fudur s\u00f6zlerim.\u201d<span class=\"Apple-converted-space\">\u00a0<\/span><\/i><\/b><\/p>\n<p><b><i>Fikrimden g\u00f6zlerin ge\u00e7iyor belki de,<span class=\"Apple-converted-space\">\u00a0<\/span><\/i><\/b><\/p>\n<p><b><i>Belki de yava\u015f\u00e7a terk ediyor sahneyi,<span class=\"Apple-converted-space\">\u00a0<\/span><\/i><\/b><\/p>\n<p><b><i>K\u00f6r k\u00f6t\u00fcr\u00fcm sonbahar.<span class=\"Apple-converted-space\">\u00a0<\/span><\/i><\/b><\/p>\n<p><b><i>Mevsimler fikrimden g\u00f6\u00e7\u00fcyor sevgilim,<span class=\"Apple-converted-space\">\u00a0<\/span><\/i><\/b><\/p>\n<p><b><i>\u015eimdi hi\u00e7 zaman\u0131 de\u011fil eylemsizli\u011fimizin.<span class=\"Apple-converted-space\">\u00a0<\/span><\/i><\/b><\/p>\n<p><b><i>Kitaplar\u0131n \u00f6ns\u00f6z\u00fcne gelip kal\u0131yorum,<span class=\"Apple-converted-space\">\u00a0<\/span><\/i><\/b><\/p>\n<p><b><i>Sabahlar ne de sessiz geliyor sensizken,<span class=\"Apple-converted-space\">\u00a0<\/span><\/i><\/b><\/p>\n<p><b><i>Uykular\u0131m iyice hafifledi biliyor musun?<span class=\"Apple-converted-space\">\u00a0<\/span><\/i><\/b><\/p>\n<p><b><i>Uykudan bahsetmenin hi\u00e7 zaman\u0131 de\u011fil biliyorum.<span class=\"Apple-converted-space\">\u00a0<\/span><\/i><\/b><\/p>\n<p><b><i>&#8211;<\/i><\/b><\/p>\n<p><b><i>\u201cAy \u0131\u015f\u0131\u011f\u0131nda yol tutuyorum,<span class=\"Apple-converted-space\">\u00a0<\/span><\/i><\/b><\/p>\n<p><b><i>\u00d6l\u00fcm solu\u011fumda can veriyor.\u201d<span class=\"Apple-converted-space\">\u00a0<\/span><\/i><\/b><\/p>\n<p><b><i>Olur da s\u00f6z\u00fcn h\u00fckm\u00fc kalmazsa kitaplarda,<span class=\"Apple-converted-space\">\u00a0<\/span><\/i><\/b><\/p>\n<p><b><i>Uzun bir yolculu\u011fa \u00e7\u0131kal\u0131m uzak k\u00f6\u015felerine d\u00fcnyan\u0131n,<span class=\"Apple-converted-space\">\u00a0<\/span><\/i><\/b><\/p>\n<p><b><i>\u0130lahi emre haz\u0131r olal\u0131m zulme haz\u0131r oldu\u011fumuz gibi,<span class=\"Apple-converted-space\">\u00a0<\/span><\/i><\/b><\/p>\n<p><b><i>Biz gidersek belki kurtulur co\u011frafyam\u0131z,<span class=\"Apple-converted-space\">\u00a0<\/span><\/i><\/b><\/p>\n<p><b><i>Asya\u2019n\u0131n \u0131ss\u0131z topraklar\u0131 bereketlenir,<span class=\"Apple-converted-space\">\u00a0<\/span><\/i><\/b><\/p>\n<p><b><i>Mezopotamya tekrar ayd\u0131nl\u0131\u011f\u0131na kavu\u015fur.<span class=\"Apple-converted-space\">\u00a0<\/span><\/i><\/b><\/p>\n<p><b><i>Gidelim art\u0131k herkes gibi ya\u015famad\u0131k nas\u0131l olsa.<span class=\"Apple-converted-space\">\u00a0<\/span><\/i><\/b><\/p>\n","protected":false},"excerpt":{"rendered":"<p>Arif O. Ye\u015filyurt \u201cAl\u0131\u015fmakta \u00f6ld\u00fcr\u00fcr, bize bu keder fazla.\u201d\u00a0 Geceleri n\u00f6bet tutard\u0131 babam,\u00a0 Sabah\u0131n ilk \u0131\u015f\u0131klar\u0131yla gelirdi elinde<\/p>\n","protected":false},"author":1,"featured_media":616,"comment_status":"open","ping_status":"open","sticky":false,"template":"","format":"standard","meta":[],"categories":[3],"tags":[100,20,11,102],"yoast_head":"<!-- This site is optimized with the Yoast SEO plugin v15.5 - https:\/\/yoast.com\/wordpress\/plugins\/seo\/ -->\n<title>Ge\u00e7mi\u015f Zaman Hecelemeleri - SES MAGAZINE<\/title>\n<meta name=\"robots\" content=\"index, follow, max-snippet:-1, max-image-preview:large, max-video-preview:-1\" \/>\n<link rel=\"canonical\" href=\"https:\/\/www.sesdergisi.ca\/?p=640\" \/>\n<meta property=\"og:locale\" content=\"en_US\" \/>\n<meta property=\"og:type\" content=\"article\" \/>\n<meta property=\"og:title\" content=\"Ge\u00e7mi\u015f Zaman Hecelemeleri - SES MAGAZINE\" \/>\n<meta property=\"og:description\" content=\"Arif O. Ye\u015filyurt \u201cAl\u0131\u015fmakta \u00f6ld\u00fcr\u00fcr, bize bu keder fazla.\u201d\u00a0 Geceleri n\u00f6bet tutard\u0131 babam,\u00a0 Sabah\u0131n ilk \u0131\u015f\u0131klar\u0131yla gelirdi elinde\" \/>\n<meta property=\"og:url\" content=\"https:\/\/www.sesdergisi.ca\/?p=640\" \/>\n<meta property=\"og:site_name\" content=\"SES MAGAZINE\" \/>\n<meta property=\"article:author\" content=\"https:\/\/www.facebook.com\/serifkanada\" \/>\n<meta property=\"article:published_time\" content=\"2020-02-01T22:47:49+00:00\" \/>\n<meta property=\"article:modified_time\" content=\"2020-02-01T22:47:50+00:00\" \/>\n<meta property=\"og:image\" content=\"https:\/\/www.sesdergisi.ca\/wp-content\/uploads\/2020\/02\/Canva-Brown-and-Black-Concrete-Bridge-during-Night-scaled.jpg\" \/>\n\t<meta property=\"og:image:width\" content=\"600\" \/>\n\t<meta property=\"og:image:height\" content=\"400\" \/>\n<meta name=\"twitter:card\" content=\"summary_large_image\" \/>\n<meta name=\"twitter:creator\" content=\"@https:\/\/twitter.com\/serifcanada1\" \/>\n<meta name=\"twitter:label1\" content=\"Est. reading time\">\n\t<meta name=\"twitter:data1\" content=\"1 minute\">\n<script type=\"application\/ld+json\" class=\"yoast-schema-graph\">{\"@context\":\"https:\/\/schema.org\",\"@graph\":[{\"@type\":\"WebSite\",\"@id\":\"https:\/\/www.sesdergisi.ca\/#website\",\"url\":\"https:\/\/www.sesdergisi.ca\/\",\"name\":\"SES MAGAZINE\",\"description\":\"Literature \\u00b7 Analysis \\u00b7 Thought\",\"potentialAction\":[{\"@type\":\"SearchAction\",\"target\":\"https:\/\/www.sesdergisi.ca\/?s={search_term_string}\",\"query-input\":\"required name=search_term_string\"}],\"inLanguage\":\"en-US\"},{\"@type\":\"ImageObject\",\"@id\":\"https:\/\/www.sesdergisi.ca\/?p=640#primaryimage\",\"inLanguage\":\"en-US\",\"url\":\"https:\/\/www.sesdergisi.ca\/wp-content\/uploads\/2020\/02\/Canva-Brown-and-Black-Concrete-Bridge-during-Night-scaled.jpg\",\"width\":600,\"height\":400},{\"@type\":\"WebPage\",\"@id\":\"https:\/\/www.sesdergisi.ca\/?p=640#webpage\",\"url\":\"https:\/\/www.sesdergisi.ca\/?p=640\",\"name\":\"Ge\\u00e7mi\\u015f Zaman Hecelemeleri - SES MAGAZINE\",\"isPartOf\":{\"@id\":\"https:\/\/www.sesdergisi.ca\/#website\"},\"primaryImageOfPage\":{\"@id\":\"https:\/\/www.sesdergisi.ca\/?p=640#primaryimage\"},\"datePublished\":\"2020-02-01T22:47:49+00:00\",\"dateModified\":\"2020-02-01T22:47:50+00:00\",\"author\":{\"@id\":\"https:\/\/www.sesdergisi.ca\/#\/schema\/person\/3c516e766267a63b4e8d607fa5496f02\"},\"inLanguage\":\"en-US\",\"potentialAction\":[{\"@type\":\"ReadAction\",\"target\":[\"https:\/\/www.sesdergisi.ca\/?p=640\"]}]},{\"@type\":\"Person\",\"@id\":\"https:\/\/www.sesdergisi.ca\/#\/schema\/person\/3c516e766267a63b4e8d607fa5496f02\",\"name\":\"\\u015eerif Ayd\\u0131n\",\"image\":{\"@type\":\"ImageObject\",\"@id\":\"https:\/\/www.sesdergisi.ca\/#personlogo\",\"inLanguage\":\"en-US\",\"url\":\"https:\/\/secure.gravatar.com\/avatar\/2527d3cadd34557e6b4a3479d29c21d4?s=96&d=mm&r=g\",\"caption\":\"\\u015eerif Ayd\\u0131n\"},\"sameAs\":[\"http:\/\/sesdergisi.ca\",\"https:\/\/www.facebook.com\/serifkanada\",\"https:\/\/www.instagram.com\/serifcanada\",\"https:\/\/www.linkedin.com\/in\/serif-aydin-16a0b31a4\",\"https:\/\/twitter.com\/https:\/\/twitter.com\/serifcanada1\"]}]}<\/script>\n<!-- \/ Yoast SEO plugin. -->","_links":{"self":[{"href":"https:\/\/www.sesdergisi.ca\/index.php?rest_route=\/wp\/v2\/posts\/640"}],"collection":[{"href":"https:\/\/www.sesdergisi.ca\/index.php?rest_route=\/wp\/v2\/posts"}],"about":[{"href":"https:\/\/www.sesdergisi.ca\/index.php?rest_route=\/wp\/v2\/types\/post"}],"author":[{"embeddable":true,"href":"https:\/\/www.sesdergisi.ca\/index.php?rest_route=\/wp\/v2\/users\/1"}],"replies":[{"embeddable":true,"href":"https:\/\/www.sesdergisi.ca\/index.php?rest_route=%2Fwp%2Fv2%2Fcomments&post=640"}],"version-history":[{"count":1,"href":"https:\/\/www.sesdergisi.ca\/index.php?rest_route=\/wp\/v2\/posts\/640\/revisions"}],"predecessor-version":[{"id":641,"href":"https:\/\/www.sesdergisi.ca\/index.php?rest_route=\/wp\/v2\/posts\/640\/revisions\/641"}],"wp:featuredmedia":[{"embeddable":true,"href":"https:\/\/www.sesdergisi.ca\/index.php?rest_route=\/wp\/v2\/media\/616"}],"wp:attachment":[{"href":"https:\/\/www.sesdergisi.ca\/index.php?rest_route=%2Fwp%2Fv2%2Fmedia&parent=640"}],"wp:term":[{"taxonomy":"category","embeddable":true,"href":"https:\/\/www.sesdergisi.ca\/index.php?rest_route=%2Fwp%2Fv2%2Fcategories&post=640"},{"taxonomy":"post_tag","embeddable":true,"href":"https:\/\/www.sesdergisi.ca\/index.php?rest_route=%2Fwp%2Fv2%2Ftags&post=640"}],"curies":[{"name":"wp","href":"https:\/\/api.w.org\/{rel}","templated":true}]}}