{"id":636,"date":"2020-02-01T22:44:23","date_gmt":"2020-02-01T22:44:23","guid":{"rendered":"https:\/\/www.sesdergisi.ca\/?p=636"},"modified":"2020-02-01T22:44:25","modified_gmt":"2020-02-01T22:44:25","slug":"aynalar","status":"publish","type":"post","link":"https:\/\/www.sesdergisi.ca\/?p=636","title":{"rendered":"AYNALAR"},"content":{"rendered":"<p><b>SEYFULLAH SAC\u0130T<\/b><\/p>\n<p><b>En \u00e7ok kendi hakikatimle y\u00fczle\u015fmek bana zor geliyordu. Ulv\u00ee hakikatler pe\u015finde ko\u015ftu<\/b>\u011f<b>um hayal ufkundaki adam olmad\u0131<\/b>\u011f<b>\u0131m\u0131 d\u00fc\u015f\u00fcn\u00fcyordum<span class=\"Apple-converted-space\">\u00a0<\/span><\/b><\/p>\n<p>G\u00f6r\u00fcnt\u00fclerin da\u011flardan tepelerden uza\u011fa gitti\u011fi vakitlerin k\u0131skac\u0131nda do\u011furdu zihnim harmanland\u0131\u011f\u0131 kelimeleri. Tahayy\u00fcl ufkumda y\u00fcce hayaller pe\u015finde ko\u015fmam\u0131n d\u0131\u015f\u0131nda rahatlayam\u0131yordum. Hakikat orman\u0131nda kaybolman\u0131n ac\u0131s\u0131yla ge\u00e7ti\u011fim bu \u00e2lemin i\u00e7inde bir meczuba d\u00f6n\u00fc\u015ft\u00fc ahvalim. Fikir ve d\u00fc\u015f\u00fcnce umman\u0131ndan kovulman\u0131n bende olu\u015fturdu\u011fu hezeyan, i\u00e7i bo\u015f kelimeler \u00fclkesinde ayr\u0131l\u0131k ac\u0131s\u0131na d\u00f6n\u00fc\u015ft\u00fc.<span class=\"Apple-converted-space\">\u00a0<\/span><\/p>\n<p>Zaman\u0131n ila\u00e7 olamayaca\u011f\u0131 anlar\u0131n hicran\u0131 i\u00e7inde dola\u015ft\u0131m k\u00f6\u015fe bucak bu beldede. S\u00f6zc\u00fckler kaybolmu\u015f anlamlar\u0131yla kar\u015f\u0131mda h\u0131\u00e7k\u0131r\u0131klara bo\u011fuluyordu. Benimse g\u00fcc\u00fcm olmad\u0131\u011f\u0131ndan onlara hakiki anlamlar\u0131n\u0131 iade edemiyordum. Bilmenin yetersiz kald\u0131\u011f\u0131 vakitlerin i\u00e7inden ge\u00e7iyordum. G\u00fc\u00e7s\u00fczl\u00fck mefhumunun en doruk noktas\u0131nda duruyordum. Hi\u00e7 bir \u015fey de\u011fi\u015fmiyordu.<span class=\"Apple-converted-space\">\u00a0<\/span><\/p>\n<p>Onca ac\u0131 ve keder y\u00fck\u00fcnden yoksun ya\u015fayanlar\u0131n ortas\u0131nda gamdan da\u011flar kurmal\u0131y\u0131m diyen \u015fairin hissiyat\u0131n\u0131 payla\u015f\u0131yordum. Hayal \u00e2leminde \u00fclkemin topraklar\u0131 \u00fczerinde adalet r\u00fczg\u00e2rlar\u0131 estiriyordum. Kahramanlar doluyordu her bir yana. Hepsi ayr\u0131 bir g\u00fczel hasletle kar\u015f\u0131mda g\u00fcl\u00fcms\u00fcyordu. \u00dcmit r\u00fczg\u00e2rlar\u0131 esiyordu d\u00f6rt bir yan\u0131mda o an. Tahayy\u00fcl ufkunda hala y\u00fcce d\u00fc\u015f\u00fcnceler i\u00e7inde geziniyordum.<span class=\"Apple-converted-space\">\u00a0<\/span><\/p>\n<p>Uzunca bir s\u00fcre devam etsin diye u\u011fra\u015fsam da olmuyordu o ufukta gezinmek. Ger\u00e7eklikle y\u00fczle\u015fti\u011fim anlarda kelimelere anlam y\u00fcklemekten yoksun bir vaziyette, yazmay\u0131 dahi ge\u00e7tim, konu\u015fmaya bile mecal bulamad\u0131\u011f\u0131m i\u00e7in y\u0131\u011f\u0131l\u0131yordum oldu\u011fum yere. Uyku hali bast\u0131r\u0131yordu o an. Ger\u00e7ekle y\u00fczle\u015fmekten uyku vas\u0131tas\u0131yla ka\u00e7\u0131yordum belki de. Bilemiyorum&#8230;<span class=\"Apple-converted-space\">\u00a0<\/span><\/p>\n<p>En \u00e7ok kendi hakikatimle y\u00fczle\u015fmek bana zor geliyordu. Ulv\u00ee hakikatler pe\u015finde ko\u015ftu\u011fum hayal ufkundaki adam olmad\u0131\u011f\u0131m\u0131 d\u00fc\u015f\u00fcn\u00fcyordum. Bu ac\u0131 veren d\u00fc\u015f\u00fcnce beynimi uyu\u015fturuncaya kadar zihnimden gitmiyordu. Daha fazla dayanamay\u0131p oldu\u011fum yere y\u0131\u011f\u0131l\u0131p uyumak istiyordum.<span class=\"Apple-converted-space\">\u00a0<\/span><\/p>\n<p>Ger\u00e7ekte ben kimim? Bunu \u00f6\u011frenmeye hi\u00e7 tahamm\u00fcl\u00fcm yoktu sanki. Geceler hayallerle, g\u00fcnd\u00fczler ise o g\u00fczel hayalleri ba\u015farma hevesiyle ge\u00e7ip gidiyordu. Bir \u015fey eksikti ama&#8230; Hi\u00e7 biri ger\u00e7ekle\u015fmiyordu. Ben olmamas\u0131n\u0131 kendime ba\u011fl\u0131yordum. Bir \u015fey eksik diyordu bana&#8230; Benden o kahraman \u00e7\u0131kmazd\u0131 sanki. Kendimle y\u00fczle\u015fmem gerekti\u011finin idrakinde olsam da, o k\u00f6t\u00fc y\u00fcz\u00fcm\u00fc tan\u0131maktan korkarak sabahl\u0131yordum. Yine uyku ve yine bu k\u0131s\u0131r d\u00f6ng\u00fcn\u00fcn i\u00e7inde bir g\u00fcn daha&#8230;<span class=\"Apple-converted-space\">\u00a0<\/span><\/p>\n<p>Zaman ge\u00e7tik\u00e7e bu sava\u015f\u0131n bir ka\u00e7 noktas\u0131nda kendimle y\u00fczle\u015fmeye \u00e7al\u0131\u015ft\u0131m. Ben kimim sorusuna cevap arad\u0131k\u00e7a daha b\u00fcy\u00fck bir girdab\u0131n i\u00e7ine girdi\u011fimi itiraf etmeliyim. Her yerde aynalar ve ben bu aynalardan ka\u00e7\u0131yordum. Tarih boyunca i\u015flenmi\u015f her su\u00e7un, her g\u00fcnah\u0131n izlerini y\u00fcz\u00fcmde g\u00f6r\u00fcyordum. Aynalar zindan ve ben bu zindandan ka\u00e7maya \u00e7al\u0131\u015ft\u0131k\u00e7a daha \u00e7ok zindan\u0131n i\u00e7ine d\u00fc\u015fen bi\u00e7are adam. Ba\u015fka bir \u015fairin dedi\u011fi \u015fey do\u011fuyordu g\u00f6nl\u00fcme bu kez. Susup i\u00e7imden sadece onu tekrarl\u0131yordum.<span class=\"Apple-converted-space\">\u00a0<\/span><\/p>\n<p>\u201c\u00c7\u0131kamam, aynalar, aynalar zindan.<span class=\"Apple-converted-space\">\u00a0<\/span><\/p>\n<p>Bakamam, aynada, aynada vicdan;<span class=\"Apple-converted-space\">\u00a0<\/span><\/p>\n<p>Beni beklemeyin, o bir hevesti;<span class=\"Apple-converted-space\">\u00a0<\/span><\/p>\n<p>Gelemem, aynalar yolumu kesti.\u201d<span class=\"Apple-converted-space\">\u00a0<\/span><\/p>\n<p>Kesti&#8230; Aynalar yolumu kesti. Ben bu aynalardan kurtulup \u00e7\u0131kamad\u0131\u011f\u0131m zindan\u0131mda anlam dolu kelimeler y\u00fckl\u00fc c\u00fcmleler kurmaya devam ediyorum. Daha da zindana hapsolarak, daha da kendimden ka\u00e7arak&#8230; D\u0131\u015f\u0131mda bir \u00e2lemden habersiz ya\u015fayarak\u2026 O bir hevesti demek \u00e7ok zoruma gidiyor. \u015eair kadar cesaretli olam\u0131yorum. \u00c7\u00fcnk\u00fc bir hevesten daha fazlas\u0131 oldu\u011funa kendimi inand\u0131rmak istiyorum. Yoksa kaybolaca\u011f\u0131m&#8230; Yok olaca\u011f\u0131m&#8230;<span class=\"Apple-converted-space\">\u00a0<\/span><\/p>\n","protected":false},"excerpt":{"rendered":"<p>SEYFULLAH SAC\u0130T En \u00e7ok kendi hakikatimle y\u00fczle\u015fmek bana zor geliyordu. Ulv\u00ee hakikatler pe\u015finde ko\u015ftu\u011fum hayal ufkundaki adam olmad\u0131\u011f\u0131m\u0131<\/p>\n","protected":false},"author":1,"featured_media":611,"comment_status":"open","ping_status":"open","sticky":false,"template":"","format":"standard","meta":[],"categories":[2],"tags":[12,100],"yoast_head":"<!-- This site is optimized with the Yoast SEO plugin v15.5 - https:\/\/yoast.com\/wordpress\/plugins\/seo\/ -->\n<title>AYNALAR - SES MAGAZINE<\/title>\n<meta name=\"robots\" content=\"index, follow, max-snippet:-1, max-image-preview:large, max-video-preview:-1\" \/>\n<link rel=\"canonical\" href=\"https:\/\/www.sesdergisi.ca\/?p=636\" \/>\n<meta property=\"og:locale\" content=\"en_US\" \/>\n<meta property=\"og:type\" content=\"article\" \/>\n<meta property=\"og:title\" content=\"AYNALAR - SES MAGAZINE\" \/>\n<meta property=\"og:description\" content=\"SEYFULLAH SAC\u0130T En \u00e7ok kendi hakikatimle y\u00fczle\u015fmek bana zor geliyordu. Ulv\u00ee hakikatler pe\u015finde ko\u015ftu\u011fum hayal ufkundaki adam olmad\u0131\u011f\u0131m\u0131\" \/>\n<meta property=\"og:url\" content=\"https:\/\/www.sesdergisi.ca\/?p=636\" \/>\n<meta property=\"og:site_name\" content=\"SES MAGAZINE\" \/>\n<meta property=\"article:author\" content=\"https:\/\/www.facebook.com\/serifkanada\" \/>\n<meta property=\"article:published_time\" content=\"2020-02-01T22:44:23+00:00\" \/>\n<meta property=\"article:modified_time\" content=\"2020-02-01T22:44:25+00:00\" \/>\n<meta property=\"og:image\" content=\"https:\/\/www.sesdergisi.ca\/wp-content\/uploads\/2020\/02\/Canva-Black-Vehicle-Side-Mirror-1-scaled.jpg\" \/>\n\t<meta property=\"og:image:width\" content=\"600\" \/>\n\t<meta property=\"og:image:height\" content=\"400\" \/>\n<meta name=\"twitter:card\" content=\"summary_large_image\" \/>\n<meta name=\"twitter:creator\" content=\"@https:\/\/twitter.com\/serifcanada1\" \/>\n<meta name=\"twitter:label1\" content=\"Est. reading time\">\n\t<meta name=\"twitter:data1\" content=\"3 minutes\">\n<script type=\"application\/ld+json\" class=\"yoast-schema-graph\">{\"@context\":\"https:\/\/schema.org\",\"@graph\":[{\"@type\":\"WebSite\",\"@id\":\"https:\/\/www.sesdergisi.ca\/#website\",\"url\":\"https:\/\/www.sesdergisi.ca\/\",\"name\":\"SES MAGAZINE\",\"description\":\"Literature \\u00b7 Analysis \\u00b7 Thought\",\"potentialAction\":[{\"@type\":\"SearchAction\",\"target\":\"https:\/\/www.sesdergisi.ca\/?s={search_term_string}\",\"query-input\":\"required name=search_term_string\"}],\"inLanguage\":\"en-US\"},{\"@type\":\"ImageObject\",\"@id\":\"https:\/\/www.sesdergisi.ca\/?p=636#primaryimage\",\"inLanguage\":\"en-US\",\"url\":\"https:\/\/www.sesdergisi.ca\/wp-content\/uploads\/2020\/02\/Canva-Black-Vehicle-Side-Mirror-1-scaled.jpg\",\"width\":600,\"height\":400},{\"@type\":\"WebPage\",\"@id\":\"https:\/\/www.sesdergisi.ca\/?p=636#webpage\",\"url\":\"https:\/\/www.sesdergisi.ca\/?p=636\",\"name\":\"AYNALAR - SES MAGAZINE\",\"isPartOf\":{\"@id\":\"https:\/\/www.sesdergisi.ca\/#website\"},\"primaryImageOfPage\":{\"@id\":\"https:\/\/www.sesdergisi.ca\/?p=636#primaryimage\"},\"datePublished\":\"2020-02-01T22:44:23+00:00\",\"dateModified\":\"2020-02-01T22:44:25+00:00\",\"author\":{\"@id\":\"https:\/\/www.sesdergisi.ca\/#\/schema\/person\/3c516e766267a63b4e8d607fa5496f02\"},\"inLanguage\":\"en-US\",\"potentialAction\":[{\"@type\":\"ReadAction\",\"target\":[\"https:\/\/www.sesdergisi.ca\/?p=636\"]}]},{\"@type\":\"Person\",\"@id\":\"https:\/\/www.sesdergisi.ca\/#\/schema\/person\/3c516e766267a63b4e8d607fa5496f02\",\"name\":\"\\u015eerif Ayd\\u0131n\",\"image\":{\"@type\":\"ImageObject\",\"@id\":\"https:\/\/www.sesdergisi.ca\/#personlogo\",\"inLanguage\":\"en-US\",\"url\":\"https:\/\/secure.gravatar.com\/avatar\/2527d3cadd34557e6b4a3479d29c21d4?s=96&d=mm&r=g\",\"caption\":\"\\u015eerif Ayd\\u0131n\"},\"sameAs\":[\"http:\/\/sesdergisi.ca\",\"https:\/\/www.facebook.com\/serifkanada\",\"https:\/\/www.instagram.com\/serifcanada\",\"https:\/\/www.linkedin.com\/in\/serif-aydin-16a0b31a4\",\"https:\/\/twitter.com\/https:\/\/twitter.com\/serifcanada1\"]}]}<\/script>\n<!-- \/ Yoast SEO plugin. -->","_links":{"self":[{"href":"https:\/\/www.sesdergisi.ca\/index.php?rest_route=\/wp\/v2\/posts\/636"}],"collection":[{"href":"https:\/\/www.sesdergisi.ca\/index.php?rest_route=\/wp\/v2\/posts"}],"about":[{"href":"https:\/\/www.sesdergisi.ca\/index.php?rest_route=\/wp\/v2\/types\/post"}],"author":[{"embeddable":true,"href":"https:\/\/www.sesdergisi.ca\/index.php?rest_route=\/wp\/v2\/users\/1"}],"replies":[{"embeddable":true,"href":"https:\/\/www.sesdergisi.ca\/index.php?rest_route=%2Fwp%2Fv2%2Fcomments&post=636"}],"version-history":[{"count":1,"href":"https:\/\/www.sesdergisi.ca\/index.php?rest_route=\/wp\/v2\/posts\/636\/revisions"}],"predecessor-version":[{"id":637,"href":"https:\/\/www.sesdergisi.ca\/index.php?rest_route=\/wp\/v2\/posts\/636\/revisions\/637"}],"wp:featuredmedia":[{"embeddable":true,"href":"https:\/\/www.sesdergisi.ca\/index.php?rest_route=\/wp\/v2\/media\/611"}],"wp:attachment":[{"href":"https:\/\/www.sesdergisi.ca\/index.php?rest_route=%2Fwp%2Fv2%2Fmedia&parent=636"}],"wp:term":[{"taxonomy":"category","embeddable":true,"href":"https:\/\/www.sesdergisi.ca\/index.php?rest_route=%2Fwp%2Fv2%2Fcategories&post=636"},{"taxonomy":"post_tag","embeddable":true,"href":"https:\/\/www.sesdergisi.ca\/index.php?rest_route=%2Fwp%2Fv2%2Ftags&post=636"}],"curies":[{"name":"wp","href":"https:\/\/api.w.org\/{rel}","templated":true}]}}