{"id":595,"date":"2020-02-01T16:54:36","date_gmt":"2020-02-01T16:54:36","guid":{"rendered":"https:\/\/www.sesdergisi.ca\/?p=595"},"modified":"2020-02-01T16:58:00","modified_gmt":"2020-02-01T16:58:00","slug":"fridanin-vazgectigi","status":"publish","type":"post","link":"https:\/\/www.sesdergisi.ca\/?p=595","title":{"rendered":"Frida&#8217;n\u0131n Vazge\u00e7ti\u011fi"},"content":{"rendered":"\n<h4 class=\"has-text-align-right\">\u015eER\u0130F AYDIN<\/h4>\n\n\n\n<p>\u00a0<\/p>\n<p><iframe title=\"Frida&#039;n\u0131n Vazge\u00e7ti\u011fi\" width=\"640\" height=\"360\" src=\"https:\/\/www.youtube.com\/embed\/UemjeSz5mtI?feature=oembed\" frameborder=\"0\" allow=\"accelerometer; autoplay; clipboard-write; encrypted-media; gyroscope; picture-in-picture; web-share\" referrerpolicy=\"strict-origin-when-cross-origin\" allowfullscreen><\/iframe><\/p>\n<blockquote>\n<p style=\"text-align: justify;\">Ressam Diego Rivera\u2019\u0131n \u201cHi\u00e7bir kad\u0131n\u0131n tuvale b\u00f6ylesine ac\u0131 veren bir \u015fiir i\u015fledi\u011fine inanm\u0131yorum\u201d s\u00f6zlerini sarfetti\u011fi ve benden daha b\u00fcy\u00fck bir sanat\u00e7\u0131d\u0131r dedi\u011fi Meksikal\u0131 bir ressam\u2026<\/p>\n<\/blockquote>\n<p style=\"text-align: justify;\">Ve yirminci y\u00fczy\u0131l\u0131n pop\u00fcler ikonu haline gelen \u00fcnl\u00fc s\u00fcrrealist f\u0131r\u00e7ad\u0131r Frida.<\/p>\n<p style=\"text-align: justify;\">Frida\u2019n\u0131n vazge\u00e7ti\u011fi tek sevgisi ve umudu e\u015fi b\u00fcy\u00fck ressam Diego Rivera\u2019d\u0131r. Onun i\u00e7in \u015fu tarihi notu b\u0131rak\u0131r. \u201c\u0130ki b\u00fcy\u00fck kaza ge\u00e7irdim Diego, Tramvay ve sen. En k\u00f6t\u00fcs\u00fc sendin!..\u201d<span class=\"Apple-converted-space\">\u00a0<\/span><\/p>\n<p style=\"text-align: justify;\">Frida, e\u015fi Diego\u2019dan neden, ne zaman m\u0131 vazge\u00e7ti?<span class=\"Apple-converted-space\">\u00a0<\/span><\/p>\n<p style=\"text-align: justify;\">Frida\u2019n\u0131n yazd\u0131\u011f\u0131 mektubunu okurken ba\u015f\u0131na takt\u0131\u011f\u0131 g\u00fcl\u00fcn yapraklar\u0131n\u0131n nas\u0131l birer birer d\u00f6k\u00fcld\u00fc\u011f\u00fcn\u00fc g\u00f6r\u00fcr gibi oldum. A\u015fkla evlendi\u011fi e\u015finden yaprak yaprak d\u00fc\u015f\u00fc\u015f\u00fcn\u00fc anlatay\u0131m Frida\u2019n\u0131n.<\/p>\n<p style=\"text-align: justify;\">Diego\u2019dan, k\u00f6t\u00fc g\u00fcn\u00fcnde yan\u0131nda olmad\u0131\u011f\u0131 zaman vazge\u00e7ti, Frida.<\/p>\n<p style=\"text-align: justify;\">Diegon\u2019un can\u0131 s\u0131k\u0131ld\u0131\u011f\u0131nda onunla payla\u015fmad\u0131\u011f\u0131n\u0131, k\u0131r\u0131lacak veya tedirgin olacak olsa bile d\u00fc\u015f\u00fcncelerini a\u00e7\u0131k\u00e7a s\u00f6ylemedi\u011fini anlad\u0131\u011f\u0131 zaman vazge\u00e7ti.<\/p>\n<p style=\"text-align: justify;\">Ona yalan s\u00f6yledi\u011fini anlad\u0131\u011f\u0131 zaman&#8230;<\/p>\n<p style=\"text-align: justify;\">G\u00f6zlerine bakt\u0131\u011f\u0131nda kalbiyle bakmad\u0131\u011f\u0131n\u0131 ve ona hala s\u00f6ylemedi\u011fi \u015feyler oldu\u011funu hissetti\u011finde vazge\u00e7ti.<\/p>\n<p style=\"text-align: justify;\">Diego\u2019nun her sabah onunla uyanmak istemedi\u011fini, ve ikisinin gelece\u011finin hi\u00e7bir yere gitmedi\u011fini anlad\u0131\u011f\u0131 zaman vazge\u00e7ti.<\/p>\n<p style=\"text-align: justify;\">D\u00fc\u015f\u00fcncelerine ve de\u011ferlerine de\u011fer vermedi\u011fi i\u00e7in vazge\u00e7ti.<\/p>\n<p style=\"text-align: justify;\">Ressamd\u0131 Frida, e\u015fti ayn\u0131 zamanda. A\u011fr\u0131lar\u0131 olsa da evlilik s\u00f6zlemesine tek madde koymu\u015ftu. SADAKAT. Yapamad\u0131 Diego. A\u011fr\u0131lar\u0131n\u0131 dindirecek s\u0131cak sevgiyi ona vermedi\u011finde vazge\u00e7ti.<\/p>\n<p style=\"text-align: justify;\">Biraz bencilce g\u00f6r\u00fcyordu Diego\u2019yu, haks\u0131z da say\u0131lmazd\u0131. Sadece kendi mutlulu\u011funu ve gelece\u011fini d\u00fc\u015f\u00fcnerek onu hi\u00e7e sayd\u0131\u011f\u0131 i\u00e7in vazge\u00e7ti.<\/p>\n<p style=\"text-align: justify;\">Tablolar\u0131nda art\u0131k kendini mutlu \u00e7izemedi\u011fi ve tek nedeni \u201cDiego\u201d oldu\u011fun i\u00e7in vazge\u00e7ti.<\/p>\n<p style=\"text-align: justify;\">Diego bencil oldu\u011fu i\u00e7in vazge\u00e7ti.<\/p>\n<p style=\"text-align: justify;\">Bunlar\u0131 s\u0131ralarken mektubunu \u015f\u00f6yle bitiriyor Frida: \u201cBunlardan sadece bir tanesi senden vazge\u00e7mem i\u00e7in yeterli de\u011fildi, \u00e7\u00fcnk\u00fc sevgim y\u00fcceydi.<\/p>\n<p style=\"text-align: justify;\">Ama hepsini d\u00fc\u015f\u00fcnd\u00fc\u011f\u00fcmde senin benden \u00e7oktan vazge\u00e7ti\u011fini anlad\u0131m.<\/p>\n<p style=\"text-align: justify;\">Bu y\u00fczden ben de senden vazge\u00e7tim.\u201d<\/p>\n<p style=\"text-align: justify;\">Frida\u2026 A\u015fk\u0131n yendi\u011fi kad\u0131n\u2026<span class=\"Apple-converted-space\">\u00a0<\/span><\/p>\n","protected":false},"excerpt":{"rendered":"<p>\u015eER\u0130F AYDIN \u00a0 Ressam Diego Rivera\u2019\u0131n \u201cHi\u00e7bir kad\u0131n\u0131n tuvale b\u00f6ylesine ac\u0131 veren bir \u015fiir i\u015fledi\u011fine inanm\u0131yorum\u201d s\u00f6zlerini sarfetti\u011fi<\/p>\n","protected":false},"author":1,"featured_media":596,"comment_status":"open","ping_status":"open","sticky":false,"template":"","format":"standard","meta":[],"categories":[2,18],"tags":[12,96,9,10,21,64],"yoast_head":"<!-- This site is optimized with the Yoast SEO plugin v15.5 - https:\/\/yoast.com\/wordpress\/plugins\/seo\/ -->\n<title>Frida&#039;n\u0131n Vazge\u00e7ti\u011fi - SES MAGAZINE<\/title>\n<meta name=\"robots\" content=\"index, follow, max-snippet:-1, max-image-preview:large, max-video-preview:-1\" \/>\n<link rel=\"canonical\" href=\"https:\/\/www.sesdergisi.ca\/?p=595\" \/>\n<meta property=\"og:locale\" content=\"en_US\" \/>\n<meta property=\"og:type\" content=\"article\" \/>\n<meta property=\"og:title\" content=\"Frida&#039;n\u0131n Vazge\u00e7ti\u011fi - SES MAGAZINE\" \/>\n<meta property=\"og:description\" content=\"\u015eER\u0130F AYDIN \u00a0 Ressam Diego Rivera\u2019\u0131n \u201cHi\u00e7bir kad\u0131n\u0131n tuvale b\u00f6ylesine ac\u0131 veren bir \u015fiir i\u015fledi\u011fine inanm\u0131yorum\u201d s\u00f6zlerini sarfetti\u011fi\" \/>\n<meta property=\"og:url\" content=\"https:\/\/www.sesdergisi.ca\/?p=595\" \/>\n<meta property=\"og:site_name\" content=\"SES MAGAZINE\" \/>\n<meta property=\"article:author\" content=\"https:\/\/www.facebook.com\/serifkanada\" \/>\n<meta property=\"article:published_time\" content=\"2020-02-01T16:54:36+00:00\" \/>\n<meta property=\"article:modified_time\" content=\"2020-02-01T16:58:00+00:00\" \/>\n<meta property=\"og:image\" content=\"https:\/\/www.sesdergisi.ca\/wp-content\/uploads\/2020\/02\/fridakahlo_article_11968.jpg\" \/>\n\t<meta property=\"og:image:width\" content=\"347\" \/>\n\t<meta property=\"og:image:height\" content=\"400\" \/>\n<meta name=\"twitter:card\" content=\"summary_large_image\" \/>\n<meta name=\"twitter:image\" content=\"https:\/\/www.sesdergisi.ca\/wp-content\/uploads\/2020\/02\/fridakahlo_article_11968.jpg\" \/>\n<meta name=\"twitter:creator\" content=\"@https:\/\/twitter.com\/serifcanada1\" \/>\n<meta name=\"twitter:label1\" content=\"Est. reading time\">\n\t<meta name=\"twitter:data1\" content=\"2 minutes\">\n<script type=\"application\/ld+json\" class=\"yoast-schema-graph\">{\"@context\":\"https:\/\/schema.org\",\"@graph\":[{\"@type\":\"WebSite\",\"@id\":\"https:\/\/www.sesdergisi.ca\/#website\",\"url\":\"https:\/\/www.sesdergisi.ca\/\",\"name\":\"SES MAGAZINE\",\"description\":\"Literature \\u00b7 Analysis \\u00b7 Thought\",\"potentialAction\":[{\"@type\":\"SearchAction\",\"target\":\"https:\/\/www.sesdergisi.ca\/?s={search_term_string}\",\"query-input\":\"required name=search_term_string\"}],\"inLanguage\":\"en-US\"},{\"@type\":\"ImageObject\",\"@id\":\"https:\/\/www.sesdergisi.ca\/?p=595#primaryimage\",\"inLanguage\":\"en-US\",\"url\":\"https:\/\/www.sesdergisi.ca\/wp-content\/uploads\/2020\/02\/fridakahlo_article_11968.jpg\",\"width\":347,\"height\":400},{\"@type\":\"WebPage\",\"@id\":\"https:\/\/www.sesdergisi.ca\/?p=595#webpage\",\"url\":\"https:\/\/www.sesdergisi.ca\/?p=595\",\"name\":\"Frida'n\\u0131n Vazge\\u00e7ti\\u011fi - SES MAGAZINE\",\"isPartOf\":{\"@id\":\"https:\/\/www.sesdergisi.ca\/#website\"},\"primaryImageOfPage\":{\"@id\":\"https:\/\/www.sesdergisi.ca\/?p=595#primaryimage\"},\"datePublished\":\"2020-02-01T16:54:36+00:00\",\"dateModified\":\"2020-02-01T16:58:00+00:00\",\"author\":{\"@id\":\"https:\/\/www.sesdergisi.ca\/#\/schema\/person\/3c516e766267a63b4e8d607fa5496f02\"},\"inLanguage\":\"en-US\",\"potentialAction\":[{\"@type\":\"ReadAction\",\"target\":[\"https:\/\/www.sesdergisi.ca\/?p=595\"]}]},{\"@type\":\"Person\",\"@id\":\"https:\/\/www.sesdergisi.ca\/#\/schema\/person\/3c516e766267a63b4e8d607fa5496f02\",\"name\":\"\\u015eerif Ayd\\u0131n\",\"image\":{\"@type\":\"ImageObject\",\"@id\":\"https:\/\/www.sesdergisi.ca\/#personlogo\",\"inLanguage\":\"en-US\",\"url\":\"https:\/\/secure.gravatar.com\/avatar\/2527d3cadd34557e6b4a3479d29c21d4?s=96&d=mm&r=g\",\"caption\":\"\\u015eerif Ayd\\u0131n\"},\"sameAs\":[\"http:\/\/sesdergisi.ca\",\"https:\/\/www.facebook.com\/serifkanada\",\"https:\/\/www.instagram.com\/serifcanada\",\"https:\/\/www.linkedin.com\/in\/serif-aydin-16a0b31a4\",\"https:\/\/twitter.com\/https:\/\/twitter.com\/serifcanada1\"]}]}<\/script>\n<!-- \/ Yoast SEO plugin. -->","_links":{"self":[{"href":"https:\/\/www.sesdergisi.ca\/index.php?rest_route=\/wp\/v2\/posts\/595"}],"collection":[{"href":"https:\/\/www.sesdergisi.ca\/index.php?rest_route=\/wp\/v2\/posts"}],"about":[{"href":"https:\/\/www.sesdergisi.ca\/index.php?rest_route=\/wp\/v2\/types\/post"}],"author":[{"embeddable":true,"href":"https:\/\/www.sesdergisi.ca\/index.php?rest_route=\/wp\/v2\/users\/1"}],"replies":[{"embeddable":true,"href":"https:\/\/www.sesdergisi.ca\/index.php?rest_route=%2Fwp%2Fv2%2Fcomments&post=595"}],"version-history":[{"count":3,"href":"https:\/\/www.sesdergisi.ca\/index.php?rest_route=\/wp\/v2\/posts\/595\/revisions"}],"predecessor-version":[{"id":600,"href":"https:\/\/www.sesdergisi.ca\/index.php?rest_route=\/wp\/v2\/posts\/595\/revisions\/600"}],"wp:featuredmedia":[{"embeddable":true,"href":"https:\/\/www.sesdergisi.ca\/index.php?rest_route=\/wp\/v2\/media\/596"}],"wp:attachment":[{"href":"https:\/\/www.sesdergisi.ca\/index.php?rest_route=%2Fwp%2Fv2%2Fmedia&parent=595"}],"wp:term":[{"taxonomy":"category","embeddable":true,"href":"https:\/\/www.sesdergisi.ca\/index.php?rest_route=%2Fwp%2Fv2%2Fcategories&post=595"},{"taxonomy":"post_tag","embeddable":true,"href":"https:\/\/www.sesdergisi.ca\/index.php?rest_route=%2Fwp%2Fv2%2Ftags&post=595"}],"curies":[{"name":"wp","href":"https:\/\/api.w.org\/{rel}","templated":true}]}}