{"id":473,"date":"2019-11-23T03:01:58","date_gmt":"2019-11-23T03:01:58","guid":{"rendered":"https:\/\/www.sesdergisi.ca\/?p=473"},"modified":"2019-11-24T02:40:05","modified_gmt":"2019-11-24T02:40:05","slug":"hepimiz-ayni-gunesin-altinda-isinmiyor-muyuz","status":"publish","type":"post","link":"https:\/\/www.sesdergisi.ca\/?p=473","title":{"rendered":"HEP\u0130M\u0130Z AYNI G\u00dcNE\u015e\u0130N ALTINDA ISINMIYOR MUYUZ?"},"content":{"rendered":"\n<h6 class=\"has-text-align-right\"><span style=\"color:#cf2e2e\" class=\"tadv-color\">SEYYAH<\/span><\/h6>\n\n\n\n<p style=\"text-align: justify;\">\u0130\u015fin zaman\u0131nda bitmesi i\u00e7in \u00e7ok u\u011fra\u015fm\u0131\u015f ve \u00e7ok g\u00fczel olmas\u0131 i\u00e7inde \u00e7ok \u00f6zen g\u00f6stermi\u015fti. Fanyanslar\u0131 bir sanat eseri \u00e7\u0131karacak ressam\u0131n resmini yaparken ki hassasiyetinden daha fazla \u00f6zenle d\u00f6\u015femi\u015fti. Ne aln\u0131ndan akan tere ne de zihninin yorgunlu\u011funa ald\u0131r\u0131\u015f etmi\u015f, ald\u0131\u011f\u0131 paran\u0131n hakk\u0131n\u0131 vermek<span class=\"Apple-converted-space\">\u00a0 <\/span>istemi\u015fti. Peki i\u015fveren eme\u011finin kar\u015f\u0131l\u0131\u011f\u0131n\u0131 verecek miydi?<\/p>\n<p style=\"text-align: justify;\"><span class=\"Apple-converted-space\">\u00a0<\/span>\u0130\u015fi teslim etti\u011fi g\u00fcn eme\u011fini alamaman\u0131n h\u00fczn\u00fcyle d\u00f6nm\u00fc\u015ft\u00fc evine. \u201cBir hafta sonra,\u201d demi\u015fti i\u015fveren&#8230; Emek\u00e7i inanarak gitmi\u015fti evine. Bir hafta oldu bir ay oldu derken&#8230;<span class=\"Apple-converted-space\">\u00a0 <\/span>\u2018\u2019\u00c7oluk \u00c7ocu\u011fun r\u0131zk\u0131n\u0131 b\u0131rakamam ben&#8230;\u2019\u2019 diyerek hakk\u0131n\u0131 alma niyetiyle gitti i\u015fverenin kap\u0131s\u0131na&#8230; G\u00f6rd\u00fc\u011f\u00fc mamile herhalde d\u00fcnyam\u0131z\u0131 \u0131s\u0131tan g\u00fcne\u015fi a\u011flat\u0131rd\u0131.Hayas\u0131zca y\u00fckseldi i\u015fverenin sesi:<\/p>\n<p style=\"text-align: justify;\">\u2018\u2019\u0130\u015f\u00e7i par\u00e7as\u0131 sende,<span class=\"Apple-converted-space\">\u00a0 <\/span>kimsin sen evime kadar geliyorsun&#8230;.? \u2018\u2019gerisini kalemler utan\u0131p yazmaz,<span class=\"Apple-converted-space\">\u00a0 <\/span>kelimeler hayas\u0131ndan yaz\u0131lmak istemezdi herhalde. Peki bu tav\u0131r kar\u015f\u0131s\u0131nda al\u0131n terini almaya giden i\u015f\u00e7inin tavr\u0131 ne oldu dersiniz. Kiminizin \u201ck\u00fcf\u00fcrler savu\u015fturdu,\u201d dedi\u011finizi duyar gibiyim ya da kaba kuvvet kulland\u0131\u011f\u0131n\u0131 falan m\u0131 d\u00fc\u015f\u00fcnd\u00fcn\u00fcz? Elleri \u00f6p\u00fclesi ustan\u0131n s\u00f6zleri ise herhalde \u00fcniversitelerde ders olarak okutulmal\u0131 desem abartm\u0131\u015f olmam.<\/p>\n<p style=\"text-align: justify;\">\u2018\u2019Ne be abi, hepimiz ayn\u0131 g\u00fcne\u015fin alt\u0131nda \u0131s\u0131nm\u0131yor muyuz? Bu kibrin ne b\u00f6yle?\u2019\u2019<\/p>\n<p style=\"text-align: justify;\">\u2018\u2019Cahil\u2019\u2019 de\u011fil \u2018\u2019okuyamam\u0131\u015f\u2019\u2019 bir in\u015faat i\u015f\u00e7isinden,<span class=\"Apple-converted-space\">\u00a0<\/span><\/p>\n<p style=\"text-align: justify;\">\u2018\u2019Basit\u2019\u2019 de\u011fil<span class=\"Apple-converted-space\">\u00a0 <\/span>\u2018\u2019kendi halinde\u2019\u2019 emek\u00e7iden,<span class=\"Apple-converted-space\">\u00a0<\/span><\/p>\n<p style=\"text-align: justify;\">\u00dcst\u00fcnde saatlerce d\u00fc\u015f\u00fcnd\u00fcrecek s\u00f6zler;<\/p>\n<p style=\"text-align: justify;\">\u2018\u2019Hepimiz ayn\u0131 g\u00fcne\u015fin alt\u0131nda \u0131s\u0131nm\u0131yor muyuz?\u2019\u2019<\/p>\n<p style=\"text-align: justify;\">Ey \u0130nsano\u011flu;<\/p>\n<p style=\"text-align: justify;\">G\u00fcne\u015fi sat\u0131n alabiliyor musun yada g\u00fcne\u015ften bunald\u0131\u011f\u0131nda r\u00fczgar\u0131, ya\u011fmuru&#8230;.?<\/p>\n<p style=\"text-align: justify;\">Nedir bu gururun ayn\u0131 topraktan de\u011fil miyiz?<\/p>\n<p style=\"text-align: justify;\">Hepimiz ademo\u011flu de\u011filmiyiz yoktan varetmedi mi bizi yaradan?<\/p>\n<p style=\"text-align: justify;\">G\u00f6zya\u015f\u0131m\u0131z\u0131n rengi ayn\u0131 de\u011fil mi?<\/p>\n<p style=\"text-align: justify;\">O kadar \u00e7ok birimiz varken nedir bizi birbirimizden \u00fcst\u00fcn k\u0131lan;<\/p>\n<p style=\"text-align: justify;\">Makam m\u0131, para m\u0131, h\u0131rs m\u0131?<\/p>\n<p style=\"text-align: justify;\">Peki Allah\u2019\u0131n huzurunda hepimiz bir de\u011fil miyiz?<span class=\"Apple-converted-space\">\u00a0<\/span><\/p>\n<p style=\"text-align: justify;\">De\u011fil mi patronla i\u015f\u00e7isi,<span class=\"Apple-converted-space\">\u00a0 <\/span>zenginle fakiri, amirle memuru bir safta namaza durduran ayn\u0131 anda ruk\u00fcya g\u00f6t\u00fcr\u00fcp secdeye vard\u0131ran&#8230;?<\/p>\n<p style=\"text-align: justify;\">Hi\u00e7 g\u00f6rd\u00fcn\u00fcz m\u00fc onun huzurunda ayr\u0131lan&#8230;?<\/p>\n<p style=\"text-align: justify;\">D\u00fc\u015f\u00fcn Ademo\u011flu;<\/p>\n<p style=\"text-align: justify;\">\u2018\u2019Basit\u2019\u2019 dedi\u011fin \u2018\u2019cahil\u2019\u2019 dedi\u011fin bir in\u015faat i\u015f\u00e7isi bile b\u00f6yle d\u00fc\u015f\u00fcnmeye sevkeder seni.<\/p>\n<p style=\"text-align: justify;\">Kim \u2018\u2019cahil\u2019\u2019 kim \u2018\u2019okumam\u0131\u015f\u2019\u2019 eme\u011fini almaya gelen i\u015f\u00e7i mi,<span class=\"Apple-converted-space\">\u00a0 <\/span>eme\u011fini almaya gelene k\u00fcf\u00fcrler savuran m\u0131?<\/p>\n<p style=\"text-align: justify;\">Kim \u2018\u2019k\u00fclt\u00fcrl\u00fc\u2019\u2019 kim \u2018\u2019zengin\u2019\u2019 kendisine k\u00fcf\u00fcrler savurana bile nezaket g\u00f6sterip,<span class=\"Apple-converted-space\">\u00a0 <\/span>\u201cabi be!\u201d diyen mi,<span class=\"Apple-converted-space\">\u00a0 <\/span>yada eme\u011fi i\u00e7in kap\u0131s\u0131na geleni kovan m\u0131?<\/p>\n<p style=\"text-align: justify;\">Unutma<span class=\"Apple-converted-space\">\u00a0 <\/span>sak\u0131n unutma!<\/p>\n<p style=\"text-align: justify;\">Hepimiz ayn\u0131 g\u00fcne\u015fin alt\u0131nda \u0131s\u0131n\u0131yoruz.<\/p>\n<p style=\"text-align: justify;\">Hepimiz ayn\u0131 ya\u011fmurun alt\u0131nda \u0131slan\u0131yoruz.<\/p>\n<p style=\"text-align: justify;\">Hepimiz ayn\u0131 r\u00fczgarla savruluyoruz.<\/p>\n<p style=\"text-align: justify;\">Hepimiz ayn\u0131 topraktan yiyoruz.<\/p>\n<p style=\"text-align: justify;\">Nedir bu kibrin?<\/p>\n<p style=\"text-align: justify;\">Sevmek varken, sevilmek varken, ho\u015fg\u00f6r\u00fc ve nezaket varken&#8230;.<\/p>\n<p style=\"text-align: justify;\">D\u00fcnya mal\u0131na kendini kapt\u0131ran i\u015fverene ibret olacak s\u00f6zler, bir anda d\u00f6k\u00fclm\u00fc\u015ft\u00fc \u2018\u2019cahil\u2019\u2019 sand\u0131\u011f\u0131 o i\u015f\u00e7inin a\u011fz\u0131ndan!<\/p>\n","protected":false},"excerpt":{"rendered":"<p>SEYYAH \u0130\u015fin zaman\u0131nda bitmesi i\u00e7in \u00e7ok u\u011fra\u015fm\u0131\u015f ve \u00e7ok g\u00fczel olmas\u0131 i\u00e7inde \u00e7ok \u00f6zen g\u00f6stermi\u015fti. Fanyanslar\u0131 bir sanat<\/p>\n","protected":false},"author":1,"featured_media":1524,"comment_status":"open","ping_status":"open","sticky":false,"template":"","format":"standard","meta":[],"categories":[4],"tags":[17,64,93],"yoast_head":"<!-- This site is optimized with the Yoast SEO plugin v15.5 - https:\/\/yoast.com\/wordpress\/plugins\/seo\/ -->\n<title>HEP\u0130M\u0130Z AYNI G\u00dcNE\u015e\u0130N ALTINDA ISINMIYOR MUYUZ? - SES MAGAZINE<\/title>\n<meta name=\"robots\" content=\"index, follow, max-snippet:-1, max-image-preview:large, max-video-preview:-1\" \/>\n<link rel=\"canonical\" href=\"https:\/\/www.sesdergisi.ca\/?p=473\" \/>\n<meta property=\"og:locale\" content=\"en_US\" \/>\n<meta property=\"og:type\" content=\"article\" \/>\n<meta property=\"og:title\" content=\"HEP\u0130M\u0130Z AYNI G\u00dcNE\u015e\u0130N ALTINDA ISINMIYOR MUYUZ?\" \/>\n<meta property=\"og:description\" content=\"SEYYAH \u0130\u015fin zaman\u0131nda bitmesi i\u00e7in \u00e7ok u\u011fra\u015fm\u0131\u015f ve \u00e7ok g\u00fczel olmas\u0131 i\u00e7inde \u00e7ok \u00f6zen g\u00f6stermi\u015fti. Fanyanslar\u0131 bir sanat\" \/>\n<meta property=\"og:url\" content=\"https:\/\/www.sesdergisi.ca\/?p=473\" \/>\n<meta property=\"og:site_name\" content=\"SES MAGAZINE\" \/>\n<meta property=\"article:author\" content=\"https:\/\/www.facebook.com\/serifkanada\" \/>\n<meta property=\"article:published_time\" content=\"2019-11-23T03:01:58+00:00\" \/>\n<meta property=\"article:modified_time\" content=\"2019-11-24T02:40:05+00:00\" \/>\n<meta name=\"twitter:card\" content=\"summary_large_image\" \/>\n<meta name=\"twitter:creator\" content=\"@https:\/\/twitter.com\/serifcanada1\" \/>\n<meta name=\"twitter:label1\" content=\"Est. reading time\">\n\t<meta name=\"twitter:data1\" content=\"2 minutes\">\n<script type=\"application\/ld+json\" class=\"yoast-schema-graph\">{\"@context\":\"https:\/\/schema.org\",\"@graph\":[{\"@type\":\"WebSite\",\"@id\":\"https:\/\/www.sesdergisi.ca\/#website\",\"url\":\"https:\/\/www.sesdergisi.ca\/\",\"name\":\"SES MAGAZINE\",\"description\":\"Literature \\u00b7 Analysis \\u00b7 Thought\",\"potentialAction\":[{\"@type\":\"SearchAction\",\"target\":\"https:\/\/www.sesdergisi.ca\/?s={search_term_string}\",\"query-input\":\"required name=search_term_string\"}],\"inLanguage\":\"en-US\"},{\"@type\":\"ImageObject\",\"@id\":\"https:\/\/www.sesdergisi.ca\/?p=473#primaryimage\",\"inLanguage\":\"en-US\",\"url\":\"\"},{\"@type\":\"WebPage\",\"@id\":\"https:\/\/www.sesdergisi.ca\/?p=473#webpage\",\"url\":\"https:\/\/www.sesdergisi.ca\/?p=473\",\"name\":\"HEP\\u0130M\\u0130Z AYNI G\\u00dcNE\\u015e\\u0130N ALTINDA ISINMIYOR MUYUZ? - SES MAGAZINE\",\"isPartOf\":{\"@id\":\"https:\/\/www.sesdergisi.ca\/#website\"},\"primaryImageOfPage\":{\"@id\":\"https:\/\/www.sesdergisi.ca\/?p=473#primaryimage\"},\"datePublished\":\"2019-11-23T03:01:58+00:00\",\"dateModified\":\"2019-11-24T02:40:05+00:00\",\"author\":{\"@id\":\"https:\/\/www.sesdergisi.ca\/#\/schema\/person\/3c516e766267a63b4e8d607fa5496f02\"},\"inLanguage\":\"en-US\",\"potentialAction\":[{\"@type\":\"ReadAction\",\"target\":[\"https:\/\/www.sesdergisi.ca\/?p=473\"]}]},{\"@type\":\"Person\",\"@id\":\"https:\/\/www.sesdergisi.ca\/#\/schema\/person\/3c516e766267a63b4e8d607fa5496f02\",\"name\":\"\\u015eerif Ayd\\u0131n\",\"image\":{\"@type\":\"ImageObject\",\"@id\":\"https:\/\/www.sesdergisi.ca\/#personlogo\",\"inLanguage\":\"en-US\",\"url\":\"https:\/\/secure.gravatar.com\/avatar\/2527d3cadd34557e6b4a3479d29c21d4?s=96&d=mm&r=g\",\"caption\":\"\\u015eerif Ayd\\u0131n\"},\"sameAs\":[\"http:\/\/sesdergisi.ca\",\"https:\/\/www.facebook.com\/serifkanada\",\"https:\/\/www.instagram.com\/serifcanada\",\"https:\/\/www.linkedin.com\/in\/serif-aydin-16a0b31a4\",\"https:\/\/twitter.com\/https:\/\/twitter.com\/serifcanada1\"]}]}<\/script>\n<!-- \/ Yoast SEO plugin. -->","_links":{"self":[{"href":"https:\/\/www.sesdergisi.ca\/index.php?rest_route=\/wp\/v2\/posts\/473"}],"collection":[{"href":"https:\/\/www.sesdergisi.ca\/index.php?rest_route=\/wp\/v2\/posts"}],"about":[{"href":"https:\/\/www.sesdergisi.ca\/index.php?rest_route=\/wp\/v2\/types\/post"}],"author":[{"embeddable":true,"href":"https:\/\/www.sesdergisi.ca\/index.php?rest_route=\/wp\/v2\/users\/1"}],"replies":[{"embeddable":true,"href":"https:\/\/www.sesdergisi.ca\/index.php?rest_route=%2Fwp%2Fv2%2Fcomments&post=473"}],"version-history":[{"count":1,"href":"https:\/\/www.sesdergisi.ca\/index.php?rest_route=\/wp\/v2\/posts\/473\/revisions"}],"predecessor-version":[{"id":475,"href":"https:\/\/www.sesdergisi.ca\/index.php?rest_route=\/wp\/v2\/posts\/473\/revisions\/475"}],"wp:featuredmedia":[{"embeddable":true,"href":"https:\/\/www.sesdergisi.ca\/index.php?rest_route=\/wp\/v2\/media\/1524"}],"wp:attachment":[{"href":"https:\/\/www.sesdergisi.ca\/index.php?rest_route=%2Fwp%2Fv2%2Fmedia&parent=473"}],"wp:term":[{"taxonomy":"category","embeddable":true,"href":"https:\/\/www.sesdergisi.ca\/index.php?rest_route=%2Fwp%2Fv2%2Fcategories&post=473"},{"taxonomy":"post_tag","embeddable":true,"href":"https:\/\/www.sesdergisi.ca\/index.php?rest_route=%2Fwp%2Fv2%2Ftags&post=473"}],"curies":[{"name":"wp","href":"https:\/\/api.w.org\/{rel}","templated":true}]}}