{"id":1563,"date":"2020-10-08T01:26:21","date_gmt":"2020-10-08T01:26:21","guid":{"rendered":"https:\/\/www.sesdergisi.ca\/?p=1563"},"modified":"2020-10-08T01:26:21","modified_gmt":"2020-10-08T01:26:21","slug":"ayla-film-elestirisi","status":"publish","type":"post","link":"https:\/\/www.sesdergisi.ca\/?p=1563","title":{"rendered":"AYLA: Film Ele\u015ftirisi"},"content":{"rendered":"<h4 style=\"text-align: right;\">YASEM\u0130N TATLISEVEN<\/h4>\n<p>&nbsp;<\/p>\n<p>F\u0130LM ADI <span class=\"Apple-converted-space\">\u00a0 \u00a0 \u00a0 \u00a0 \u00a0 \u00a0 \u00a0 \u00a0 \u00a0 \u00a0 <\/span>: AYLA<\/p>\n<p>Y\u00d6NETMEN <span class=\"Apple-converted-space\">\u00a0 \u00a0 \u00a0 \u00a0 \u00a0 \u00a0 \u00a0 <\/span>: CAN ULKAY<\/p>\n<p>SENAR\u0130ST <span class=\"Apple-converted-space\">\u00a0 \u00a0 \u00a0 \u00a0 \u00a0 \u00a0 \u00a0 \u00a0 \u00a0 <\/span>: Y\u0130\u011e\u0130T G\u00dcRALP<\/p>\n<p>YAPIMCI\/ YAPIM YILI: MUSTAFA USLU \/ 2017<\/p>\n<p>T\u00dcR\u00dc<span class=\"Apple-converted-space\">\u00a0 \u00a0 \u00a0 \u00a0 \u00a0 \u00a0 \u00a0 \u00a0 \u00a0 \u00a0 \u00a0 \u00a0 \u00a0 <\/span>: DRAM \/ SAVA\u015e<\/p>\n<p><span class=\"Apple-converted-space\">\u00a0\u00a0 \u00a0 \u00a0 \u00a0 \u00a0 \u00a0 \u00a0 \u00a0 \u00a0 \u00a0 \u00a0 \u00a0 <\/span><\/p>\n<p>Has\u0131lat getiren gi\u015fe komedilerinin aras\u0131nda, T\u00fcrk sinema tarihinde, 6 milyonu ge\u00e7en gi\u015fesi ile dram t\u00fcr\u00fcnde en \u00e7ok izlenen film olmu\u015ftur. Oscar\u2019a aday g\u00f6sterilmesine ra\u011fmen ba\u015far\u0131l\u0131 olamasa da Uluslararas\u0131 bir\u00e7ok film festivalinden \u00f6d\u00fclle d\u00f6nm\u00fc\u015ft\u00fcr. Bir puanlama yapsam 4 y\u0131ld\u0131z ve 8 puan verirdim.<\/p>\n<p><span class=\"Apple-converted-space\">\u00a0 <\/span>1950-1953 y\u0131llar\u0131 aras\u0131nda, Kuzey ve G\u00fcney Kore aras\u0131nda i\u00e7 sava\u015f \u00e7\u0131km\u0131\u015ft\u0131r. Amerika, Rusya ve \u00c7in\u2019in de dahil olmas\u0131yla sava\u015f uluslararas\u0131 bir hal alm\u0131\u015ft\u0131r. Rusya ve \u00c7in\u2019in destekledi\u011fi Kuzey Kore, G\u00fcney Kore\u2019ye sald\u0131rm\u0131\u015f, Birle\u015fmi\u015f Milletler\u2019in \u00e7a\u011fr\u0131s\u0131yla, d\u00f6nemin h\u00fck\u00fcmeti askerimizi G\u00fcney Kore\u2019ye g\u00f6ndererek, ABD ve BM m\u00fcttefiki olmu\u015ftur. \u00dc\u00e7 y\u0131l s\u00fcren sava\u015fta 741 \u015fehit, 2068 yaral\u0131, 163 kay\u0131p ve 244 esir verdi\u011fimiz, Wikipedia da yazan rakamlard\u0131r.<\/p>\n<p>Bana, izledi\u011fim s\u00fcre boyunca, \u201cMehmet\u00e7i\u011fin Kore\u2019de ne i\u015fi vard\u0131?\u201d diye sorgulatan bir film oldu.<span class=\"Apple-converted-space\">\u00a0 <\/span>1950 y\u0131l\u0131nda \u0130skenderun\u2019da g\u00f6rev yapan, Astsubay K\u0131demli Ba\u015f\u00e7avu\u015f S\u00fcleyman Dilbirli\u011fi ve Koreli Eunja Kim\u2019in ger\u00e7ek hayat hik\u00e2yesi, tam 65 y\u0131l sonra beyaz perdeye aktar\u0131lm\u0131\u015f. Yap\u0131mc\u0131l\u0131\u011f\u0131n\u0131 Mustafa Uslu\u2019nun \u00fcstlendi\u011fi filmin baz\u0131 sahneleri G\u00fcney Kore\u2019de \u00e7ekilmi\u015f.<span class=\"Apple-converted-space\">\u00a0<\/span><\/p>\n<p>D\u00f6nem filmlerini seven biri olarak, 1950\u2019lerde ge\u00e7en bu filmin nostaljik y\u00f6n\u00fc bana gore \u00e7ok kuvvetliydi. O y\u0131llar\u0131n \u0130skenderun\u2019u ve sokaklar\u0131, bisikletlerle i\u015fe gidip gelme, d\u00f6nemin arabalar\u0131 ile zamanda geriye do\u011fru bir yolculuk yapt\u0131\u011f\u0131m\u0131 s\u00f6yleyebilirim. O y\u0131llara \u00f6zg\u00fc, insanlar aras\u0131 ili\u015fkilerdeki huzur da ba\u015far\u0131l\u0131 bir \u015fekilde seyirciye yans\u0131t\u0131lm\u0131\u015f.<\/p>\n<p>Oyuncu kadrosu geni\u015f bir prod\u00fcksiyon olmu\u015f. \u00c7etin Tekindor, Altan Erkekli, Nilg\u00fcn Kasapba\u015fo\u011flu, Meral \u00c7etinkaya gibi tecr\u00fcbeli oyuncular\u0131n yer ald\u0131\u011f\u0131 filmin s\u00fcresi 2 saat 5 dakika. Ba\u015f rollerinde ise \u0130smail Hac\u0131o\u011flu(S\u00fcleyman) ve Kim Seol (Ayla) oynuyor. S\u00fcleyman Kore\u2019ye gidece\u011fini \u00f6\u011frendi\u011finde, \u201cTa oradaki insanlar benim \u00fclkeme ihtiya\u00e7 duymu\u015flar, \u00fclkemde bana ihtiya\u00e7 duymu\u015f ka\u00e7\u0131l\u0131r m\u0131 bundan?\u201d diyerek, ard\u0131nda sevdiklerini b\u0131rakarak g\u00f6n\u00fcll\u00fc bir \u015fekilde yola \u00e7\u0131k\u0131yor.<\/p>\n<p>Bir ay s\u00fcren gemi yolculu\u011funda, \u00dcstte\u011fmen Mesut\u2019un (Murat Y\u0131ld\u0131r\u0131m) odas\u0131ndaki kar\u0131nca sahnesi olduk\u00e7a ilgi \u00e7ekici. \u00dcstte\u011fmen odas\u0131na dadanan kar\u0131ncalar\u0131 \u00f6ld\u00fcrmek ister, S\u00fcleyman ise \u201cBirlikte ya\u015famay\u0131 \u00f6\u011frenmeliyiz\u201d diyerek kar\u0131ncalar\u0131 besler. Komutan \u201cDaha kar\u0131ncay\u0131 incetemeyenler, sava\u015fa gidiyor\u201d diyerek bir ger\u00e7e\u011fi dile getirir.<\/p>\n<p><span class=\"Apple-converted-space\">\u00a0<\/span>S\u00fcleyman (\u0130smail Hac\u0131o\u011flu), sava\u015fta kimsesiz kalm\u0131\u015f 5 ya\u015f\u0131ndaki Koreli bir k\u0131z \u00e7ocu\u011funa sahip \u00e7\u0131k\u0131yor. K\u00fc\u00e7\u00fck k\u0131za isim aray\u0131\u015flar\u0131 ve sonunda \u201cAy \u0131\u015f\u0131\u011f\u0131nda bulduk, ay gibi y\u00fcz\u00fc var zaten, ad\u0131 Ayla olsun\u201d diye karar vermeleri, e\u011flenceli sahnelerden biri. Sava\u015f filmi olmas\u0131na ra\u011fmen t\u00fcm senaryo bu ikili \u00fczerine kurulu. Leyla ile Mecnun dizisinden belleklerimizde yer eden Ali Atay (Ali) , S\u00fcleyman\u2019\u0131n en yak\u0131n arkada\u015f\u0131, keskin ni\u015fanc\u0131 ve bir Marilyn Monroe hayran\u0131.<span class=\"Apple-converted-space\">\u00a0<\/span><\/p>\n<p>G\u00fcnlerini askeri birlik i\u00e7inde ge\u00e7iren Ayla (Kim Seol), ya\u015fad\u0131\u011f\u0131 \u015fokun etkisiyle uzun sure kimseyle konu\u015fmuyor. S\u00fcleyman Astsubay bir \u00e7at\u0131\u015fmada yaralan\u0131nca, bayg\u0131n yatt\u0131\u011f\u0131 s\u00fcre boyunca, Ayla ba\u015fucundan ayr\u0131lm\u0131yor. G\u00f6n\u00fcl ba\u011f\u0131 kurduklar\u0131, m\u00fcthi\u015f bir baba k\u0131z hikayesi.<\/p>\n<p>Ayla, ilk ne zaman konu\u015fmaya ba\u015flayacak? T\u00fcrk askeri peyderpey Kore\u2019den \u00e7ekilmeye ba\u015flay\u0131nca Ayla\u2019ya ne olacak? Valize s\u0131\u011fd\u0131rd\u0131\u011f\u0131 k\u00fc\u00e7\u00fck k\u0131zla S\u00fcleyman Astsubay Kore\u2019den ayr\u0131labilecek mi? Geri d\u00f6nd\u00fc\u011f\u00fcnde ard\u0131nda b\u0131rakt\u0131\u011f\u0131 sevdi\u011fini bulabilecek mi?<span class=\"Apple-converted-space\">\u00a0 <\/span>Merakla izliyoruz.<\/p>\n<p>Filmden de anlad\u0131\u011f\u0131m\u0131z \u00fczere, Ayla gibi bir s\u00fcr\u00fc \u00e7ocuk T\u00fcrk askerleri taraf\u0131ndan koruma alt\u0131na al\u0131nm\u0131\u015f. T\u00fcrkler taraf\u0131ndan desteklenen Ankara Okulu\u2019nda Koreli \u00e7ekik g\u00f6zl\u00fc \u00e7ocuklar\u0131n hep bir a\u011fz\u0131dan \u201cAnkara Ankara g\u00fczel Ankara\u201d diye \u015fark\u0131 s\u00f6ylemeleri g\u00fcl\u00fcmsetiyor.<\/p>\n<p>M\u00fczikler, Fahir Atako\u011flu taraf\u0131ndan ba\u015far\u0131l\u0131 bir \u015fekilde yap\u0131lm\u0131\u015f. Filmin ba\u015f\u0131nda giren \u201cSevdim bir gen\u00e7 kad\u0131n\u0131\u201d \u015fark\u0131s\u0131, iki gencin aras\u0131ndaki muhte\u015fem a\u015fka tan\u0131kl\u0131k etmemizi sa\u011fl\u0131yor.<span class=\"Apple-converted-space\">\u00a0<\/span><\/p>\n<p>G\u00fcney Kore\u2019de ki T\u00fcrk \u015fehitli\u011fi ve Ali\u2019nin vuruldu\u011fu sahneler y\u00fcrek burkuyor. Ayla\u2019n\u0131n \u201cBaba\u201d deyip S\u00fcleyman Astsubaya sar\u0131lmas\u0131 ve t\u00fcm birli\u011fin k\u00fc\u00e7\u00fck k\u0131za sahip \u00e7\u0131kmas\u0131, onun i\u00e7in bir\u015feyler yapmas\u0131 g\u00f6zlerimizi nemlendiriyor.<\/p>\n<p>Filmin son yar\u0131m saati, Ayla\u2019ya resmi yollardan ula\u015fma \u00e7abalar\u0131yla ge\u00e7en bir \u00f6mr\u00fc anlat\u0131yor. Sava\u015f sahneleri yetersiz kalm\u0131\u015f, \u00f6zellikle Er Ryan\u2019\u0131 Kurtarmak filmini izledikten sonra hi\u00e7bir sava\u015f sahnesi bana art\u0131k ger\u00e7ek\u00e7i gelmiyor. Puanlama yaparken 10 \u00fczerinden 8 puan vermemin nedeni basite ka\u00e7an sava\u015f sahneleriydi.<\/p>\n<p>Ya\u015fanm\u0131\u015f hikayelerin filmini, k\u00f6t\u00fc de \u00e7ekseniz, seyirciye ge\u00e7en duygu y\u00fcksek oluyor. Ayla filminin ba\u015far\u0131l\u0131 olmas\u0131n\u0131n en b\u00fcy\u00fck nedeni de bu ya\u015fanm\u0131\u015fl\u0131k hissi ve etkili hikayesi olmu\u015f. \u00dc\u00e7 defa seyretti\u011fim filmi izlemezseniz \u00e7ok \u015fey ka\u00e7\u0131r\u0131rs\u0131n\u0131z. S\u00fcleyman Astsubay\u2019\u0131n k\u0131z\u0131 Ayla\u2019ya verdi\u011fi s\u00f6zle sat\u0131rlar\u0131m\u0131 sonland\u0131rmak istiyorum;<span class=\"Apple-converted-space\">\u00a0<\/span><\/p>\n<p>&#8211; Geri gelece\u011fim k\u0131z\u0131m.<\/p>\n<p>&#8211; S\u00f6z m\u00fc?<\/p>\n<p>&#8211; S\u00f6z&#8230; Babalar evlatlar\u0131 i\u00e7in m\u00fccadele eder, onlara verdi\u011fi s\u00f6zler i\u00e7in ya\u015far!<span class=\"Apple-converted-space\">\u00a0<\/span><\/p>\n","protected":false},"excerpt":{"rendered":"<p>YASEM\u0130N TATLISEVEN &nbsp; F\u0130LM ADI \u00a0 \u00a0 \u00a0 \u00a0 \u00a0 \u00a0 \u00a0 \u00a0 \u00a0 \u00a0 : AYLA Y\u00d6NETMEN<\/p>\n","protected":false},"author":1,"featured_media":1518,"comment_status":"open","ping_status":"open","sticky":false,"template":"","format":"standard","meta":[],"categories":[128],"tags":[],"yoast_head":"<!-- This site is optimized with the Yoast SEO plugin v15.5 - https:\/\/yoast.com\/wordpress\/plugins\/seo\/ -->\n<title>AYLA: Film Ele\u015ftirisi - SES MAGAZINE<\/title>\n<meta name=\"robots\" content=\"index, follow, max-snippet:-1, max-image-preview:large, max-video-preview:-1\" \/>\n<link rel=\"canonical\" href=\"https:\/\/www.sesdergisi.ca\/?p=1563\" \/>\n<meta property=\"og:locale\" content=\"en_US\" \/>\n<meta property=\"og:type\" content=\"article\" \/>\n<meta property=\"og:title\" content=\"AYLA: Film Ele\u015ftirisi - SES MAGAZINE\" \/>\n<meta property=\"og:description\" content=\"YASEM\u0130N TATLISEVEN &nbsp; F\u0130LM ADI \u00a0 \u00a0 \u00a0 \u00a0 \u00a0 \u00a0 \u00a0 \u00a0 \u00a0 \u00a0 : AYLA Y\u00d6NETMEN\" \/>\n<meta property=\"og:url\" content=\"https:\/\/www.sesdergisi.ca\/?p=1563\" \/>\n<meta property=\"og:site_name\" content=\"SES MAGAZINE\" \/>\n<meta property=\"article:author\" content=\"https:\/\/www.facebook.com\/serifkanada\" \/>\n<meta property=\"article:published_time\" content=\"2020-10-08T01:26:21+00:00\" \/>\n<meta property=\"og:image\" content=\"https:\/\/www.sesdergisi.ca\/wp-content\/uploads\/2020\/10\/MV5BNWJhMDlmZGUtYzcxNS00NDRiLWIwNjktNDY1Mjg3ZjBkYzY0XkEyXkFqcGdeQXVyMTU4MjUwMjI@._V1_.jpg\" \/>\n\t<meta property=\"og:image:width\" content=\"288\" \/>\n\t<meta property=\"og:image:height\" content=\"400\" \/>\n<meta name=\"twitter:card\" content=\"summary_large_image\" \/>\n<meta name=\"twitter:creator\" content=\"@https:\/\/twitter.com\/serifcanada1\" \/>\n<meta name=\"twitter:label1\" content=\"Est. reading time\">\n\t<meta name=\"twitter:data1\" content=\"4 minutes\">\n<script type=\"application\/ld+json\" class=\"yoast-schema-graph\">{\"@context\":\"https:\/\/schema.org\",\"@graph\":[{\"@type\":\"WebSite\",\"@id\":\"https:\/\/www.sesdergisi.ca\/#website\",\"url\":\"https:\/\/www.sesdergisi.ca\/\",\"name\":\"SES MAGAZINE\",\"description\":\"Literature \\u00b7 Analysis \\u00b7 Thought\",\"potentialAction\":[{\"@type\":\"SearchAction\",\"target\":\"https:\/\/www.sesdergisi.ca\/?s={search_term_string}\",\"query-input\":\"required name=search_term_string\"}],\"inLanguage\":\"en-US\"},{\"@type\":\"ImageObject\",\"@id\":\"https:\/\/www.sesdergisi.ca\/?p=1563#primaryimage\",\"inLanguage\":\"en-US\",\"url\":\"https:\/\/www.sesdergisi.ca\/wp-content\/uploads\/2020\/10\/MV5BNWJhMDlmZGUtYzcxNS00NDRiLWIwNjktNDY1Mjg3ZjBkYzY0XkEyXkFqcGdeQXVyMTU4MjUwMjI@._V1_.jpg\",\"width\":288,\"height\":400},{\"@type\":\"WebPage\",\"@id\":\"https:\/\/www.sesdergisi.ca\/?p=1563#webpage\",\"url\":\"https:\/\/www.sesdergisi.ca\/?p=1563\",\"name\":\"AYLA: Film Ele\\u015ftirisi - SES MAGAZINE\",\"isPartOf\":{\"@id\":\"https:\/\/www.sesdergisi.ca\/#website\"},\"primaryImageOfPage\":{\"@id\":\"https:\/\/www.sesdergisi.ca\/?p=1563#primaryimage\"},\"datePublished\":\"2020-10-08T01:26:21+00:00\",\"dateModified\":\"2020-10-08T01:26:21+00:00\",\"author\":{\"@id\":\"https:\/\/www.sesdergisi.ca\/#\/schema\/person\/3c516e766267a63b4e8d607fa5496f02\"},\"inLanguage\":\"en-US\",\"potentialAction\":[{\"@type\":\"ReadAction\",\"target\":[\"https:\/\/www.sesdergisi.ca\/?p=1563\"]}]},{\"@type\":\"Person\",\"@id\":\"https:\/\/www.sesdergisi.ca\/#\/schema\/person\/3c516e766267a63b4e8d607fa5496f02\",\"name\":\"\\u015eerif Ayd\\u0131n\",\"image\":{\"@type\":\"ImageObject\",\"@id\":\"https:\/\/www.sesdergisi.ca\/#personlogo\",\"inLanguage\":\"en-US\",\"url\":\"https:\/\/secure.gravatar.com\/avatar\/2527d3cadd34557e6b4a3479d29c21d4?s=96&d=mm&r=g\",\"caption\":\"\\u015eerif Ayd\\u0131n\"},\"sameAs\":[\"http:\/\/sesdergisi.ca\",\"https:\/\/www.facebook.com\/serifkanada\",\"https:\/\/www.instagram.com\/serifcanada\",\"https:\/\/www.linkedin.com\/in\/serif-aydin-16a0b31a4\",\"https:\/\/twitter.com\/https:\/\/twitter.com\/serifcanada1\"]}]}<\/script>\n<!-- \/ Yoast SEO plugin. -->","_links":{"self":[{"href":"https:\/\/www.sesdergisi.ca\/index.php?rest_route=\/wp\/v2\/posts\/1563"}],"collection":[{"href":"https:\/\/www.sesdergisi.ca\/index.php?rest_route=\/wp\/v2\/posts"}],"about":[{"href":"https:\/\/www.sesdergisi.ca\/index.php?rest_route=\/wp\/v2\/types\/post"}],"author":[{"embeddable":true,"href":"https:\/\/www.sesdergisi.ca\/index.php?rest_route=\/wp\/v2\/users\/1"}],"replies":[{"embeddable":true,"href":"https:\/\/www.sesdergisi.ca\/index.php?rest_route=%2Fwp%2Fv2%2Fcomments&post=1563"}],"version-history":[{"count":1,"href":"https:\/\/www.sesdergisi.ca\/index.php?rest_route=\/wp\/v2\/posts\/1563\/revisions"}],"predecessor-version":[{"id":1564,"href":"https:\/\/www.sesdergisi.ca\/index.php?rest_route=\/wp\/v2\/posts\/1563\/revisions\/1564"}],"wp:featuredmedia":[{"embeddable":true,"href":"https:\/\/www.sesdergisi.ca\/index.php?rest_route=\/wp\/v2\/media\/1518"}],"wp:attachment":[{"href":"https:\/\/www.sesdergisi.ca\/index.php?rest_route=%2Fwp%2Fv2%2Fmedia&parent=1563"}],"wp:term":[{"taxonomy":"category","embeddable":true,"href":"https:\/\/www.sesdergisi.ca\/index.php?rest_route=%2Fwp%2Fv2%2Fcategories&post=1563"},{"taxonomy":"post_tag","embeddable":true,"href":"https:\/\/www.sesdergisi.ca\/index.php?rest_route=%2Fwp%2Fv2%2Ftags&post=1563"}],"curies":[{"name":"wp","href":"https:\/\/api.w.org\/{rel}","templated":true}]}}