{"id":1401,"date":"2020-09-03T00:39:19","date_gmt":"2020-09-03T00:39:19","guid":{"rendered":"https:\/\/www.sesdergisi.ca\/?p=1401"},"modified":"2020-09-03T00:39:22","modified_gmt":"2020-09-03T00:39:22","slug":"cep-herkulu-naim-suleymanoglu","status":"publish","type":"post","link":"https:\/\/www.sesdergisi.ca\/?p=1401","title":{"rendered":"CEP HERK\u00dcL\u00dc: NA\u0130M S\u00dcLEYMANO\u011eLU"},"content":{"rendered":"\n<h3 class=\"has-text-align-right\">Yasemin Tatl\u0131seven<\/h3>\n\n\n\n<p><b><i><span class=\"Apple-converted-space\">\u00a0<\/span>\u201cBen konu\u015fursam, d\u00fcnya dinler!\u201d<\/i><\/b><\/p>\n<p><b><i>Naim S\u00dcLEYMANO\u011eLU<\/i><\/b><\/p>\n<p>Halter d\u00fcnyas\u0131nda gelmi\u015f ge\u00e7mi\u015f en iyi sporcu olarak an\u0131lan, Naim S\u00fcleymano\u011flu\u2019nun hayat\u0131n\u0131 anlatan filmdir. Karde\u015fi Muharrem S\u00fcleymano\u011flu\u2019nun an\u0131lar\u0131n\u0131 kaleme ald\u0131\u011f\u0131 \u201cKARDE\u015e\u0130M CEP HERK\u00dcL\u00dc\u201d isimli kitab\u0131, Bar\u0131\u015f Pirhasan taraf\u0131ndan senaryoya \u00e7evrilmi\u015ftir.<span class=\"Apple-converted-space\">\u00a0<\/span><\/p>\n<p>Gen\u00e7 ya\u015fta aram\u0131zdan ayr\u0131lan sporcunun biyografisini anlatan bu filmi izleyebilmi\u015f olmas\u0131n\u0131 dilerdim. Elli y\u0131ll\u0131k \u00f6mr\u00fcne 46 D\u00fcnya rekoru, 6 Avrupa \u015eampiyonlu\u011fu, 7 D\u00fcnya \u015eampiyonlu\u011fu, 3 Olimpiyat \u015eampiyonlu\u011fu (1988\/SEUL-1992\/BARCELONA-1996\/ATLANTA) s\u0131\u011fd\u0131ran, 1992\u2019de Uluslararas\u0131 Halter Bas\u0131n Komisyonu taraf\u0131ndan \u201cD\u00dcNYANIN EN \u0130Y\u0130 SPORCUSU\u201d se\u00e7ilen k\u00fc\u00e7\u00fck dev adam\u0131n hikayesi bu film ile \u00f6l\u00fcms\u00fczle\u015ftirilmi\u015ftir.<\/p>\n<p>Yap\u0131mc\u0131l\u0131\u011f\u0131n\u0131, son d\u00f6nemlerdeki biyografi filmleriyle, ad\u0131ndan s\u00f6z ettiren Mustafa Uslu\u2019nun yapt\u0131\u011f\u0131 filmin s\u00fcresi 2 saat 20 dakikad\u0131r. \u0130zlemeye ba\u015flamadan \u00f6nce filmin \u00e7ok uzun oldu\u011funu d\u00fc\u015f\u00fcnmeme ra\u011fmen, san\u0131r\u0131m ya\u015fanm\u0131\u015f bir \u00f6yk\u00fc oldu\u011fundan zaman\u0131n nas\u0131l ge\u00e7ti\u011fini anlayamad\u0131m.<\/p>\n<p>Naim karakterine can veren \u00fc\u00e7 ayr\u0131 oyuncu da ilk etapta Naim S\u00fcleymano\u011flu\u2019na benzerlikleriyle dikkat \u00e7ekiyor. \u00c7ocuklu\u011funu oynayan Batuhan Davudo\u011flu, sempatik tav\u0131rlar\u0131yla karakteri sevmemize neden oluyor. B\u00fcy\u00fcd\u00fc\u011f\u00fc sahnelerde Deniz Ali Cankorur\u2019u g\u00f6r\u00fcrken, Naim\u2019in gen\u00e7lik y\u0131llar\u0131na Hayat Van Eck hayat vermi\u015f. Bir r\u00f6portaj\u0131nda, film i\u00e7in halter \u00f6\u011frendi\u011fini, 70 kilodan 82 kiloya \u00e7\u0131kt\u0131\u011f\u0131n\u0131 dinlemi\u015ftim.<span class=\"Apple-converted-space\">\u00a0<\/span><\/p>\n<p>K\u0131rcaali\/Mestanl\u0131 k\u00f6y\u00fcnde ya\u015fayan k\u00fc\u00e7\u00fck Naim, 10 ya\u015f\u0131nda iken ilk madalyas\u0131n\u0131 ald\u0131\u011f\u0131nda, Naim S\u00fcleymano\u011flu\u2019nun bildi\u011fimiz, klasik, yumru\u011funu havaya savurma hareketini yaparak g\u00fcl\u00fcmsetiyor. \u00c7al\u0131\u015fmaktan elleri yara bere i\u00e7inde kalan k\u00fc\u00e7\u00fck sporcuyu, antren\u00f6r\u00fc (G\u00fcrkan Uygun) \u201cKalbinle, y\u00fcre\u011finle kald\u0131racaks\u0131n, ba\u015fka hi\u00e7bir \u015fey d\u00fc\u015f\u00fcnmeyeceksin.\u201d diye motive ediyor. Yine ayn\u0131 hocan\u0131n \u201cG\u00f6lgede duran\u0131n g\u00f6lgesi olmaz, g\u00fcne\u015fte duracaks\u0131n ki insanlar senin g\u00f6lgene toplans\u0131n.\u201d s\u00f6zleri Naim\u2019in hayat\u0131 boyunca akl\u0131ndan \u00e7\u0131kmayan, izleyici i\u00e7in de \u00e7arp\u0131c\u0131 repliklerden\u2026 Filmi \u00e7ocuklar\u0131n\u0131zla birlikte izlemenizi tavsiye ederim. Gen\u00e7ler ve \u00e7ocuklar i\u00e7in motive edici ve \u00f6rnek al\u0131nas\u0131 bir hayat!<\/p>\n<p>\u00c7ekimlerin b\u00fcy\u00fck \u00e7o\u011funlu\u011fu Bulgaristan\u2019da yap\u0131lm\u0131\u015f ve olaylar\u0131n ya\u015fand\u0131\u011f\u0131 ger\u00e7ek mekanlarda \u00e7ekilmi\u015f. Babas\u0131n\u0131 canland\u0131ran Yetkin Dikinciler (S\u00fcleyman) usta oyunculu\u011fuyla, baba rol\u00fcn\u00fcn hakk\u0131n\u0131 verirken, Selen \u00d6zt\u00fcrk duygu dolu sahnelerle annesini (Hatice) canland\u0131r\u0131yor. \u015eivenin abart\u0131s\u0131ndan bazen diyaloglar anla\u015f\u0131lm\u0131yor hatta altyaz\u0131 arayacak kadar anlayamad\u0131\u011f\u0131m sahneler oldu.<\/p>\n<p>26 Aral\u0131k 1984 gecesi Mestanl\u0131 k\u00f6y\u00fcnde kara bir gece ya\u015fan\u0131yor. Bulgaristan\u2019da diktat\u00f6r Todor Jivkov<span class=\"Apple-converted-space\">\u00a0 <\/span>Y\u00f6netimi n\u00fcfusun \u00f6nemli bir k\u0131sm\u0131n\u0131 olu\u015fturan T\u00fcrk ve M\u00fcsl\u00fcmanlara y\u00f6nelik bir asimilasyon kampanyas\u0131 ba\u015flat\u0131yor. \u0130badetlerin yap\u0131lmas\u0131 yasaklan\u0131p, camiiler kapat\u0131l\u0131yor, insanlar\u0131n isimleri zorla de\u011fi\u015ftiriliyor. Bunlara itiraz edenler, filmde de de\u011finildi\u011fi gibi Belene Toplama Kamp\u0131na g\u00f6nderiliyor, olmad\u0131k i\u015fkencelere maruz b\u0131rak\u0131l\u0131yorlar. Belki bir g\u00fcn birileri de Belene Kamp\u0131yla ilgili bir film \u00e7eker.<\/p>\n<p>T\u00fcrkan, S\u00fcleyman, Mustafa, Rami, Z\u00fcbeyde\u2026 O karanl\u0131k gecede Naim\u2019in \u015fehit olan k\u00f6yl\u00fclerinden baz\u0131lar\u0131&#8230; T\u00fcrkan daha 18 ayl\u0131k ve bu \u00f6l\u00fcmlerden kimsenin haberi olmuyor. Naim bu ya\u015fananlar\u0131 b\u00fct\u00fcn d\u00fcnyaya duyurmak, ya\u015fanan zulm\u00fc bitirmek istiyor.<\/p>\n<p>Halter \u015fampiyonalar\u0131nda b\u00fct\u00fcn halk\u0131n televizyonun ba\u015f\u0131na topland\u0131\u011f\u0131 sahneler, o g\u00fcnleri ya\u015fayan biri olarak beni \u00e7ok etkiledi. Evindeki son gecesinde, kimseye bir \u015fey s\u00f6ylememesi, sessizce herkesle vedala\u015fmas\u0131, yemek masas\u0131nda herkes g\u00fcl\u00fc\u015f c\u00fcmb\u00fc\u015f yemek yerken, onun kara kara d\u00fc\u015f\u00fcnmesi, bana da vatan\u0131mdaki son gecemi hat\u0131rlatt\u0131. Avustralya\u2019da T\u00fcrklerin evinde saklan\u0131rken ge\u00e7en diyaloglar ilgin\u00e7ti. Naim soruyor \u201cBen T\u00fcrkiye\u2019ye gitmeye \u00e7al\u0131\u015f\u0131yorum, ama siz T\u00fcrkiye\u2019den ka\u00e7\u0131p buraya gelmi\u015fsiniz.\u201d Seksen darbesinde \u00fclkedeki kar\u0131\u015f\u0131kl\u0131ktan ka\u00e7t\u0131klar\u0131n\u0131, karde\u015fi karde\u015fe k\u0131rd\u0131rd\u0131klar\u0131n\u0131 anlat\u0131yorlar. G\u00fczel \u00fclkemde y\u0131llar ge\u00e7se de hi\u00e7bir \u015feyin de\u011fi\u015fmedi\u011fini g\u00f6rmek \u00fcz\u00fcc\u00fc\u2026 D\u00f6nem d\u00f6nem zul\u00fcm g\u00f6ren kitle de\u011fi\u015fiyor ama zul\u00fcm baki!.. \u0130smail Hac\u0131o\u011flu, Renan Bilek, B\u00fclent Alk\u0131\u015f, Mustafa K\u0131rantepe gibi \u00fcnl\u00fc isimler oyuncu kadrosunu zenginle\u015ftirmi\u015f. Turgut \u00d6zal\u2019\u0131n bulundu\u011fu sahneler ilgi \u00e7ekici olmu\u015f.<\/p>\n<p>Doksanl\u0131 y\u0131llar\u0131n Amerikan r\u00fcyas\u0131na ve Amerikal\u0131lar\u0131n<span class=\"Apple-converted-space\">\u00a0 <\/span>Naim\u2019e sunduklar\u0131 inan\u0131lmaz f\u0131rsatlara, ayaklar\u0131 yere de\u011fmeyen bu adam\u0131n<span class=\"Apple-converted-space\">\u00a0 <\/span>tepkisi ne olacak? Naim, Avustralya\u2019dan T\u00fcrkiye\u2019ye nas\u0131l ka\u00e7acak? B\u00fct\u00fcn d\u00fcnyaya Bulgar zulm\u00fcn\u00fc nas\u0131l anlatacak? Heyecanla izliyoruz.<\/p>\n<p>Fahir Atako\u011flu etkili m\u00fczikleriyle, duygular\u0131m\u0131z\u0131 y\u00f6nlendirmeyi ba\u015far\u0131yor. Nerede g\u00fclmemiz, heyecanlanmam\u0131z, a\u011flamam\u0131z gerekiyorsa m\u00fczikler bizi al\u0131p g\u00f6t\u00fcr\u00fcyor. Ka\u00e7\u0131\u015f sahnesinde F-16\u2019lar e\u015fli\u011finde u\u00e7arken \u201cHavas\u0131na, suyuna, ta\u015f\u0131na, topra\u011f\u0131na\u2026.\u201d diye giren \u015fark\u0131, vatana uzak bizleri de inan\u0131lmaz duyguland\u0131r\u0131yor.<\/p>\n<p>Film ele\u015ftirilerine bakt\u0131\u011f\u0131mda \u00f6zellikle gen\u00e7lerin a\u015f\u0131r\u0131 milliyet\u00e7i buldu\u011funu okudum. Ancak o g\u00fcnleri hat\u0131rlayan biri olarak eksi\u011fi olabilir, fazlas\u0131 yoktur, abart\u0131l\u0131 oldu\u011funu d\u00fc\u015f\u00fcnm\u00fcyorum.<span class=\"Apple-converted-space\">\u00a0<\/span><\/p>\n<p>Naim S\u00fcleymano\u011flu sporu kendisine yol yap\u0131p, ezilen soyda\u015flar\u0131n\u0131n hakk\u0131n\u0131 savunmak i\u00e7in politik bir araca \u00e7evirmi\u015fti. Eski bir tan\u0131d\u0131\u011f\u0131 ona, bug\u00fcnlerde hepimizin \u00f6rnek almas\u0131 gereken m\u00fcthi\u015f c\u00fcmleleri kurmu\u015ftu, \u201cHerkesin bir g\u00fcc\u00fc vard\u0131r Naim, kimi ta\u015f atar, kimi \u015fiir yazar.\u201d diye y\u00f6nlendirme yap\u0131nca, Naim S\u00fcleymano\u011flu sporcu kimli\u011fiyle zulm\u00fc duyurmak, d\u00fcnyaya seslenmek i\u00e7in, daha b\u00fcy\u00fck bir h\u0131rsla \u00e7al\u0131\u015f\u0131p ba\u015far\u0131dan ba\u015far\u0131ya durmaks\u0131z\u0131n ko\u015fmu\u015ftu.<\/p>\n<p>\u201cHayatta sahip oldu\u011funuz her \u015feyinizi kaybedebilirsiniz! Evinizi, i\u015finizi, hatta sevdiklerinizi&#8230;<span class=\"Apple-converted-space\">\u00a0<\/span><\/p>\n<p>Ama bir insan\u0131n hayatta kaybedebilece\u011fi en zor \u015fey<span class=\"Apple-converted-space\">\u00a0 <\/span>kimli\u011fidir&#8230;\u201d<\/p>\n<p>Naim S\u00dcLEYMANO\u011eLU<\/p>\n","protected":false},"excerpt":{"rendered":"<p>Yasemin Tatl\u0131seven \u00a0\u201cBen konu\u015fursam, d\u00fcnya dinler!\u201d Naim S\u00dcLEYMANO\u011eLU Halter d\u00fcnyas\u0131nda gelmi\u015f ge\u00e7mi\u015f en iyi sporcu olarak an\u0131lan, Naim<\/p>\n","protected":false},"author":1,"featured_media":1402,"comment_status":"open","ping_status":"open","sticky":false,"template":"","format":"standard","meta":[],"categories":[128],"tags":[],"yoast_head":"<!-- This site is optimized with the Yoast SEO plugin v15.5 - https:\/\/yoast.com\/wordpress\/plugins\/seo\/ -->\n<title>CEP HERK\u00dcL\u00dc: NA\u0130M S\u00dcLEYMANO\u011eLU - SES MAGAZINE<\/title>\n<meta name=\"robots\" content=\"index, follow, max-snippet:-1, max-image-preview:large, max-video-preview:-1\" \/>\n<link rel=\"canonical\" href=\"https:\/\/www.sesdergisi.ca\/?p=1401\" \/>\n<meta property=\"og:locale\" content=\"en_US\" \/>\n<meta property=\"og:type\" content=\"article\" \/>\n<meta property=\"og:title\" content=\"CEP HERK\u00dcL\u00dc: NA\u0130M S\u00dcLEYMANO\u011eLU - SES MAGAZINE\" \/>\n<meta property=\"og:description\" content=\"Yasemin Tatl\u0131seven \u00a0\u201cBen konu\u015fursam, d\u00fcnya dinler!\u201d Naim S\u00dcLEYMANO\u011eLU Halter d\u00fcnyas\u0131nda gelmi\u015f ge\u00e7mi\u015f en iyi sporcu olarak an\u0131lan, Naim\" \/>\n<meta property=\"og:url\" content=\"https:\/\/www.sesdergisi.ca\/?p=1401\" \/>\n<meta property=\"og:site_name\" content=\"SES MAGAZINE\" \/>\n<meta property=\"article:author\" content=\"https:\/\/www.facebook.com\/serifkanada\" \/>\n<meta property=\"article:published_time\" content=\"2020-09-03T00:39:19+00:00\" \/>\n<meta property=\"article:modified_time\" content=\"2020-09-03T00:39:22+00:00\" \/>\n<meta property=\"og:image\" content=\"https:\/\/www.sesdergisi.ca\/wp-content\/uploads\/2020\/09\/unnamed-18.jpg\" \/>\n\t<meta property=\"og:image:width\" content=\"512\" \/>\n\t<meta property=\"og:image:height\" content=\"288\" \/>\n<meta name=\"twitter:card\" content=\"summary_large_image\" \/>\n<meta name=\"twitter:image\" content=\"https:\/\/www.sesdergisi.ca\/wp-content\/uploads\/2020\/09\/unnamed-18.jpg\" \/>\n<meta name=\"twitter:creator\" content=\"@https:\/\/twitter.com\/serifcanada1\" \/>\n<meta name=\"twitter:label1\" content=\"Est. reading time\">\n\t<meta name=\"twitter:data1\" content=\"4 minutes\">\n<script type=\"application\/ld+json\" class=\"yoast-schema-graph\">{\"@context\":\"https:\/\/schema.org\",\"@graph\":[{\"@type\":\"WebSite\",\"@id\":\"https:\/\/www.sesdergisi.ca\/#website\",\"url\":\"https:\/\/www.sesdergisi.ca\/\",\"name\":\"SES MAGAZINE\",\"description\":\"Literature \\u00b7 Analysis \\u00b7 Thought\",\"potentialAction\":[{\"@type\":\"SearchAction\",\"target\":\"https:\/\/www.sesdergisi.ca\/?s={search_term_string}\",\"query-input\":\"required name=search_term_string\"}],\"inLanguage\":\"en-US\"},{\"@type\":\"ImageObject\",\"@id\":\"https:\/\/www.sesdergisi.ca\/?p=1401#primaryimage\",\"inLanguage\":\"en-US\",\"url\":\"https:\/\/www.sesdergisi.ca\/wp-content\/uploads\/2020\/09\/unnamed-18.jpg\",\"width\":512,\"height\":288},{\"@type\":\"WebPage\",\"@id\":\"https:\/\/www.sesdergisi.ca\/?p=1401#webpage\",\"url\":\"https:\/\/www.sesdergisi.ca\/?p=1401\",\"name\":\"CEP HERK\\u00dcL\\u00dc: NA\\u0130M S\\u00dcLEYMANO\\u011eLU - SES MAGAZINE\",\"isPartOf\":{\"@id\":\"https:\/\/www.sesdergisi.ca\/#website\"},\"primaryImageOfPage\":{\"@id\":\"https:\/\/www.sesdergisi.ca\/?p=1401#primaryimage\"},\"datePublished\":\"2020-09-03T00:39:19+00:00\",\"dateModified\":\"2020-09-03T00:39:22+00:00\",\"author\":{\"@id\":\"https:\/\/www.sesdergisi.ca\/#\/schema\/person\/3c516e766267a63b4e8d607fa5496f02\"},\"inLanguage\":\"en-US\",\"potentialAction\":[{\"@type\":\"ReadAction\",\"target\":[\"https:\/\/www.sesdergisi.ca\/?p=1401\"]}]},{\"@type\":\"Person\",\"@id\":\"https:\/\/www.sesdergisi.ca\/#\/schema\/person\/3c516e766267a63b4e8d607fa5496f02\",\"name\":\"\\u015eerif Ayd\\u0131n\",\"image\":{\"@type\":\"ImageObject\",\"@id\":\"https:\/\/www.sesdergisi.ca\/#personlogo\",\"inLanguage\":\"en-US\",\"url\":\"https:\/\/secure.gravatar.com\/avatar\/2527d3cadd34557e6b4a3479d29c21d4?s=96&d=mm&r=g\",\"caption\":\"\\u015eerif Ayd\\u0131n\"},\"sameAs\":[\"http:\/\/sesdergisi.ca\",\"https:\/\/www.facebook.com\/serifkanada\",\"https:\/\/www.instagram.com\/serifcanada\",\"https:\/\/www.linkedin.com\/in\/serif-aydin-16a0b31a4\",\"https:\/\/twitter.com\/https:\/\/twitter.com\/serifcanada1\"]}]}<\/script>\n<!-- \/ Yoast SEO plugin. -->","_links":{"self":[{"href":"https:\/\/www.sesdergisi.ca\/index.php?rest_route=\/wp\/v2\/posts\/1401"}],"collection":[{"href":"https:\/\/www.sesdergisi.ca\/index.php?rest_route=\/wp\/v2\/posts"}],"about":[{"href":"https:\/\/www.sesdergisi.ca\/index.php?rest_route=\/wp\/v2\/types\/post"}],"author":[{"embeddable":true,"href":"https:\/\/www.sesdergisi.ca\/index.php?rest_route=\/wp\/v2\/users\/1"}],"replies":[{"embeddable":true,"href":"https:\/\/www.sesdergisi.ca\/index.php?rest_route=%2Fwp%2Fv2%2Fcomments&post=1401"}],"version-history":[{"count":1,"href":"https:\/\/www.sesdergisi.ca\/index.php?rest_route=\/wp\/v2\/posts\/1401\/revisions"}],"predecessor-version":[{"id":1403,"href":"https:\/\/www.sesdergisi.ca\/index.php?rest_route=\/wp\/v2\/posts\/1401\/revisions\/1403"}],"wp:featuredmedia":[{"embeddable":true,"href":"https:\/\/www.sesdergisi.ca\/index.php?rest_route=\/wp\/v2\/media\/1402"}],"wp:attachment":[{"href":"https:\/\/www.sesdergisi.ca\/index.php?rest_route=%2Fwp%2Fv2%2Fmedia&parent=1401"}],"wp:term":[{"taxonomy":"category","embeddable":true,"href":"https:\/\/www.sesdergisi.ca\/index.php?rest_route=%2Fwp%2Fv2%2Fcategories&post=1401"},{"taxonomy":"post_tag","embeddable":true,"href":"https:\/\/www.sesdergisi.ca\/index.php?rest_route=%2Fwp%2Fv2%2Ftags&post=1401"}],"curies":[{"name":"wp","href":"https:\/\/api.w.org\/{rel}","templated":true}]}}