{"id":1340,"date":"2020-07-27T23:09:46","date_gmt":"2020-07-27T23:09:46","guid":{"rendered":"https:\/\/www.sesdergisi.ca\/?p=1340"},"modified":"2020-07-27T23:09:48","modified_gmt":"2020-07-27T23:09:48","slug":"icini-gormelisin","status":"publish","type":"post","link":"https:\/\/www.sesdergisi.ca\/?p=1340","title":{"rendered":"\u0130\u00c7\u0130N\u0130 G\u00d6RMEL\u0130S\u0130N"},"content":{"rendered":"\n<h3 class=\"has-text-align-right\"><strong>Mihman<\/strong><\/h3>\n\n\n\n<p>Bir karanfil kadar g\u00fc\u00e7l\u00fc olmal\u0131s\u0131n<\/p>\n<p>Karanfil kadar sab\u0131rl\u0131<\/p>\n<p>G\u00fcnlerin i\u00e7inde kaybolmadan<\/p>\n<p>Daha da g\u00fc\u00e7l\u00fc durmal\u0131s\u0131n zamana kar\u015f\u0131<\/p>\n<p>\u0130\u00e7ini g\u00f6rmelisin,<\/p>\n<p>\u0130\u00e7ini g\u00f6rmelisin her \u015feyin<\/p>\n<p>Ben g\u00f6rd\u00fcm, \u00e7i\u00e7ekten daha fazlas\u0131 karanfil benim i\u00e7in.<\/p>\n<p>Sen,<\/p>\n<p>G\u00f6zlerinin i\u00e7ine bakt\u0131\u011f\u0131nda<\/p>\n<p>Seni seven bir \u00e7ift g\u00f6z\u00fcn g\u00f6rd\u00fc\u011f\u00fcs\u00fcn<\/p>\n<p>Anl\u0131k gelen h\u00fczn\u00fcn i\u00e7inde<\/p>\n<p>Izd\u0131rap halinde k\u0131vranan r\u00fbhunun<\/p>\n<p>Derinliklerine inen<\/p>\n<p>Bir \u00e7ift g\u00f6z\u00fc arad\u0131n durdun<\/p>\n<p>\u0130\u00e7ini g\u00f6rmelisin,<\/p>\n<p>\u0130\u00e7ini g\u00f6rmelisin her \u015feyin<\/p>\n<p>Ben g\u00f6rd\u00fcm, \u00e7i\u00e7ekten daha fazlas\u0131 karanfil benim i\u00e7in.<\/p>\n<p>Bir g\u00fcn<\/p>\n<p>Sevgiyle g\u00f6zlerine bakan bir \u00e7ift g\u00f6z g\u00f6rd\u00fc\u011f\u00fcnde<\/p>\n<p>Sor bakal\u0131m sen kimsin<\/p>\n<p>Bir aynaya bakar gibi<\/p>\n<p>Sessinde ses arar gibi sor<\/p>\n<p>Yalans\u0131z ve i\u00e7ten.<\/p>\n<p>\u0130\u00e7ini g\u00f6rmelisin,<\/p>\n<p>\u0130\u00e7ini g\u00f6rmelisin her \u015feyin<\/p>\n<p>Ben g\u00f6rd\u00fcm, \u00e7i\u00e7ekten daha fazlas\u0131 karanfil benim i\u00e7in&#8230;<\/p>\n","protected":false},"excerpt":{"rendered":"<p>Mihman Bir karanfil kadar g\u00fc\u00e7l\u00fc olmal\u0131s\u0131n Karanfil kadar sab\u0131rl\u0131 G\u00fcnlerin i\u00e7inde kaybolmadan Daha da g\u00fc\u00e7l\u00fc durmal\u0131s\u0131n zamana kar\u015f\u0131<\/p>\n","protected":false},"author":1,"featured_media":1524,"comment_status":"open","ping_status":"open","sticky":false,"template":"","format":"standard","meta":[],"categories":[3],"tags":[],"yoast_head":"<!-- This site is optimized with the Yoast SEO plugin v15.5 - https:\/\/yoast.com\/wordpress\/plugins\/seo\/ -->\n<title>\u0130\u00c7\u0130N\u0130 G\u00d6RMEL\u0130S\u0130N - SES MAGAZINE<\/title>\n<meta name=\"robots\" content=\"index, follow, max-snippet:-1, max-image-preview:large, max-video-preview:-1\" \/>\n<link rel=\"canonical\" href=\"https:\/\/www.sesdergisi.ca\/?p=1340\" \/>\n<meta property=\"og:locale\" content=\"en_US\" \/>\n<meta property=\"og:type\" content=\"article\" \/>\n<meta property=\"og:title\" content=\"\u0130\u00c7\u0130N\u0130 G\u00d6RMEL\u0130S\u0130N - SES MAGAZINE\" \/>\n<meta property=\"og:description\" content=\"Mihman Bir karanfil kadar g\u00fc\u00e7l\u00fc olmal\u0131s\u0131n Karanfil kadar sab\u0131rl\u0131 G\u00fcnlerin i\u00e7inde kaybolmadan Daha da g\u00fc\u00e7l\u00fc durmal\u0131s\u0131n zamana kar\u015f\u0131\" \/>\n<meta property=\"og:url\" content=\"https:\/\/www.sesdergisi.ca\/?p=1340\" \/>\n<meta property=\"og:site_name\" content=\"SES MAGAZINE\" \/>\n<meta property=\"article:author\" content=\"https:\/\/www.facebook.com\/serifkanada\" \/>\n<meta property=\"article:published_time\" content=\"2020-07-27T23:09:46+00:00\" \/>\n<meta property=\"article:modified_time\" content=\"2020-07-27T23:09:48+00:00\" \/>\n<meta name=\"twitter:card\" content=\"summary_large_image\" \/>\n<meta name=\"twitter:creator\" content=\"@https:\/\/twitter.com\/serifcanada1\" \/>\n<meta name=\"twitter:label1\" content=\"Est. reading time\">\n\t<meta name=\"twitter:data1\" content=\"1 minute\">\n<script type=\"application\/ld+json\" class=\"yoast-schema-graph\">{\"@context\":\"https:\/\/schema.org\",\"@graph\":[{\"@type\":\"WebSite\",\"@id\":\"https:\/\/www.sesdergisi.ca\/#website\",\"url\":\"https:\/\/www.sesdergisi.ca\/\",\"name\":\"SES MAGAZINE\",\"description\":\"Literature \\u00b7 Analysis \\u00b7 Thought\",\"potentialAction\":[{\"@type\":\"SearchAction\",\"target\":\"https:\/\/www.sesdergisi.ca\/?s={search_term_string}\",\"query-input\":\"required name=search_term_string\"}],\"inLanguage\":\"en-US\"},{\"@type\":\"ImageObject\",\"@id\":\"https:\/\/www.sesdergisi.ca\/?p=1340#primaryimage\",\"inLanguage\":\"en-US\",\"url\":\"\"},{\"@type\":\"WebPage\",\"@id\":\"https:\/\/www.sesdergisi.ca\/?p=1340#webpage\",\"url\":\"https:\/\/www.sesdergisi.ca\/?p=1340\",\"name\":\"\\u0130\\u00c7\\u0130N\\u0130 G\\u00d6RMEL\\u0130S\\u0130N - SES MAGAZINE\",\"isPartOf\":{\"@id\":\"https:\/\/www.sesdergisi.ca\/#website\"},\"primaryImageOfPage\":{\"@id\":\"https:\/\/www.sesdergisi.ca\/?p=1340#primaryimage\"},\"datePublished\":\"2020-07-27T23:09:46+00:00\",\"dateModified\":\"2020-07-27T23:09:48+00:00\",\"author\":{\"@id\":\"https:\/\/www.sesdergisi.ca\/#\/schema\/person\/3c516e766267a63b4e8d607fa5496f02\"},\"inLanguage\":\"en-US\",\"potentialAction\":[{\"@type\":\"ReadAction\",\"target\":[\"https:\/\/www.sesdergisi.ca\/?p=1340\"]}]},{\"@type\":\"Person\",\"@id\":\"https:\/\/www.sesdergisi.ca\/#\/schema\/person\/3c516e766267a63b4e8d607fa5496f02\",\"name\":\"\\u015eerif Ayd\\u0131n\",\"image\":{\"@type\":\"ImageObject\",\"@id\":\"https:\/\/www.sesdergisi.ca\/#personlogo\",\"inLanguage\":\"en-US\",\"url\":\"https:\/\/secure.gravatar.com\/avatar\/2527d3cadd34557e6b4a3479d29c21d4?s=96&d=mm&r=g\",\"caption\":\"\\u015eerif Ayd\\u0131n\"},\"sameAs\":[\"http:\/\/sesdergisi.ca\",\"https:\/\/www.facebook.com\/serifkanada\",\"https:\/\/www.instagram.com\/serifcanada\",\"https:\/\/www.linkedin.com\/in\/serif-aydin-16a0b31a4\",\"https:\/\/twitter.com\/https:\/\/twitter.com\/serifcanada1\"]}]}<\/script>\n<!-- \/ Yoast SEO plugin. -->","_links":{"self":[{"href":"https:\/\/www.sesdergisi.ca\/index.php?rest_route=\/wp\/v2\/posts\/1340"}],"collection":[{"href":"https:\/\/www.sesdergisi.ca\/index.php?rest_route=\/wp\/v2\/posts"}],"about":[{"href":"https:\/\/www.sesdergisi.ca\/index.php?rest_route=\/wp\/v2\/types\/post"}],"author":[{"embeddable":true,"href":"https:\/\/www.sesdergisi.ca\/index.php?rest_route=\/wp\/v2\/users\/1"}],"replies":[{"embeddable":true,"href":"https:\/\/www.sesdergisi.ca\/index.php?rest_route=%2Fwp%2Fv2%2Fcomments&post=1340"}],"version-history":[{"count":1,"href":"https:\/\/www.sesdergisi.ca\/index.php?rest_route=\/wp\/v2\/posts\/1340\/revisions"}],"predecessor-version":[{"id":1341,"href":"https:\/\/www.sesdergisi.ca\/index.php?rest_route=\/wp\/v2\/posts\/1340\/revisions\/1341"}],"wp:featuredmedia":[{"embeddable":true,"href":"https:\/\/www.sesdergisi.ca\/index.php?rest_route=\/wp\/v2\/media\/1524"}],"wp:attachment":[{"href":"https:\/\/www.sesdergisi.ca\/index.php?rest_route=%2Fwp%2Fv2%2Fmedia&parent=1340"}],"wp:term":[{"taxonomy":"category","embeddable":true,"href":"https:\/\/www.sesdergisi.ca\/index.php?rest_route=%2Fwp%2Fv2%2Fcategories&post=1340"},{"taxonomy":"post_tag","embeddable":true,"href":"https:\/\/www.sesdergisi.ca\/index.php?rest_route=%2Fwp%2Fv2%2Ftags&post=1340"}],"curies":[{"name":"wp","href":"https:\/\/api.w.org\/{rel}","templated":true}]}}