{"id":1338,"date":"2020-07-27T23:07:58","date_gmt":"2020-07-27T23:07:58","guid":{"rendered":"https:\/\/www.sesdergisi.ca\/?p=1338"},"modified":"2020-07-27T23:08:00","modified_gmt":"2020-07-27T23:08:00","slug":"7-kogustaki-mucize","status":"publish","type":"post","link":"https:\/\/www.sesdergisi.ca\/?p=1338","title":{"rendered":"7.KO\u011eU\u015eTAK\u0130 MUC\u0130ZE"},"content":{"rendered":"\n<h3 class=\"has-text-align-right\">Yasemin Tatl\u0131seven<\/h3>\n\n\n\n<p>F\u0130LM ADI: 7.KO\u011eU\u015eTAK\u0130 MUC\u0130ZE<\/p>\n<p>Y\u00d6NETMEN: MEHMET ADA \u00d6ZTEK\u0130N<\/p>\n<p>YAPIM YILI: 2019<\/p>\n<p>T\u00dcR\u00dc: DRAM<\/p>\n<p><span class=\"Apple-converted-space\">\u00a0<\/span>Y\u00fcre\u011finize b\u00fcy\u00fck bir ustal\u0131kla dokunacak, g\u00f6zya\u015flar\u0131n\u0131za h\u00e2kim olamayaca\u011f\u0131n\u0131z, izlerken yutkunmakta zorluk \u00e7ekece\u011finiz bir film kar\u015f\u0131n\u0131zda\u2026 Bu filmi izlemeye karar verdiyseniz, yan\u0131n\u0131za bol miktarda mendil alman\u0131z\u0131 \u00f6neririm.<\/p>\n<p>Benim gibi k\u0131rk ya\u015f\u0131n \u00fczerindeyseniz e\u011fer, seksen darbesinin so\u011fuk izlerini, a\u00e7\u0131l\u0131\u015f sahnesindeki radyo anonsuyla birlikte iliklerinize kadar hissedeceksiniz. Darbelerden \u00e7ok \u00e7ekmi\u015f bir \u00fclkenin evlatlar\u0131 olarak hemen hepimizin haf\u0131zalar\u0131na kaz\u0131nan, belki travmalara sebep olan olaylar, bir kitap, bir m\u00fczik ya da bir film olarak, \u00fcst\u00fcnden y\u0131llar da ge\u00e7se sanata b\u00f6yle yans\u0131yor. Bu paragraf\u0131 yazd\u0131ktan hemen sonra filmin y\u00f6netmeni Mehmet Ada \u00d6ztekin\u2019in ya\u015f\u0131n\u0131 merak ettim ve ayn\u0131 ya\u015fta (1976 do\u011fumlu) oldu\u011fumuzu g\u00f6r\u00fcnce, filmi \u00e7ekerken hissettiklerini \u015fimdi daha iyi anlad\u0131m.<\/p>\n<p>2019 yap\u0131m\u0131 olan film, dram t\u00fcr\u00fcnde, 2 saat 12 dakika. G\u00fcney Kore yap\u0131m\u0131 \u201cMiracle in Cell No.7\u201d adl\u0131 filmden uyarlanm\u0131\u015f. Bir puanlama yapmam gerekirse 5 y\u0131ld\u0131z ve 90 puan verirdim.<\/p>\n<p>Olaylar 1983 y\u0131l\u0131nda Ege\u2019de k\u00fc\u00e7\u00fck bir kasabada ge\u00e7iyor. 7 ya\u015f\u0131ndaki k\u0131z\u0131yla ayn\u0131 zeka ya\u015f\u0131na sahip bir baban\u0131n, Heidi ile birlikte de\u011fi\u015fen ya\u015famlar\u0131n\u0131 konu al\u0131yor. O y\u0131llarda tek l\u00fcks\u00fc kitap okumak olan k\u00fc\u00e7\u00fck k\u0131z Ova (Nisa Sofiya Aksongur), Heidi\u2019nin resimli hikayelerinin m\u00fcdavimi ve tek hayali kasabadaki bir d\u00fckkanda g\u00f6rd\u00fc\u011f\u00fc, Heidi\u2019li okul \u00e7antas\u0131na sahip olabilmek. Olaylar dizisi, Ova\u2019n\u0131n babas\u0131 Memo\u2019yu cezaevine kadar g\u00f6t\u00fcrecek. Masum bir ki\u015finin adaletle olan m\u00fccadelesini, su\u00e7suzlu\u011funu ispatlayacak g\u00fcce sahip olamay\u0131\u015f\u0131n\u0131n verdi\u011fi \u00e7aresizli\u011fi hep birlikte izleyece\u011fiz.<\/p>\n<p>23 Nisan sahnesiyle, y\u00f6netmen M. Ada \u00d6ztekin\u2019in kendi \u00e7ocuklu\u011funun ve \u00e7ocuklu\u011fundaki bayramlar\u0131n filmini \u00e7ekti\u011fine eminim. M.Ada \u00d6ztekin ayn\u0131 zamanda yine bir d\u00f6nem filmi olan \u201dDevrim Arabalar\u0131\u201d n\u0131n da y\u00f6netmeni. Filmlerinden ba\u015fl\u0131calar\u0131 aras\u0131nda, \u201cMart\u0131lar\u0131n Efendisi, Mahmut ile Meryem ve Kaybedenler Kul\u00fcb\u00fc\u201d var.<\/p>\n<p>Ayn\u0131 ku\u015faktan olmam\u0131z nedeniyle, kasabadaki 23 Nisan t\u00f6reni, caddenin her iki taraf\u0131na sa\u011fl\u0131-sollu toplanan kalabal\u0131k, kaymakam ve askerlerden olu\u015fan protokol, cicili-bicili giyinmi\u015f ilkokul \u00f6\u011frencilerinin ve bando tak\u0131mlar\u0131n\u0131n ge\u00e7it t\u00f6reni, beni al\u0131p \u00e7ocuklu\u011fumun mutlu bayram sabahlar\u0131na kadar g\u00f6t\u00fcrd\u00fc. \u00c7evirmeli telefon, kuzine, divanlar, kanevi\u00e7e \u00f6rt\u00fcler ve duvardaki tabakl\u0131k gibi bir \u00e7ok detay, seksenli y\u0131llar\u0131 lay\u0131k\u0131yla yans\u0131t\u0131yor. Bir d\u00f6nem filmi oldu\u011funu, kost\u00fcm se\u00e7imlerinden, kullan\u0131lan arabalara kadar her an g\u00f6zlemliyorsunuz.<\/p>\n<p>Babaanne (Fatma Nine) karakterine can veren Celile Toyon, y\u0131llar\u0131n usta sanat\u00e7\u0131s\u0131, en son yine bir d\u00f6nem dizisi olan \u201cVatan\u0131m Sensin\u201d adl\u0131 dizide g\u00fczel bir oyunculuk sergilemi\u015fti. Fatma Nine (Celile), Ova ve Memo\u2019ya sahip \u00e7\u0131kan m\u00fc\u015ffik ve ya\u015fl\u0131 bir kad\u0131n\u0131 ba\u015far\u0131yla canland\u0131r\u0131yor. Ova\u2019ya \u201cSen b\u00fcy\u00fcyene kadar melek olmayaca\u011f\u0131m, sana ben bakaca\u011f\u0131m\u201d diye s\u00f6z veriyor. \u00c7\u00fcnk\u00fc Ova, annesi gibi \u00f6len t\u00fcm insanlar\u0131n Melek oldu\u011funa<span class=\"Apple-converted-space\">\u00a0 <\/span>inan\u0131yor.<\/p>\n<p>Mehmet Koyuncu, nam-\u0131 di\u011fer Memo karakterine geldi\u011fimizde ise Aras Bulut \u0130ynemli\u2019nin o m\u00fcthi\u015f oyunculu\u011fu filme damgas\u0131n\u0131 vuruyor. Karakterin safl\u0131\u011f\u0131, masumiyeti, \u00e7ocuksu sevin\u00e7leri, ege \u015fivesiyle de birle\u015fince ayr\u0131 bir tat al\u0131yorsunuz. Tutukland\u0131\u011f\u0131 zaman yedi\u011fi dayaklara, g\u00f6rd\u00fc\u011f\u00fc i\u015fkencelere \u00fcz\u00fcl\u00fcyor, bulundu\u011fu ortamdan Memo\u2019yu \u00e7ekip \u00e7\u0131karmak isteyecek kadar ger\u00e7ek\u00e7i bir oyunculuk izliyorsunuz. Memo\u2019nun dayak sonras\u0131 makyajlar\u0131 inan\u0131lmaz ba\u015far\u0131l\u0131\u2026 Filmi beraber izledi\u011fimiz o\u011flum, \u201cBu adama h\u00e2l\u00e2 nas\u0131l Oscar vermediler?\u201d diye hay\u0131flan\u0131yor.<\/p>\n<p>\u201c\u00d6yle Bir Ge\u00e7er Zamanki\u201d adl\u0131 diziden beri parlayan y\u0131ld\u0131z\u0131na tan\u0131k oldu\u011fumuz A.Bulut \u0130ynemli, en son \u201c\u00c7ukur\u201d adl\u0131 dizi ile ekranlarda g\u00f6z dolduruyor. Ayn\u0131 y\u00f6netmenin \u201cMahmut ile Meryem\u201d ve \u201cMart\u0131lar\u0131n Efendisi\u201d filmlerinde de rol alan sanat\u00e7\u0131, \u201cTamam m\u0131y\u0131z?\u201d adl\u0131 sinema filminde yine engelli bir karakteri canland\u0131rarak, haf\u0131zalara o muhte\u015fem oyunculu\u011fu ile kaz\u0131nm\u0131\u015ft\u0131.<\/p>\n<p>Ova (Nisa), kasabal\u0131n\u0131n deli diye alay etti\u011fi babas\u0131yla, \u00f6zel ve g\u00fc\u00e7l\u00fc bir ileti\u015fim kurmay\u0131 ba\u015farm\u0131\u015f, k\u00fc\u00e7\u00fck bir k\u0131z\u0131 canland\u0131r\u0131yor. Baba ile k\u0131z\u0131n birbirine sar\u0131lma sahnelerinde \u00e7o\u011fu zaman i\u00e7iniz \u201cC\u0131zz\u201d edecek! Cezaevindeki babas\u0131yla g\u00f6r\u00fc\u015ft\u00fcr\u00fclmeyen k\u00fc\u00e7\u00fck bir k\u0131z\u0131n, babas\u0131na ula\u015fma \u00e7abas\u0131 y\u00fcre\u011finizi par\u00e7alayacak! Cezaevi duvar\u0131n\u0131n bir taraf\u0131nda Ova, di\u011fer taraf\u0131nda Memo\u2019nun birbirlerine \u00e7aresizce sesleni\u015fi, bildikleri bir \u015fark\u0131y\u0131 tamamlayarak s\u00f6ylemeleri en y\u00fcrek yak\u0131c\u0131 sahnelerden!<\/p>\n<p>7.Ko\u011fu\u015ftaki tutuklu karakterlere can veren kadro m\u00fcthi\u015f oyunculardan olu\u015fuyor. Bu kadar kaliteli bir ekibi bir araya getiren yap\u0131mc\u0131 ve kast sorumlusunu ayr\u0131ca tebrik etmek gerekir. Cezaevi M\u00fcd\u00fcr\u00fc Nail (Sarp Akkaya), Mine \u00d6\u011fretmen (Deniz Baysal) ve Y\u00fczba\u015f\u0131 Faruk (Deniz Celilo\u011flu) dikkat \u00e7eken di\u011fer karakterlerden. Filmin k\u00f6t\u00fc adam\u0131 ise s\u0131k\u0131y\u00f6netim komutan\u0131 Yarbay (Yurdaer Okur). G\u00f6revini k\u00f6t\u00fcye kullanan, olaylar\u0131n ak\u0131\u015f\u0131n\u0131 kendi istedi\u011fi gibi de\u011fi\u015ftiren, elindeki g\u00fcc\u00fc kullanarak insanlar\u0131n hayatlar\u0131yla oynayan sevimsiz bir tip!<\/p>\n<p>\u0130lker Aksum, Mesut Akusta, Y\u0131ld\u0131ray \u015eahinler gibi oyuncular\u0131n da i\u00e7inde bulundu\u011fu tutuklular, filmin sonunda size cezaevini sevdirecek kadar ba\u015far\u0131l\u0131 karakterler. \u0130lker Aksum\u2019un bazen a\u011flatan, bazen g\u00fcld\u00fcren oyunculu\u011fu, ko\u011fu\u015ftaki rol\u00fcne \u00e7ok oturmu\u015f. \u0130lk bak\u0131\u015fta ko\u011fu\u015fun a\u011fas\u0131, k\u00f6t\u00fc adam diye d\u00fc\u015f\u00fcnmenize sebep olan Askorozlu (\u0130lker), ilerleyen sahnelerde y\u00fcz\u00fcn\u00fczdeki tebess\u00fcm\u00fcn sebebi oluyor. Haf\u0131z (Y\u0131ld\u0131ray) filme ayr\u0131 bir sempatiklik katarak, ko\u011fu\u015ftaki o sert havay\u0131 yumu\u015fatm\u0131\u015f.<\/p>\n<p>Filmin ba\u015f\u0131nda babaannenin Ova\u2019ya s\u00f6yledi\u011fi iki ger\u00e7ek ne? Ko\u011fu\u015fta s\u00fcrekli duvara bak\u0131p, kimseyle do\u011fru d\u00fczg\u00fcn konu\u015fmayan Yusuf A\u011fa\u2019n\u0131n s\u0131rr\u0131 ne? Son ana kadar merak ediyorsunuz. \u0130nan\u0131lmaz bir sonla final yapan filmde kendinizden \u00e7ok \u015fey bulacaks\u0131n\u0131z.2019 y\u0131l\u0131n\u0131n en \u00e7ok izlenen filmi olarak, sinema seyircisini salonlara \u00e7ekmeyi ba\u015farm\u0131\u015f bu yap\u0131t\u0131n, m\u00fcziklerinin filme g\u00f6re zay\u0131f kald\u0131\u011f\u0131n\u0131 s\u00f6yleyebilirim (Puanlamada 10 puan k\u0131rmam\u0131n sebebi buydu). M\u00fczikleri yapan Hasan \u00d6zs\u00fct daha etkileyici ve vurucu m\u00fczikler yapabilirdi. Seyirciye duyguyu ge\u00e7iren, m\u00fcthi\u015f oyunculuklar olmu\u015f. Ova ve Memo\u2019nun \u00e7aresizlik duygusunu da sevin\u00e7lerini de y\u00fcre\u011finizde hissediyorsunuz.<\/p>\n<p>Film ile ilgili ak\u0131lda kal\u0131c\u0131 repliklerden biri \u201cBaba iyi adam! Baba iyi adam!\u201d <span class=\"Apple-converted-space\">\u00a0 <\/span>Ve Fatma ninenin torununa s\u00f6yledi\u011fi \u015fu replikte \u00e7ok \u00e7arp\u0131c\u0131 \u201cBabanla ilgili kim ne ceza verirse versin, senin baban iyi adam!\u201d Sinema salonunda izlendiyse, kesinlikle ayakta alk\u0131\u015flayarak bitirece\u011finiz ve salondan \u00e7\u0131karken m\u00fcthi\u015f bir huzur hissedece\u011finiz, mutlaka izlenmesi gereken bir film sizleri bekliyor.<\/p>\n<p>\u0130Y\u0130 SEY\u0130RLER\u2026<\/p>\n","protected":false},"excerpt":{"rendered":"<p>Yasemin Tatl\u0131seven F\u0130LM ADI: 7.KO\u011eU\u015eTAK\u0130 MUC\u0130ZE Y\u00d6NETMEN: MEHMET ADA \u00d6ZTEK\u0130N YAPIM YILI: 2019 T\u00dcR\u00dc: DRAM \u00a0Y\u00fcre\u011finize b\u00fcy\u00fck bir<\/p>\n","protected":false},"author":1,"featured_media":1305,"comment_status":"open","ping_status":"open","sticky":false,"template":"","format":"standard","meta":[],"categories":[128],"tags":[],"yoast_head":"<!-- This site is optimized with the Yoast SEO plugin v15.5 - https:\/\/yoast.com\/wordpress\/plugins\/seo\/ -->\n<title>7.KO\u011eU\u015eTAK\u0130 MUC\u0130ZE - SES MAGAZINE<\/title>\n<meta name=\"robots\" content=\"index, follow, max-snippet:-1, max-image-preview:large, max-video-preview:-1\" \/>\n<link rel=\"canonical\" href=\"https:\/\/www.sesdergisi.ca\/?p=1338\" \/>\n<meta property=\"og:locale\" content=\"en_US\" \/>\n<meta property=\"og:type\" content=\"article\" \/>\n<meta property=\"og:title\" content=\"7.KO\u011eU\u015eTAK\u0130 MUC\u0130ZE - SES MAGAZINE\" \/>\n<meta property=\"og:description\" content=\"Yasemin Tatl\u0131seven F\u0130LM ADI: 7.KO\u011eU\u015eTAK\u0130 MUC\u0130ZE Y\u00d6NETMEN: MEHMET ADA \u00d6ZTEK\u0130N YAPIM YILI: 2019 T\u00dcR\u00dc: DRAM \u00a0Y\u00fcre\u011finize b\u00fcy\u00fck bir\" \/>\n<meta property=\"og:url\" content=\"https:\/\/www.sesdergisi.ca\/?p=1338\" \/>\n<meta property=\"og:site_name\" content=\"SES MAGAZINE\" \/>\n<meta property=\"article:author\" content=\"https:\/\/www.facebook.com\/serifkanada\" \/>\n<meta property=\"article:published_time\" content=\"2020-07-27T23:07:58+00:00\" \/>\n<meta property=\"article:modified_time\" content=\"2020-07-27T23:08:00+00:00\" \/>\n<meta property=\"og:image\" content=\"https:\/\/www.sesdergisi.ca\/wp-content\/uploads\/2020\/07\/1926679.jpg\" \/>\n\t<meta property=\"og:image:width\" content=\"283\" \/>\n\t<meta property=\"og:image:height\" content=\"400\" \/>\n<meta name=\"twitter:card\" content=\"summary_large_image\" \/>\n<meta name=\"twitter:image\" content=\"https:\/\/www.sesdergisi.ca\/wp-content\/uploads\/2020\/07\/1926679.jpg\" \/>\n<meta name=\"twitter:creator\" content=\"@https:\/\/twitter.com\/serifcanada1\" \/>\n<meta name=\"twitter:label1\" content=\"Est. reading time\">\n\t<meta name=\"twitter:data1\" content=\"5 minutes\">\n<script type=\"application\/ld+json\" class=\"yoast-schema-graph\">{\"@context\":\"https:\/\/schema.org\",\"@graph\":[{\"@type\":\"WebSite\",\"@id\":\"https:\/\/www.sesdergisi.ca\/#website\",\"url\":\"https:\/\/www.sesdergisi.ca\/\",\"name\":\"SES MAGAZINE\",\"description\":\"Literature \\u00b7 Analysis \\u00b7 Thought\",\"potentialAction\":[{\"@type\":\"SearchAction\",\"target\":\"https:\/\/www.sesdergisi.ca\/?s={search_term_string}\",\"query-input\":\"required name=search_term_string\"}],\"inLanguage\":\"en-US\"},{\"@type\":\"ImageObject\",\"@id\":\"https:\/\/www.sesdergisi.ca\/?p=1338#primaryimage\",\"inLanguage\":\"en-US\",\"url\":\"https:\/\/www.sesdergisi.ca\/wp-content\/uploads\/2020\/07\/1926679.jpg\",\"width\":283,\"height\":400},{\"@type\":\"WebPage\",\"@id\":\"https:\/\/www.sesdergisi.ca\/?p=1338#webpage\",\"url\":\"https:\/\/www.sesdergisi.ca\/?p=1338\",\"name\":\"7.KO\\u011eU\\u015eTAK\\u0130 MUC\\u0130ZE - SES MAGAZINE\",\"isPartOf\":{\"@id\":\"https:\/\/www.sesdergisi.ca\/#website\"},\"primaryImageOfPage\":{\"@id\":\"https:\/\/www.sesdergisi.ca\/?p=1338#primaryimage\"},\"datePublished\":\"2020-07-27T23:07:58+00:00\",\"dateModified\":\"2020-07-27T23:08:00+00:00\",\"author\":{\"@id\":\"https:\/\/www.sesdergisi.ca\/#\/schema\/person\/3c516e766267a63b4e8d607fa5496f02\"},\"inLanguage\":\"en-US\",\"potentialAction\":[{\"@type\":\"ReadAction\",\"target\":[\"https:\/\/www.sesdergisi.ca\/?p=1338\"]}]},{\"@type\":\"Person\",\"@id\":\"https:\/\/www.sesdergisi.ca\/#\/schema\/person\/3c516e766267a63b4e8d607fa5496f02\",\"name\":\"\\u015eerif Ayd\\u0131n\",\"image\":{\"@type\":\"ImageObject\",\"@id\":\"https:\/\/www.sesdergisi.ca\/#personlogo\",\"inLanguage\":\"en-US\",\"url\":\"https:\/\/secure.gravatar.com\/avatar\/2527d3cadd34557e6b4a3479d29c21d4?s=96&d=mm&r=g\",\"caption\":\"\\u015eerif Ayd\\u0131n\"},\"sameAs\":[\"http:\/\/sesdergisi.ca\",\"https:\/\/www.facebook.com\/serifkanada\",\"https:\/\/www.instagram.com\/serifcanada\",\"https:\/\/www.linkedin.com\/in\/serif-aydin-16a0b31a4\",\"https:\/\/twitter.com\/https:\/\/twitter.com\/serifcanada1\"]}]}<\/script>\n<!-- \/ Yoast SEO plugin. -->","_links":{"self":[{"href":"https:\/\/www.sesdergisi.ca\/index.php?rest_route=\/wp\/v2\/posts\/1338"}],"collection":[{"href":"https:\/\/www.sesdergisi.ca\/index.php?rest_route=\/wp\/v2\/posts"}],"about":[{"href":"https:\/\/www.sesdergisi.ca\/index.php?rest_route=\/wp\/v2\/types\/post"}],"author":[{"embeddable":true,"href":"https:\/\/www.sesdergisi.ca\/index.php?rest_route=\/wp\/v2\/users\/1"}],"replies":[{"embeddable":true,"href":"https:\/\/www.sesdergisi.ca\/index.php?rest_route=%2Fwp%2Fv2%2Fcomments&post=1338"}],"version-history":[{"count":1,"href":"https:\/\/www.sesdergisi.ca\/index.php?rest_route=\/wp\/v2\/posts\/1338\/revisions"}],"predecessor-version":[{"id":1339,"href":"https:\/\/www.sesdergisi.ca\/index.php?rest_route=\/wp\/v2\/posts\/1338\/revisions\/1339"}],"wp:featuredmedia":[{"embeddable":true,"href":"https:\/\/www.sesdergisi.ca\/index.php?rest_route=\/wp\/v2\/media\/1305"}],"wp:attachment":[{"href":"https:\/\/www.sesdergisi.ca\/index.php?rest_route=%2Fwp%2Fv2%2Fmedia&parent=1338"}],"wp:term":[{"taxonomy":"category","embeddable":true,"href":"https:\/\/www.sesdergisi.ca\/index.php?rest_route=%2Fwp%2Fv2%2Fcategories&post=1338"},{"taxonomy":"post_tag","embeddable":true,"href":"https:\/\/www.sesdergisi.ca\/index.php?rest_route=%2Fwp%2Fv2%2Ftags&post=1338"}],"curies":[{"name":"wp","href":"https:\/\/api.w.org\/{rel}","templated":true}]}}