{"id":1272,"date":"2020-07-27T22:10:46","date_gmt":"2020-07-27T22:10:46","guid":{"rendered":"https:\/\/www.sesdergisi.ca\/?p=1272"},"modified":"2020-07-27T22:10:48","modified_gmt":"2020-07-27T22:10:48","slug":"kaos","status":"publish","type":"post","link":"https:\/\/www.sesdergisi.ca\/?p=1272","title":{"rendered":"KAOS"},"content":{"rendered":"\n<h3 class=\"has-text-align-right\"><strong>SAL\u0130H \u015e\u0130M\u015eEK<\/strong><\/h3>\n\n\n\n<p>Her taraf zifiri zindan, g\u00f6zlerimin a\u00e7\u0131k olup olmad\u0131\u011f\u0131 hus\u00fbsunda teredd\u00fcd ge\u00e7iriyorum. Elimle g\u00f6zlerime dokunuyorum g\u00f6z kapaklar\u0131m a\u00e7\u0131k. G\u00f6rmemde de problem olmad\u0131\u011f\u0131n\u0131 d\u00fc\u015f\u00fcn\u00fcyorum. Her taraf dedim ama burada y\u00f6n, zaman, mekan yok sanki; ama sert bir zeminde oldu\u011fumun bilincindeyim. S\u0131cakl\u0131k terletecek kadar fazla ama ne y\u00f6nden geldi\u011fi belli de\u011fil. Etraf\u0131 yokluyorum ellerimle, hi\u00e7bir \u015fey yok \u00fczerinde durdu\u011fum zeminin d\u0131\u015f\u0131nda. Biraz teredd\u00fct ge\u00e7irdikten sonra aya\u011fa kalkmaya karar veriyorum. Aya\u011fa kalkt\u0131\u011f\u0131mda ise neden bilmiyorum ama kapal\u0131 bir yerde olmad\u0131\u011f\u0131m hissi do\u011fuyor. (1)<\/p>\n<p>S\u0131cakl\u0131k art\u0131yor ama \u00e7ok yava\u015f, uzun bir zaman ge\u00e7ti\u011finde anl\u0131yorum, v\u00fccudumdaki terin artmas\u0131ndan. Ses&#8230; Evet ses&#8230; Ses diye bir \u015fey yok sanki, ad\u0131m at\u0131yorum ses \u00e7\u0131karm\u0131yor, ellerimi h\u0131zl\u0131 h\u0131zl\u0131 \u00e7\u0131rp\u0131yorum ama hi\u00e7 ses yok. Duyular\u0131mdan endi\u015fe ediyorum. Parmak u\u00e7lar\u0131mla kula\u011f\u0131m\u0131 kapat\u0131p-a\u00e7\u0131yorum, hissiz olmad\u0131\u011f\u0131n\u0131 anl\u0131yorum. Ellerimi \u00e7\u0131rparken, elime temas eden bir hava tabakas\u0131n\u0131n olmad\u0131\u011f\u0131n\u0131n da fark\u0131na var\u0131yorum. Kollar\u0131m\u0131 a\u00e7\u0131p h\u0131zla d\u00f6n\u00fcyorum ama elime \u00e7arpan hava tanecikleri olmuyor. \u0130\u00e7imi derin bir \u00fcrperti kapl\u0131yor. \u00dcrpertinin pani\u011fe d\u00f6n\u00fc\u015fmemesi i\u00e7in gayret sarf ediyorum. Sakin olabilmek i\u00e7in derin derin nefes alay\u0131m diye akl\u0131mdan ge\u00e7iyor. O anda donup kal\u0131yorum. V\u00fccudumdaki b\u00fct\u00fcn ter taneleri buzla\u015f\u0131yor adeta. So\u011fuk sular d\u00f6k\u00fclm\u00fc\u015f\u00e7esine kafamdan, irkiliyorum. Nefes alm\u0131yorum\u2026 Gayri ihtiy\u00e2ri, elim kalbimin \u00fcst\u00fcne gidiyor. Kalbim at\u0131yor, s\u0131k aral\u0131kl\u0131 ritimlerle\u2026 (2)<\/p>\n<p>Sabit kalman\u0131n durumumu de\u011fi\u015ftirmeyece\u011fi d\u00fc\u015f\u00fcncesiyle y\u00fcr\u00fcmeye karar veriyorum. Sanki bo\u015flukta y\u00fcr\u00fcyorum, teredd\u00fctle e\u011filip zemini kontrol ediyorum. Uzun bir s\u00fcre y\u00fcr\u00fcd\u00fc\u011f\u00fcm i\u00e7in art\u0131k daha rahat y\u00fcr\u00fcyorum. Bir yere \u00e7arpma endi\u015fem azal\u0131yor i\u00e7imde. Ne kadar zaman y\u00fcr\u00fcd\u00fc\u011f\u00fcm\u00fc bilmiyorum. Hi\u00e7 yorulmadan devam ediyorum. Y\u00fcr\u00fcrken bir taraftan akl\u0131ma \u00e7e\u015fitli d\u00fc\u015f\u00fcnceler geliyor. Buraya nas\u0131l geldim? Nereden geldim, acaba buradan \u00e7\u0131kabilecek miyim, buras\u0131 \u00e7\u0131k\u0131lacak bir yer mi? Hi\u00e7bir fikrim yok\u2026<\/p>\n<p><span class=\"Apple-converted-space\">\u00a0<\/span><\/p>\n<p>Bir yere \u00e7arpm\u0131\u015f\u0131m gibi birden duruyorum. Y\u00f6n\u00fcm\u00fc de\u011fi\u015ftiriyorum, yine gidemiyorum, ne y\u00f6n\u00fc denersem deneyeyim gidemiyorum. Sanki diklemesine konulmu\u015f geni\u015f\u00e7e bir borunun i\u00e7indeyim ama nas\u0131l girdim buraya? O anda buran\u0131n bildi\u011fimizden farkl\u0131 kurallar\u0131 oldu\u011fu kanaati olu\u015fuyor i\u00e7imde. Bu arada s\u0131cakl\u0131k da artmaya devam ediyor. Sudan \u00e7\u0131km\u0131\u015f\u00e7as\u0131na terlemi\u015f durumday\u0131m. Elimle yukar\u0131s\u0131n\u0131 yokluyorum, yukar\u0131da engel yok sanki. Y\u00fckselmemi istiyor bir g\u00fc\u00e7 sanki, bunca g\u00fc\u00e7l\u00fc\u011f\u00fcn aras\u0131nda\u2026 (3)<\/p>\n<p>Peki ama nas\u0131l \u00e7\u0131kabilirim? Y\u00fckselmeyi beklerken, a\u015fa\u011f\u0131 do\u011fru kaymaya ba\u015fl\u0131yorum ve giderek h\u0131zlan\u0131yorum. O kadar h\u0131zl\u0131 gidiyorum ki, sanki kalbimin ritmi de\u011fi\u015fiyor. O h\u0131zla giderken dahi y\u00fcz\u00fcme hava tanecikleri \u00e7arpm\u0131yor. Etraf h\u00e2l\u00e2 zifiri karanl\u0131k. Elimi kolumu oynatmak istiyorum ama h\u0131z\u0131m\u0131n \u015fiddetinden k\u0131p\u0131rdatam\u0131yorum. Biraz \u00f6nce irademle y\u00fcr\u00fcyordum ama \u015fu anda m\u00fcdahale edemiyorum. Ara s\u0131ra y\u00f6n\u00fcm\u00fcn de\u011fi\u015fti\u011fi hissine kap\u0131l\u0131yorum. Anl\u0131yorum ki bilmedi\u011fim bir yerlere sevkediliyorum. Bu arada beni \u00e7ok sevindiren bir geli\u015fme oluyor. Uzun aral\u0131klarla renkler de\u011fi\u015fiyor. Zifiri karanl\u0131k bir ara zifiri kahverengili\u011fe d\u00f6n\u00fc\u015f\u00fcyor, sonra koyu bir ye\u015fil rengini and\u0131r\u0131yor, daha sonra siyahtan zor ay\u0131rt edilebilecek bir lacivert rengi, bu renkler beni \u00e7ok mutlu ediyor. Yava\u015flamaya ba\u015fl\u0131yorum. Birden duruyorum sonra\u2026 (4)<\/p>\n<p>Kan k\u0131rm\u0131z\u0131s\u0131 bir bo\u015fluktay\u0131m \u015fu anda. \u0130lk bulundu\u011fum yerden fark\u0131, zemin yok burada. Hi\u00e7bir yerle temas hissetmiyorum ama nefes almaya ba\u015flad\u0131\u011f\u0131m\u0131 fark ediyorum. \u0130lerlemenin m\u00fcmk\u00fcnat\u0131 yok. \u0130lk bulundu\u011fum durumu ar\u0131yorum \u015fimdi, sanki orada daha az yabanc\u0131yd\u0131m. Buran\u0131n tek iyi y\u00f6n\u00fc s\u0131cak de\u011fil, so\u011fuk da yok, \u0131l\u0131k diyebilmek isterdim ama bildiklerimle tarif edemeyece\u011fim.<\/p>\n<p><span class=\"Apple-converted-space\">\u00a0<\/span><\/p>\n<p>\u00c7ok uzun bir s\u00fcre sonra ancak fark edebiliyorum ki dura\u011fan de\u011filim. Yine bilmedi\u011fim bir y\u00f6ne do\u011fru ak\u0131yorum. Bunu kan k\u0131rm\u0131z\u0131s\u0131 rengin giderek a\u00e7\u0131lmas\u0131ndan anl\u0131yorum. Bu da benim i\u00e7in yeni bir sevin\u00e7 kayna\u011f\u0131 oluyor. Tuhaf\u2026<\/p>\n<p><span class=\"Apple-converted-space\">\u00a0<\/span><\/p>\n<p>Bir yere \u015fiddetle \u00e7arpm\u0131\u015f gibi duruveriyorum aniden. Hi\u00e7bir yerimde ac\u0131 hissi yok. Y\u00fcz\u00fcst\u00fc oldu\u011fumu anlay\u0131nca kalkmay\u0131 deniyorum. Yine bir zemin var, \u00e7ok \u015f\u00fck\u00fcr, etraf karanl\u0131k da de\u011fil, \u00e7ok parlak bir \u0131\u015f\u0131k h\u00fczmesinin alt\u0131nday\u0131m sanki. Aya\u011fa kalk\u0131p y\u00fcr\u00fcmeye ba\u015fl\u0131yorum. Bembeyaz bir t\u00fcnel beliriyor, uzunca bir y\u00fcr\u00fcy\u00fc\u015f\u00fcn sonunda; ancak dizlerimin \u00fczerinde emekleyerek ilerleyebilece\u011fim geni\u015flikte bir t\u00fcnel. \u201cBurada durmam\u0131n bana kazand\u0131raca\u011f\u0131 hi\u00e7 bir \u015fey yok\u201d diyerek t\u00fcnele giriyorum. Bu t\u00fcnel daha insan\u00ee&#8230; Bunu dizlerimin bir s\u00fcre sonra ac\u0131maya ba\u015flamas\u0131ndan \u00e7\u0131kart\u0131yorum. Bu bile sevindiriyor beni. Ne kadar bir zaman bu \u015fekilde ilerledi\u011fimi bilemiyorum ama t\u00fcnelin giderek darald\u0131\u011f\u0131n\u0131 fark ediyorum, belimin yukar\u0131ya s\u00fcrtmesinden. Bir s\u00fcre sonra emekleyerek ilerleyemeyece\u011fimi anl\u0131yor ve s\u00fcr\u00fcnmeye ba\u015fl\u0131yorum. Tek olumlu \u015fey, yorulmuyorum. Yine zor ama beni sevindiren bir durumla kar\u015f\u0131la\u015f\u0131yorum. \u0130lerledi\u011fim zemin sanki rampaya d\u00f6n\u00fc\u015f\u00fcyor. Bunun bir \u00e7\u0131k\u0131\u015f oldu\u011funu fehmetmem sevindiriyor beni.(5)<\/p>\n<p>Sevincim bo\u015fa \u00e7\u0131km\u0131yor \u00e7ok \u015f\u00fck\u00fcr. T\u00fcnelin ucu g\u00f6r\u00fcn\u00fcyor. Parlak \u0131\u015f\u0131k, yerini biraz lo\u015f da olsa, do\u011fal \u0131\u015f\u0131\u011fa b\u0131rak\u0131yor t\u00fcnelin biti\u015finde. H\u0131z\u0131m\u0131 artt\u0131r\u0131p bir an \u00f6nce ula\u015fmak istiyorum. T\u00fcnelin \u00e7\u0131k\u0131\u015f\u0131nda ses tellerime zarar verecek kadar \u00e7\u0131\u011fl\u0131k at\u0131yorum. Sevin\u00e7 \u00e7\u0131\u011fl\u0131klar\u0131. Kayal\u0131k bir zemine \u00e7\u0131k\u0131yorum. Anormalden uzakla\u015fmak, tarifi m\u00fcmk\u00fcn olmayan bir sevin\u00e7 veriyor i\u00e7ime. (6)<\/p>\n<p>Duygular\u0131m\u0131n anormalli\u011fini fark ediyor ve tekrar burukluk ya\u015f\u0131yorum. Ayaklar\u0131m\u0131n \u00e7\u0131plak oldu\u011funu, bast\u0131\u011f\u0131m kayalar\u0131n keskin u\u00e7lar\u0131 batt\u0131\u011f\u0131nda, anl\u0131yorum. Buras\u0131 ucu g\u00f6r\u00fcnmeyen bir d\u00fczl\u00fck, zemini berbat, \u00e7ok \u015f\u00fck\u00fcr nefes alabiliyorum ve maalesef yine \u00e7ok s\u0131cak. Bedenimden akan terler, ayaklar\u0131mdan s\u0131zan kanlarla birle\u015ferek, a\u00e7\u0131k k\u0131rm\u0131z\u0131 bir iz b\u0131rak\u0131yor ge\u00e7ti\u011fim yerlerde. Ayaklar\u0131mdan t\u00fcm v\u00fccudumu saran ac\u0131lar y\u00fckseliyor. Yorulma hissi b\u00fcnyeme geri d\u00f6nd\u00fc\u011f\u00fcn\u00fcn sinyallerini veriyor. O ana kadar akl\u0131ma hi\u00e7 gelmeyen bir \u015fey geliyor. Ya ac\u0131k\u0131rsam? G\u00fcl\u00fcms\u00fcyorum \u2026(7)<\/p>\n<p>Ayaklar\u0131m bana isyan etmeye ba\u015flay\u0131nca y\u00fcr\u00fcmekten vazge\u00e7iyorum. Uzun bir s\u00fcre dinlendikten sonra ayaklar\u0131mda yara izi kalmad\u0131\u011f\u0131n\u0131 fark ederek yeniden yola koyuluyorum. Korktu\u011fum ba\u015f\u0131ma geliyor ve \u015fiddetli bir a\u00e7l\u0131k hissetmeye ba\u015fl\u0131yorum; ama etraf\u0131mda tek bir ot tanesi bile yok. Ac\u0131kma hissinin, yiyecek bir \u015feyin varl\u0131\u011f\u0131na delil oldu\u011funu d\u00fc\u015f\u00fcnerek devam ediyorum. Yaln\u0131zl\u0131\u011f\u0131m da i\u00e7imi ac\u0131tmaya ba\u015fl\u0131yor ans\u0131z\u0131n. G\u00f6z kapaklar\u0131m\u0131n bana itaat etmedi\u011fini sezdi\u011fimde kendime uzanacak, sivri kaya u\u00e7lar\u0131n\u0131n olmad\u0131\u011f\u0131 bir yer ar\u0131yorum. Takat getiremeyip oldu\u011fum yere s\u0131z\u0131yorum. (8)<\/p>\n<p>Uzun bir uykunun ard\u0131ndan, g\u00f6z kapaklar\u0131mdaki inan\u0131lmaz a\u011f\u0131rl\u0131\u011f\u0131 atmak i\u00e7in b\u00fct\u00fcn g\u00fcc\u00fcm\u00fc kullan\u0131yorum. Nihayet g\u00f6zlerim yava\u015f yava\u015f a\u00e7\u0131lmaya ba\u015fl\u0131yor. \u00d6nce etraf\u0131 sisli g\u00f6r\u00fcyorum. Sis da\u011f\u0131lmaya ba\u015flad\u0131\u011f\u0131nda hayretimden ve heyecan\u0131mdan k\u00fc\u00e7\u00fck dilimi yutabilirim\u2026<\/p>\n<p>Evimde salonun orta yerinde oturuyorum. Saat gecenin ikisi. Elimi y\u00fcz\u00fcm\u00fc y\u0131kad\u0131ktan sonra b\u00fct\u00fcn bu olanlara anlam vermeye \u00e7al\u0131\u015f\u0131yorum.<\/p>\n<p>R\u00fcya m\u0131 g\u00f6rd\u00fcm? Ben asl\u0131nda bunlar\u0131n hi\u00e7birini ya\u015famad\u0131m m\u0131? K\u00e2bus devam m\u0131 ediyor? \u0130nsan ya\u015famad\u0131\u011f\u0131 bir \u015feyi, g\u00f6rmedi\u011fi \u00e2lemleri yazabilir mi? Olabilir. Uydurabilir. Bunu da akl\u0131m alm\u0131yor, gitmedi\u011fi, bilmedi\u011fi, bir yeri, ya\u015famad\u0131\u011f\u0131 hisleri uydurabilir mi? Muamma\u2026 Vazge\u00e7iyorum d\u00fc\u015f\u00fcnmekten&#8230;<\/p>\n<p><span class=\"Apple-converted-space\">\u00a0<\/span><\/p>\n<p><i>1. Sene 2013 taarruzun ilk g\u00fcnleri<\/i><\/p>\n<p><i>2. 2013 sonlar\u0131 \u00fclkedeki anormallikleri ve u\u011frad\u0131\u011f\u0131m\u0131z haks\u0131z sald\u0131r\u0131lar\u0131 t\u00fcm \u00e7evreme anlatmaya \u00e7al\u0131\u015f\u0131yorum ama kimse i\u015fitmiyor.<\/i><\/p>\n<p><i>3. Y\u0131l 2014, sald\u0131r\u0131lar\u0131n ard\u0131 arkas\u0131 kesilmiyor ve hekes efsunlanm\u0131\u015f\u00e7as\u0131na \u2018gadir\u2019e ko\u015fuyor.<\/i><\/p>\n<p><i>4. Umutlar, umutlar ve umutlar<\/i><\/p>\n<p><i>5. 2016 K\u0131sa ama zor bir g\u00f6zalt\u0131 s\u00fcresinin ard\u0131ndan cezaevinin kap\u0131lar\u0131 a\u00e7\u0131l\u0131yor.<\/i><\/p>\n<p><i>6. Ailemle birlikte insan ka\u00e7ak\u00e7\u0131lar\u0131na teslim ediyoruz kendimizi, bir tomar da para vererek. Bir aile reisinin ya\u015fayaca\u011f\u0131 en zor g\u00fcnlerden&#8230;<\/i><\/p>\n<p><i>7. Birlikte zorlu bir otuz g\u00fcnden sonra 10 bin kilometrelik yeni bir ayr\u0131l\u0131k \u00e7al\u0131yor kap\u0131m\u0131z\u0131.<\/i><\/p>\n<p><i>8. Yeni bir \u00fclke yeni bir ya\u015fa<\/i>m..<\/p>\n","protected":false},"excerpt":{"rendered":"<p>SAL\u0130H \u015e\u0130M\u015eEK Her taraf zifiri zindan, g\u00f6zlerimin a\u00e7\u0131k olup olmad\u0131\u011f\u0131 hus\u00fbsunda teredd\u00fcd ge\u00e7iriyorum. Elimle g\u00f6zlerime dokunuyorum g\u00f6z kapaklar\u0131m<\/p>\n","protected":false},"author":1,"featured_media":1273,"comment_status":"open","ping_status":"open","sticky":false,"template":"","format":"standard","meta":[],"categories":[4],"tags":[],"yoast_head":"<!-- This site is optimized with the Yoast SEO plugin v15.5 - https:\/\/yoast.com\/wordpress\/plugins\/seo\/ -->\n<title>KAOS - SES MAGAZINE<\/title>\n<meta name=\"robots\" content=\"index, follow, max-snippet:-1, max-image-preview:large, max-video-preview:-1\" \/>\n<link rel=\"canonical\" href=\"https:\/\/www.sesdergisi.ca\/?p=1272\" \/>\n<meta property=\"og:locale\" content=\"en_US\" \/>\n<meta property=\"og:type\" content=\"article\" \/>\n<meta property=\"og:title\" content=\"KAOS - SES MAGAZINE\" \/>\n<meta property=\"og:description\" content=\"SAL\u0130H \u015e\u0130M\u015eEK Her taraf zifiri zindan, g\u00f6zlerimin a\u00e7\u0131k olup olmad\u0131\u011f\u0131 hus\u00fbsunda teredd\u00fcd ge\u00e7iriyorum. Elimle g\u00f6zlerime dokunuyorum g\u00f6z kapaklar\u0131m\" \/>\n<meta property=\"og:url\" content=\"https:\/\/www.sesdergisi.ca\/?p=1272\" \/>\n<meta property=\"og:site_name\" content=\"SES MAGAZINE\" \/>\n<meta property=\"article:author\" content=\"https:\/\/www.facebook.com\/serifkanada\" \/>\n<meta property=\"article:published_time\" content=\"2020-07-27T22:10:46+00:00\" \/>\n<meta property=\"article:modified_time\" content=\"2020-07-27T22:10:48+00:00\" \/>\n<meta property=\"og:image\" content=\"https:\/\/www.sesdergisi.ca\/wp-content\/uploads\/2020\/07\/rain-5159008_1920.jpg\" \/>\n\t<meta property=\"og:image:width\" content=\"711\" \/>\n\t<meta property=\"og:image:height\" content=\"400\" \/>\n<meta name=\"twitter:card\" content=\"summary_large_image\" \/>\n<meta name=\"twitter:image\" content=\"https:\/\/www.sesdergisi.ca\/wp-content\/uploads\/2020\/07\/rain-5159008_1920.jpg\" \/>\n<meta name=\"twitter:creator\" content=\"@https:\/\/twitter.com\/serifcanada1\" \/>\n<meta name=\"twitter:label1\" content=\"Est. reading time\">\n\t<meta name=\"twitter:data1\" content=\"6 minutes\">\n<script type=\"application\/ld+json\" class=\"yoast-schema-graph\">{\"@context\":\"https:\/\/schema.org\",\"@graph\":[{\"@type\":\"WebSite\",\"@id\":\"https:\/\/www.sesdergisi.ca\/#website\",\"url\":\"https:\/\/www.sesdergisi.ca\/\",\"name\":\"SES MAGAZINE\",\"description\":\"Literature \\u00b7 Analysis \\u00b7 Thought\",\"potentialAction\":[{\"@type\":\"SearchAction\",\"target\":\"https:\/\/www.sesdergisi.ca\/?s={search_term_string}\",\"query-input\":\"required name=search_term_string\"}],\"inLanguage\":\"en-US\"},{\"@type\":\"ImageObject\",\"@id\":\"https:\/\/www.sesdergisi.ca\/?p=1272#primaryimage\",\"inLanguage\":\"en-US\",\"url\":\"https:\/\/www.sesdergisi.ca\/wp-content\/uploads\/2020\/07\/rain-5159008_1920.jpg\",\"width\":711,\"height\":400},{\"@type\":\"WebPage\",\"@id\":\"https:\/\/www.sesdergisi.ca\/?p=1272#webpage\",\"url\":\"https:\/\/www.sesdergisi.ca\/?p=1272\",\"name\":\"KAOS - SES MAGAZINE\",\"isPartOf\":{\"@id\":\"https:\/\/www.sesdergisi.ca\/#website\"},\"primaryImageOfPage\":{\"@id\":\"https:\/\/www.sesdergisi.ca\/?p=1272#primaryimage\"},\"datePublished\":\"2020-07-27T22:10:46+00:00\",\"dateModified\":\"2020-07-27T22:10:48+00:00\",\"author\":{\"@id\":\"https:\/\/www.sesdergisi.ca\/#\/schema\/person\/3c516e766267a63b4e8d607fa5496f02\"},\"inLanguage\":\"en-US\",\"potentialAction\":[{\"@type\":\"ReadAction\",\"target\":[\"https:\/\/www.sesdergisi.ca\/?p=1272\"]}]},{\"@type\":\"Person\",\"@id\":\"https:\/\/www.sesdergisi.ca\/#\/schema\/person\/3c516e766267a63b4e8d607fa5496f02\",\"name\":\"\\u015eerif Ayd\\u0131n\",\"image\":{\"@type\":\"ImageObject\",\"@id\":\"https:\/\/www.sesdergisi.ca\/#personlogo\",\"inLanguage\":\"en-US\",\"url\":\"https:\/\/secure.gravatar.com\/avatar\/2527d3cadd34557e6b4a3479d29c21d4?s=96&d=mm&r=g\",\"caption\":\"\\u015eerif Ayd\\u0131n\"},\"sameAs\":[\"http:\/\/sesdergisi.ca\",\"https:\/\/www.facebook.com\/serifkanada\",\"https:\/\/www.instagram.com\/serifcanada\",\"https:\/\/www.linkedin.com\/in\/serif-aydin-16a0b31a4\",\"https:\/\/twitter.com\/https:\/\/twitter.com\/serifcanada1\"]}]}<\/script>\n<!-- \/ Yoast SEO plugin. -->","_links":{"self":[{"href":"https:\/\/www.sesdergisi.ca\/index.php?rest_route=\/wp\/v2\/posts\/1272"}],"collection":[{"href":"https:\/\/www.sesdergisi.ca\/index.php?rest_route=\/wp\/v2\/posts"}],"about":[{"href":"https:\/\/www.sesdergisi.ca\/index.php?rest_route=\/wp\/v2\/types\/post"}],"author":[{"embeddable":true,"href":"https:\/\/www.sesdergisi.ca\/index.php?rest_route=\/wp\/v2\/users\/1"}],"replies":[{"embeddable":true,"href":"https:\/\/www.sesdergisi.ca\/index.php?rest_route=%2Fwp%2Fv2%2Fcomments&post=1272"}],"version-history":[{"count":1,"href":"https:\/\/www.sesdergisi.ca\/index.php?rest_route=\/wp\/v2\/posts\/1272\/revisions"}],"predecessor-version":[{"id":1274,"href":"https:\/\/www.sesdergisi.ca\/index.php?rest_route=\/wp\/v2\/posts\/1272\/revisions\/1274"}],"wp:featuredmedia":[{"embeddable":true,"href":"https:\/\/www.sesdergisi.ca\/index.php?rest_route=\/wp\/v2\/media\/1273"}],"wp:attachment":[{"href":"https:\/\/www.sesdergisi.ca\/index.php?rest_route=%2Fwp%2Fv2%2Fmedia&parent=1272"}],"wp:term":[{"taxonomy":"category","embeddable":true,"href":"https:\/\/www.sesdergisi.ca\/index.php?rest_route=%2Fwp%2Fv2%2Fcategories&post=1272"},{"taxonomy":"post_tag","embeddable":true,"href":"https:\/\/www.sesdergisi.ca\/index.php?rest_route=%2Fwp%2Fv2%2Ftags&post=1272"}],"curies":[{"name":"wp","href":"https:\/\/api.w.org\/{rel}","templated":true}]}}