{"id":1269,"date":"2020-07-27T22:06:59","date_gmt":"2020-07-27T22:06:59","guid":{"rendered":"https:\/\/www.sesdergisi.ca\/?p=1269"},"modified":"2020-07-27T22:07:01","modified_gmt":"2020-07-27T22:07:01","slug":"durmus-saatler-dukkani","status":"publish","type":"post","link":"https:\/\/www.sesdergisi.ca\/?p=1269","title":{"rendered":"DURMU\u015e SAATLER D\u00dcKK\u00c2NI"},"content":{"rendered":"\n<h3 class=\"has-text-align-right\">\u00a0SADIK-I MEVA<\/h3>\n\n\n\n<p>Gamze G\u00fcller\u2019e ait olan \u201cDurmu\u015f Saatler D\u00fckk\u00e2n\u0131\u201d isimli kitap, \u0130leti\u015fim Yay\u0131nlar\u0131 taraf\u0131ndan 2020 y\u0131l\u0131nda bas\u0131lm\u0131\u015ft\u0131r.<\/p>\n<p>Durmu\u015f Saatler D\u00fckk\u00e2n\u0131 14 \u00f6yk\u00fcden olu\u015fmaktad\u0131r.<span class=\"Apple-converted-space\">\u00a0 <\/span>Her \u00f6yk\u00fc kendi i\u00e7inde farkl\u0131 \u00f6zg\u00fcn i\u00e7eri\u011fe sahiptir.<span class=\"Apple-converted-space\">\u00a0<\/span><\/p>\n<p>\u015eimdiii&#8230;<\/p>\n<p>Paranoya zihinleri anlamak ve insanlar\u0131n terk edilmi\u015f duygular\u0131na \u015fahit olmak isterseniz, buyrun, kitab\u0131m\u0131za ba\u015flayal\u0131m.<span class=\"Apple-converted-space\">\u00a0<\/span><\/p>\n<p>Yazar karma\u015f\u0131k zihinleri, ruh hastas\u0131 yazarlar\u0131n paranoyalar\u0131n\u0131, s\u0131radan \u00f6\u011fle yemeklerinde konu\u015fulan gizemli \u00f6l\u00fcmleri s\u00e2de ve \u00f6zg\u00fcn bir \u00fcslupla anlatm\u0131\u015f.<span class=\"Apple-converted-space\">\u00a0<\/span><\/p>\n<p>C\u00fcmleler g\u00f6z\u00fcm\u00fcz\u00fcn \u00f6n\u00fcnden h\u0131zla akarken, anlat\u0131lmak istenen \u00e7ok net ifade edilmi\u015f.<span class=\"Apple-converted-space\">\u00a0<\/span><\/p>\n<p>Ak\u0131llarda can bulan anlat\u0131m\u0131yla, ince tasarlanm\u0131\u015f \u00f6yk\u00fclerle ba\u015fba\u015fas\u0131n\u0131z.<span class=\"Apple-converted-space\">\u00a0<\/span><\/p>\n<p>\u201cAc\u0131 dipsiz bir kuyu. D\u00fc\u015f\u00fcnce \u00e7\u0131kamazs\u0131n. D\u00fc\u015fmemek i\u00e7in birbirimize tutunduk Ali\u2019yle.\u201d (D. S. D.)<\/p>\n<p>Yeri geliyor \u00f6yk\u00fclerin i\u00e7indesiniz, kahramanlarla berabersiniz. Yaln\u0131z de\u011filsiniz&#8230;<\/p>\n<p>Kitab\u0131 okurken meraklan\u0131yorsunuz. \u201cPeki ya sonra ne olacak? &#8230; Hay\u0131r! Sak\u0131n!\u201d derken&#8230;<\/p>\n<p>Beklenmedik sonlarla kar\u015f\u0131la\u015f\u0131yorsunuz. \u201cYok art\u0131k. G\u00f6z kapaklar\u0131n\u0131 kesmek de ne demek?\u201d diye kendi kendinize sorular soruyorsunuz.<\/p>\n<p>Yard\u0131m etmek istiyorsunuz.<span class=\"Apple-converted-space\">\u00a0<\/span><\/p>\n<p>\u201cBiliyorsunuz hi\u00e7 k\u0131p\u0131rdamad\u0131klar\u0131 i\u00e7in en iyi foto\u011fraf\u0131 \u00f6l\u00fcler verir.\u201d (D. S. D.)<\/p>\n<p>Kitab\u0131m\u0131z\u0131n kahramanlar\u0131 kendi i\u00e7 d\u00fcnyalar\u0131nda s\u0131k s\u0131k sorun ya\u015fayan, kendisini evhamlara rahatl\u0131kla kapt\u0131rabilen ve hayat\u0131n yo\u011funlu\u011fundan \u00f6t\u00fcr\u00fc benliklerini unutan kahramanlar.<\/p>\n<p>\u201c\u00c7\u0131k\u0131p bu d\u00f6ng\u00fcy\u00fc k\u0131rmas\u0131, bu evden, bu mahalleden, bu hayattan kurtulmas\u0131 gerek. \u00c7\u0131kmak i\u00e7in elini dolap kapa\u011f\u0131na att\u0131. Tam a\u00e7aca\u011f\u0131 anda kilitte bir anahtar g\u00f6rd\u00fc ve d\u0131\u015f kap\u0131n\u0131n g\u0131c\u0131rt\u0131s\u0131 duyuldu yeniden.<\/p>\n<p>Daire kap\u0131s\u0131 h\u0131zla a\u00e7\u0131ld\u0131. Biri pald\u0131r k\u00fcld\u00fcr i\u00e7eri dald\u0131.<\/p>\n<p>\u2018\u015eimdi g\u00f6receksiniz!\u2019 dedi.\u201d<\/p>\n<p>Kimisi yaln\u0131zl\u0131k korkusu ya\u015farken, kimisi de hayal\u00ee insanlarla beraber hayat s\u00fcr\u00fcyor.<span class=\"Apple-converted-space\">\u00a0<\/span><\/p>\n<p>\u201cAcaba?\u201d diyorlar, \u201cDelirmi\u015f olabilir miyim?\u201d<\/p>\n<p>Yazar, kahramanlar\u0131n bu i\u00e7 \u00e7eki\u015fmelerini ve yaln\u0131zl\u0131klar\u0131n\u0131 s\u00e2de bir \u00fcslupla<span class=\"Apple-converted-space\">\u00a0 <\/span>ka\u011f\u0131da d\u00f6km\u00fc\u015f.<\/p>\n<p>K\u0131sa ve \u00f6z c\u00fcmleler, okuyucuyu okumaya te\u015fvik ederken, evrenselli\u011fi kucaklayan c\u00fcmleler ise kitab\u0131n ne kadar \u00e7ok insana hitap edebilece\u011fini g\u00f6steriyor.<\/p>\n<p>\u00d6yk\u00fcleri okurken kahramanlara yard\u0131m etmek istiyorsunuz. Elinden tutup kald\u0131rmak istiyorsunuz.<\/p>\n<p>Olaya siz de \u015fahitsiniz. \u00c7eki\u015fmeleri bizzat g\u00f6rerek karma\u015f\u0131k zihinleri anlamaya \u00e7al\u0131\u015f\u0131yorsunuz.<\/p>\n<p>Yoksa&#8230;<\/p>\n<p>En ba\u015fta ifade etti\u011fim gibi, bir insan niye g\u00f6z kapaklar\u0131n\u0131 keser ki?<\/p>\n<p>Yazar zaman zaman yaz\u0131lar\u0131nda okuyucunun akl\u0131na soru i\u015faretleri b\u0131rakm\u0131\u015f. Bu da okuyucun akl\u0131nda bo\u015fluklar olu\u015fturuyor. Her ne kadar ben pek tercih etmesem de yazar\u0131n okura hayal etme f\u0131rsat\u0131 b\u0131rakmas\u0131, okurlar\u0131n ho\u015funa gidebilir.<\/p>\n<p><span class=\"Apple-converted-space\">\u00a0<\/span><\/p>\n<p>Kitab\u0131 bitirdi\u011fimde, paranoya zihinlere kar\u015f\u0131 empati kurma yetim geli\u015fti diyebilirim.<span class=\"Apple-converted-space\">\u00a0<\/span><\/p>\n<p>Sezgilerim kuvvetlendi. Kitap kahramanlar\u0131na benzer insanlarla kar\u015f\u0131la\u015f\u0131rsam, muhatab\u0131m\u0131n i\u00e7 d\u00fcnyas\u0131n\u0131 rahatl\u0131kla anlayabilecek ve o insanlar\u0131 garipsemeyece\u011fim.<\/p>\n<p>\u201cO hayal k\u0131r\u0131kl\u0131\u011f\u0131, oldu\u011fundan ba\u015fka yerde olma arzusu\u2026 Veya hep ba\u015fka bir yere ait oldu\u011funu i\u00e7ten i\u00e7e duyumsamak ama ka\u00e7\u0131p gidememek. Nerede olursan ol, kendini durmadan yabanc\u0131 hissetmek. Bu mu y\u0131prat\u0131yordu bizi bu kadar?\u201d (D. S. D.)<\/p>\n<p>Sizin de etraf\u0131n\u0131zda akl\u0131 kar\u0131\u015f\u0131k, yaln\u0131zl\u0131ktan korkan ve evham ede ede kafay\u0131 yiyen insanlar vard\u0131r.<\/p>\n<p>\u015eayet muhatab\u0131n\u0131z\u0131n anlam veremedi\u011finiz davran\u0131\u015flar\u0131n\u0131 anlamak ve empati kurma yetinizi g\u00fc\u00e7lendirmek istiyorsan\u0131z, sizi \u201cDurmu\u015f Saatler D\u00fckk\u00e2n\u0131\u201d kitab\u0131na davet ediyor, keyifli okumalar diliyorum.<\/p>\n<p>\u201cNereye ka\u00e7arsan ka\u00e7 \u00f6l\u00fcm gelip seni buluyor. Belal\u0131 olan o gemi de\u011fil, bu d\u00fcnya, diyemedim.\u201d<\/p>\n<p>\u201cKo\u015fmak yerine beklemek gerekir. Zaman \u0131\u015f\u0131k gibidir, tutamazs\u0131n\u0131z. Ama hayallerinizi geri getirir.\u201d<\/p>\n<p>\u201cZaman ac\u0131mas\u0131zd\u0131r \u00e7ocu\u011fum. Ba\u015fa \u00e7\u0131kmak i\u00e7in onun gibi olmak gerekir. Bo\u015funa onun \u00f6n\u00fcnde ko\u015fmaya \u00e7al\u0131\u015fmay\u0131n. Pe\u015finden gitmeyi bilin.\u201d<\/p>\n","protected":false},"excerpt":{"rendered":"<p>\u00a0SADIK-I MEVA Gamze G\u00fcller\u2019e ait olan \u201cDurmu\u015f Saatler D\u00fckk\u00e2n\u0131\u201d isimli kitap, \u0130leti\u015fim Yay\u0131nlar\u0131 taraf\u0131ndan 2020 y\u0131l\u0131nda bas\u0131lm\u0131\u015ft\u0131r. Durmu\u015f<\/p>\n","protected":false},"author":1,"featured_media":1270,"comment_status":"open","ping_status":"open","sticky":false,"template":"","format":"standard","meta":[],"categories":[22],"tags":[],"yoast_head":"<!-- This site is optimized with the Yoast SEO plugin v15.5 - https:\/\/yoast.com\/wordpress\/plugins\/seo\/ -->\n<title>DURMU\u015e SAATLER D\u00dcKK\u00c2NI - SES MAGAZINE<\/title>\n<meta name=\"robots\" content=\"index, follow, max-snippet:-1, max-image-preview:large, max-video-preview:-1\" \/>\n<link rel=\"canonical\" href=\"https:\/\/www.sesdergisi.ca\/?p=1269\" \/>\n<meta property=\"og:locale\" content=\"en_US\" \/>\n<meta property=\"og:type\" content=\"article\" \/>\n<meta property=\"og:title\" content=\"DURMU\u015e SAATLER D\u00dcKK\u00c2NI - SES MAGAZINE\" \/>\n<meta property=\"og:description\" content=\"\u00a0SADIK-I MEVA Gamze G\u00fcller\u2019e ait olan \u201cDurmu\u015f Saatler D\u00fckk\u00e2n\u0131\u201d isimli kitap, \u0130leti\u015fim Yay\u0131nlar\u0131 taraf\u0131ndan 2020 y\u0131l\u0131nda bas\u0131lm\u0131\u015ft\u0131r. Durmu\u015f\" \/>\n<meta property=\"og:url\" content=\"https:\/\/www.sesdergisi.ca\/?p=1269\" \/>\n<meta property=\"og:site_name\" content=\"SES MAGAZINE\" \/>\n<meta property=\"article:author\" content=\"https:\/\/www.facebook.com\/serifkanada\" \/>\n<meta property=\"article:published_time\" content=\"2020-07-27T22:06:59+00:00\" \/>\n<meta property=\"article:modified_time\" content=\"2020-07-27T22:07:01+00:00\" \/>\n<meta property=\"og:image\" content=\"https:\/\/www.sesdergisi.ca\/wp-content\/uploads\/2020\/07\/durmus-saatler-dukkani.jpg\" \/>\n\t<meta property=\"og:image:width\" content=\"267\" \/>\n\t<meta property=\"og:image:height\" content=\"400\" \/>\n<meta name=\"twitter:card\" content=\"summary_large_image\" \/>\n<meta name=\"twitter:image\" content=\"https:\/\/www.sesdergisi.ca\/wp-content\/uploads\/2020\/07\/durmus-saatler-dukkani.jpg\" \/>\n<meta name=\"twitter:creator\" content=\"@https:\/\/twitter.com\/serifcanada1\" \/>\n<meta name=\"twitter:label1\" content=\"Est. reading time\">\n\t<meta name=\"twitter:data1\" content=\"3 minutes\">\n<script type=\"application\/ld+json\" class=\"yoast-schema-graph\">{\"@context\":\"https:\/\/schema.org\",\"@graph\":[{\"@type\":\"WebSite\",\"@id\":\"https:\/\/www.sesdergisi.ca\/#website\",\"url\":\"https:\/\/www.sesdergisi.ca\/\",\"name\":\"SES MAGAZINE\",\"description\":\"Literature \\u00b7 Analysis \\u00b7 Thought\",\"potentialAction\":[{\"@type\":\"SearchAction\",\"target\":\"https:\/\/www.sesdergisi.ca\/?s={search_term_string}\",\"query-input\":\"required name=search_term_string\"}],\"inLanguage\":\"en-US\"},{\"@type\":\"ImageObject\",\"@id\":\"https:\/\/www.sesdergisi.ca\/?p=1269#primaryimage\",\"inLanguage\":\"en-US\",\"url\":\"https:\/\/www.sesdergisi.ca\/wp-content\/uploads\/2020\/07\/durmus-saatler-dukkani.jpg\",\"width\":267,\"height\":400},{\"@type\":\"WebPage\",\"@id\":\"https:\/\/www.sesdergisi.ca\/?p=1269#webpage\",\"url\":\"https:\/\/www.sesdergisi.ca\/?p=1269\",\"name\":\"DURMU\\u015e SAATLER D\\u00dcKK\\u00c2NI - SES MAGAZINE\",\"isPartOf\":{\"@id\":\"https:\/\/www.sesdergisi.ca\/#website\"},\"primaryImageOfPage\":{\"@id\":\"https:\/\/www.sesdergisi.ca\/?p=1269#primaryimage\"},\"datePublished\":\"2020-07-27T22:06:59+00:00\",\"dateModified\":\"2020-07-27T22:07:01+00:00\",\"author\":{\"@id\":\"https:\/\/www.sesdergisi.ca\/#\/schema\/person\/3c516e766267a63b4e8d607fa5496f02\"},\"inLanguage\":\"en-US\",\"potentialAction\":[{\"@type\":\"ReadAction\",\"target\":[\"https:\/\/www.sesdergisi.ca\/?p=1269\"]}]},{\"@type\":\"Person\",\"@id\":\"https:\/\/www.sesdergisi.ca\/#\/schema\/person\/3c516e766267a63b4e8d607fa5496f02\",\"name\":\"\\u015eerif Ayd\\u0131n\",\"image\":{\"@type\":\"ImageObject\",\"@id\":\"https:\/\/www.sesdergisi.ca\/#personlogo\",\"inLanguage\":\"en-US\",\"url\":\"https:\/\/secure.gravatar.com\/avatar\/2527d3cadd34557e6b4a3479d29c21d4?s=96&d=mm&r=g\",\"caption\":\"\\u015eerif Ayd\\u0131n\"},\"sameAs\":[\"http:\/\/sesdergisi.ca\",\"https:\/\/www.facebook.com\/serifkanada\",\"https:\/\/www.instagram.com\/serifcanada\",\"https:\/\/www.linkedin.com\/in\/serif-aydin-16a0b31a4\",\"https:\/\/twitter.com\/https:\/\/twitter.com\/serifcanada1\"]}]}<\/script>\n<!-- \/ Yoast SEO plugin. -->","_links":{"self":[{"href":"https:\/\/www.sesdergisi.ca\/index.php?rest_route=\/wp\/v2\/posts\/1269"}],"collection":[{"href":"https:\/\/www.sesdergisi.ca\/index.php?rest_route=\/wp\/v2\/posts"}],"about":[{"href":"https:\/\/www.sesdergisi.ca\/index.php?rest_route=\/wp\/v2\/types\/post"}],"author":[{"embeddable":true,"href":"https:\/\/www.sesdergisi.ca\/index.php?rest_route=\/wp\/v2\/users\/1"}],"replies":[{"embeddable":true,"href":"https:\/\/www.sesdergisi.ca\/index.php?rest_route=%2Fwp%2Fv2%2Fcomments&post=1269"}],"version-history":[{"count":1,"href":"https:\/\/www.sesdergisi.ca\/index.php?rest_route=\/wp\/v2\/posts\/1269\/revisions"}],"predecessor-version":[{"id":1271,"href":"https:\/\/www.sesdergisi.ca\/index.php?rest_route=\/wp\/v2\/posts\/1269\/revisions\/1271"}],"wp:featuredmedia":[{"embeddable":true,"href":"https:\/\/www.sesdergisi.ca\/index.php?rest_route=\/wp\/v2\/media\/1270"}],"wp:attachment":[{"href":"https:\/\/www.sesdergisi.ca\/index.php?rest_route=%2Fwp%2Fv2%2Fmedia&parent=1269"}],"wp:term":[{"taxonomy":"category","embeddable":true,"href":"https:\/\/www.sesdergisi.ca\/index.php?rest_route=%2Fwp%2Fv2%2Fcategories&post=1269"},{"taxonomy":"post_tag","embeddable":true,"href":"https:\/\/www.sesdergisi.ca\/index.php?rest_route=%2Fwp%2Fv2%2Ftags&post=1269"}],"curies":[{"name":"wp","href":"https:\/\/api.w.org\/{rel}","templated":true}]}}