{"id":1226,"date":"2020-07-01T03:00:30","date_gmt":"2020-07-01T03:00:30","guid":{"rendered":"https:\/\/www.sesdergisi.ca\/?p=1226"},"modified":"2020-07-02T04:04:52","modified_gmt":"2020-07-02T04:04:52","slug":"firtina-2","status":"publish","type":"post","link":"https:\/\/www.sesdergisi.ca\/?p=1226","title":{"rendered":"FIRTINA"},"content":{"rendered":"\n<h2 class=\"has-text-align-right\">Alt\u0131 Yazar&nbsp;<\/h2>\n\n\n\n<p>Solu\u011fu kesilene kadar ko\u015fuyor. Arkas\u0131na bakmadan ka\u00e7\u0131p saklanacak bir yer ar\u0131yordu. Pe\u015fi s\u0131ra s\u00fcr\u00fcklenen korkular\u0131n\u0131, sanki her an ensesinde belirecek gibi hissediyordu. Kalbi neredeyse yerinden \u00e7\u0131kacak gibi at\u0131yordu. Bir an durup nefesini toparlad\u0131. Bu ya\u015fad\u0131klar\u0131 ger\u00e7ek olamazd\u0131. Evet evet, hepsi bir k\u00e2bus olmal\u0131yd\u0131, ama de\u011fildi.. \u015eimdi buradayd\u0131, h\u00e2l\u00e2 hayattayd\u0131 ve g\u00fcn kararmadan, bu \u0131ss\u0131z sahilde s\u0131\u011f\u0131nacak bir yer bulmal\u0131yd\u0131. G\u00f6z\u00fcne, kar\u015f\u0131 tepedeki eski bir deniz feneri ili\u015fti. Korkular\u0131ndan ka\u00e7arken, bir k\u00e2busun i\u00e7ine d\u00fc\u015fece\u011finden habersiz, yorgun fakat \u00fcmitle, s\u0131\u011f\u0131na\u011f\u0131 zannetti\u011fi zindana do\u011fru h\u0131zla yol ald\u0131..<\/p>\n<p>Att\u0131\u011f\u0131 her ad\u0131mda, ayaklar\u0131na batan \u00e7ak\u0131l ta\u015flar\u0131n\u0131n ac\u0131s\u0131yla beraber, beyninde zonklayan sesleri de hissediyordu;<\/p>\n<p>\u201cDaha h\u0131zl\u0131 k\u00fcrek \u00e7ek!\u201d<\/p>\n<p>\u201cAcele etmeliyiz!\u201d<\/p>\n<p>\u201cUnutma tamam m\u0131? S\u00f6z verdin unutma!\u201d<\/p>\n<p>En son s\u00f6z, cebini yoklarken daha g\u00fc\u00e7l\u00fc zonklad\u0131 beyninde. G\u00f6zlerinde bir parlay\u0131p bir kaybolan deniz fenerinin \u0131\u015f\u0131\u011f\u0131n\u0131n her yan\u0131\u015f\u0131nda, yeni bir sahne belirip kayboluyordu zihninde. Kesik kesik anlams\u0131z sahneler&#8230;<\/p>\n<p>Eski deniz fenerine ula\u015ft\u0131\u011f\u0131nda, arkas\u0131na d\u00f6n\u00fcp bakt\u0131. K\u0131y\u0131ya vuran dalgalar\u0131n itti\u011fi bir ka\u00e7 tahta par\u00e7as\u0131 ve fe-<\/p>\n<p>nerle beraber, batan g\u00fcne\u015fin \u0131\u015f\u0131lt\u0131lar\u0131n\u0131n yans\u0131d\u0131\u011f\u0131 k\u00f6p\u00fcklerden ba\u015fka bir \u015fey g\u00f6r\u00fcnm\u00fcyor, dinmi\u015f f\u0131rt\u0131nan\u0131n u\u011fultusunu \u015fimdi hissediyordu. Tahta kap\u0131y\u0131 biraz zorlay\u0131p i\u00e7eri girdi. G\u00fcne\u015fin son \u0131\u015f\u0131klar\u0131n\u0131n ayd\u0131nlatt\u0131\u011f\u0131 bu yerde ilk duyumsad\u0131\u011f\u0131 \u015fey, kesif bir kolza ya\u011f\u0131 kokusuydu.. Evet evet kolza ya\u011f\u0131 kokusu&#8230; Onca heng\u00e2menin i\u00e7inde bu koku ona, bir an durup \u201cNeredeyim ben?\u201d sorusunu sorma f\u0131rsat\u0131 sunmu\u015ftu. B\u00fct\u00fcn bu d\u00fc\u015f\u00fcncelerle beyni uyu\u015furken, bir anda duydu\u011fu ses ile irkildi!<span class=\"Apple-converted-space\">\u00a0<\/span><\/p>\n<p>Fenerin i\u00e7inde ondan ba\u015fka biri daha oldu\u011funu d\u00fc\u015f\u00fcn\u00fcp, dikkat kesildi! Sesler alt kattan geliyor gibiydi. Korkarak bir ad\u0131m ileriye \u00e7\u0131kt\u0131, bast\u0131\u011f\u0131 zemin g\u0131c\u0131rd\u0131yordu. Bu daha da \u00fcrkmesine sebep oldu. Karars\u0131zd\u0131 ama yapacak ba\u015fka bir \u015feyi yoktu. Bir ad\u0131m daha att\u0131. G\u00f6z\u00fcne iki \u00fc\u00e7 metre ileride bir demir par\u00e7as\u0131 ili\u015fti. Tahta zemini g\u0131c\u0131rdata g\u0131c\u0131rdata ilerledi. Fenerin kubbesinden yans\u0131yan \u0131\u015f\u0131k ile bu demir par\u00e7as\u0131n\u0131n, asl\u0131nda alt kata a\u00e7\u0131lan tahta bir kap\u0131n\u0131n kulpu oldu\u011funu farketti. O an \u00fc\u00e7 saat \u00f6ncesini d\u00fc\u015f\u00fcnd\u00fc. K\u00f6pe\u011fi Armoni ile ka\u00e7ak bindi\u011fi gemide Amerika\u2019ya gitmek i\u00e7in sab\u0131rs\u0131zlan\u0131yordu. \u201cKe\u015fke Armoni yan\u0131mda olsayd\u0131.\u201d diye d\u00fc\u015f\u00fcnd\u00fc. Ke\u015fke zaman\u0131 geri alabilseydi. \u0130stemeye isteme-<\/p>\n<p>ye, tahta kap\u0131y\u0131 yukar\u0131 do\u011fru kald\u0131rd\u0131. Bir anda ortal\u0131k toz dumana kar\u0131\u015ft\u0131. \u00d6ks\u00fcrmek istemiyordu, e\u011fer a\u015fa\u011f\u0131da biri varsa kendisini farkedebilirdi. Nefesini tuttu. Kafas\u0131n\u0131 uzat\u0131p a\u015fa\u011f\u0131ya do\u011fru bakt\u0131, dar ve korkun\u00e7, demir bir merdiven as\u0131l\u0131yd\u0131. \u201cA\u015fa\u011f\u0131da ne var acaba?\u201d diye d\u00fc\u015f\u00fcn\u00fcrken, derinden gelen o ses tekrar duyuldu.<\/p>\n<p>Neyse ki sadece r\u00fczg\u00e2rd\u0131. Derin bir nefes ald\u0131. Son basama\u011f\u0131 da indi. \u0130\u00e7eriye \u015f\u00f6yle bir g\u00f6z att\u0131. B\u00fcy\u00fck bir yer alt\u0131 s\u0131\u011f\u0131na\u011f\u0131yd\u0131 buras\u0131. \u0130\u00e7erisi hafif dumanl\u0131 ve lo\u015ftu. Duvarda as\u0131l\u0131 eski gaz lambas\u0131n\u0131 farketti. Demek fenerin i\u00e7ine ilk girdi\u011finde duydu\u011fu kolza ya\u011f\u0131 kokusu, lambadan geliyor-<\/p>\n<p>du. Biraz daha dikkatli bak\u0131nca duvarlarda bir \u00e7ok re-sim oldu\u011funu g\u00f6rd\u00fc. Uzun koridorda ilerlerken, bu resimlerin \u0130nkalardan kalma resimler oldu\u011funu d\u00fc\u015f\u00fcnd\u00fc. Daha \u00f6nce bu konudaki efsaneleri duymu\u015ftu. Resimlerin birinde, G\u00fcne\u015f Tanr\u0131s\u0131 \u0130nti\u2019ye adanan bir laman\u0131n adak t\u00f6reni g\u00f6r\u00fcl\u00fcyordu. Ba\u015fka bir resimde g\u00fcne\u015f, ay, \u015fim\u015fek ve da\u011flar \u00e7izilmi\u015fti. Koridorun sonundan daha geni\u015f bir odaya \u00e7\u0131kt\u0131. Benzer resimler bu duvarlar\u0131 da kapl\u0131yordu. Resimlere dalm\u0131\u015fken biri taraf\u0131ndan izlendi\u011fini hissetti.<\/p>\n<p>\u201cKim var orada?\u201d<\/p>\n<p>Arkas\u0131na d\u00f6nd\u00fc\u011f\u00fcnde sesine kar\u015f\u0131l\u0131k bulamad\u0131. Sesleni\u015fi uzun ve lo\u015f koridorda dalga dalga yay\u0131l\u0131p azald\u0131. \u0130\u00e7ini bir tela\u015f kaplad\u0131. Tekrar seslendi;<\/p>\n<p>\u201cKim var orada?\u201d<\/p>\n<p>\u0130\u00e7ini bir korku kaplam\u0131\u015ft\u0131, kalp at\u0131\u015flar\u0131 kulaklar\u0131nda u\u011fulduyordu. Gaz lambas\u0131n\u0131n lo\u015f<span class=\"Apple-converted-space\">\u00a0 <\/span>\u0131\u015f\u0131\u011f\u0131<span class=\"Apple-converted-space\">\u00a0 <\/span>ve<span class=\"Apple-converted-space\">\u00a0 <\/span>duvarda<span class=\"Apple-converted-space\">\u00a0 <\/span>titre-<\/p>\n<p>yen karart\u0131lar ise tedirginli\u011fini daha da artt\u0131rm\u0131\u015ft\u0131. Sesine kar\u015f\u0131l\u0131k bir ses alamamas\u0131n\u0131n, \u00fczerinde olu\u015fturdu\u011fu gerginlikle terlemi\u015fti. Deniz fenerinin dar yap\u0131s\u0131 i\u00e7inde s\u0131k\u0131\u015fm\u0131\u015f gibi hissetti. Ayaklar\u0131 oldu\u011fu yere \u00e7ak\u0131l\u0131p kalm\u0131\u015ft\u0131.<span class=\"Apple-converted-space\">\u00a0<\/span><\/p>\n<p>Bir s\u00fcre sonra, g\u00f6z\u00fc kar\u015f\u0131 dolaptaki kitaba ili\u015fti. Kitap, \u015fimdi merak duygusunu kendine \u00e7ekiyordu. Kilitlenen bacaklar\u0131n\u0131 yeniden hissetmeye ba\u015flad\u0131. Dolaba do\u011fru ilerledi. Cildi yerinden oynam\u0131\u015f kitab\u0131 eline ald\u0131. Tozunu \u00fcfledi. Kitab\u0131n \u00fczerinde; \u201cMah\u015ferin D\u00f6rd\u00fcnc\u00fc Atl\u0131s\u0131 \/ Salg\u0131n ve Bula\u015f\u0131c\u0131 Hastal\u0131klar Tarihi\u201d yaz\u0131yordu.<\/p>\n<p>Bu kitab\u0131 biliyordu. Bilin\u00e7li olarak yay\u0131lan salg\u0131n ve bula\u015f\u0131c\u0131 hastal\u0131klar\u0131n, toplumlar \u00fczerindeki etkisini anlatan bir kitapt\u0131 bu. Sonra g\u00f6z\u00fc kitapl\u0131\u011f\u0131n yan\u0131ndaki b\u00f6lmeye kayd\u0131. Eski us\u00fcl t\u0131bb\u00ee malzemeler, ilkel deney gere\u00e7leri ve bir\u00e7ok kolza ya\u011f\u0131 merhemi g\u00f6rd\u00fc. Duvardaki resimlerde de, hastal\u0131k ve \u00f6l\u00fcm\u00fc \u00e7a\u011f\u0131r\u0131\u015ft\u0131ran tasvirler ve kolza \u00e7i\u00e7e\u011fi resmi oldu\u011funu hat\u0131rlad\u0131. Bir grup ara\u015ft\u0131rmac\u0131 ile \u00e7al\u0131\u015fma yapt\u0131klar\u0131 d\u00f6nemde, \u0130nca\u2019larla ilgili ara\u015ft\u0131rmalar\u0131n\u0131 an\u0131msad\u0131; Avrupal\u0131lar\u0131n onlara \u00e7i\u00e7ek, frengi ve k\u0131zam\u0131k gibi hastal\u0131klar getirdi\u011fini ve \u0130ncalar\u0131n bu nedenle \u00e7ok zay\u0131f bir toplum haline gelerek zaman i\u00e7erisinde y\u0131k\u0131ld\u0131\u011f\u0131n\u0131 hat\u0131rlad\u0131&#8230;<\/p>\n<p>\u015eimdi film \u015feridi zihninde tekrar oynamaya ba\u015flam\u0131\u015ft\u0131.<\/p>\n<p>B\u00fct\u00fcn bunlar, bug\u00fcn mucize eseri hayatta kald\u0131\u011f\u0131 gemiyi sebepsizce alabora edip, onlarca \u00f6l\u00fcme sebep olanlar\u0131n<\/p>\n<p>S<\/p>\n<p>olu\u011fu kesilene kadar ko\u015fuyor. Arkas\u0131na bakmadan ka\u00e7\u0131p saklanacak bir yer ar\u0131yordu. Pe\u015fi s\u0131ra s\u00fcr\u00fcklenen korkular\u0131n\u0131, sanki her an ensesinde belirecek gibi hissediyordu. Kalbi neredeyse yerinden \u00e7\u0131kacak gibi at\u0131yordu. Bir an durup nefesini toparlad\u0131. Bu ya\u015fad\u0131klar\u0131 ger\u00e7ek olamazd\u0131. Evet evet, hepsi bir k\u00e2bus olmal\u0131yd\u0131, ama de\u011fildi.. \u015eimdi buradayd\u0131, h\u00e2l\u00e2 hayattayd\u0131 ve g\u00fcn kararmadan, bu \u0131ss\u0131z sahilde s\u0131\u011f\u0131nacak bir yer bulmal\u0131yd\u0131. G\u00f6z\u00fcne, kar\u015f\u0131 tepedeki eski bir deniz feneri ili\u015fti. Korkular\u0131ndan ka\u00e7arken, bir k\u00e2busun i\u00e7ine d\u00fc\u015fece\u011finden habersiz, yorgun fakat \u00fcmitle, s\u0131\u011f\u0131na\u011f\u0131 zannetti\u011fi zindana do\u011fru h\u0131zla yol ald\u0131..<\/p>\n<p>Att\u0131\u011f\u0131 her ad\u0131mda, ayaklar\u0131na batan \u00e7ak\u0131l ta\u015flar\u0131n\u0131n ac\u0131s\u0131yla beraber, beyninde zonklayan sesleri de hissediyordu;<\/p>\n<p>\u201cDaha h\u0131zl\u0131 k\u00fcrek \u00e7ek!\u201d<\/p>\n<p>\u201cAcele etmeliyiz!\u201d<\/p>\n<p>\u201cUnutma tamam m\u0131? S\u00f6z verdin unutma!\u201d<\/p>\n<p>En son s\u00f6z, cebini yoklarken daha g\u00fc\u00e7l\u00fc zonklad\u0131 beyninde. G\u00f6zlerinde bir parlay\u0131p bir kaybolan deniz fenerinin \u0131\u015f\u0131\u011f\u0131n\u0131n her yan\u0131\u015f\u0131nda, yeni bir sahne belirip kayboluyordu zihninde. Kesik kesik anlams\u0131z sahneler&#8230;<\/p>\n<p>Eski deniz fenerine ula\u015ft\u0131\u011f\u0131nda, arkas\u0131na d\u00f6n\u00fcp bakt\u0131. K\u0131y\u0131ya vuran dalgalar\u0131n itti\u011fi bir ka\u00e7 tahta par\u00e7as\u0131 ve fe-<\/p>\n<p>nerle beraber, batan g\u00fcne\u015fin \u0131\u015f\u0131lt\u0131lar\u0131n\u0131n yans\u0131d\u0131\u011f\u0131 k\u00f6p\u00fcklerden ba\u015fka bir \u015fey g\u00f6r\u00fcnm\u00fcyor, dinmi\u015f f\u0131rt\u0131nan\u0131n u\u011fultusunu \u015fimdi hissediyordu. Tahta kap\u0131y\u0131 biraz zorlay\u0131p i\u00e7eri girdi. G\u00fcne\u015fin son \u0131\u015f\u0131klar\u0131n\u0131n ayd\u0131nlatt\u0131\u011f\u0131 bu yerde ilk duyumsad\u0131\u011f\u0131 \u015fey, kesif bir kolza ya\u011f\u0131 kokusuydu.. Evet evet kolza ya\u011f\u0131 kokusu&#8230; Onca heng\u00e2menin i\u00e7inde bu koku ona, bir an durup \u201cNeredeyim ben?\u201d sorusunu sorma f\u0131rsat\u0131 sunmu\u015ftu. B\u00fct\u00fcn bu d\u00fc\u015f\u00fcncelerle beyni uyu\u015furken, bir anda duydu\u011fu ses ile irkildi!<span class=\"Apple-converted-space\">\u00a0<\/span><\/p>\n<p>Fenerin i\u00e7inde ondan ba\u015fka biri daha oldu\u011funu d\u00fc\u015f\u00fcn\u00fcp, dikkat kesildi! Sesler alt kattan geliyor gibiydi. Korkarak bir ad\u0131m ileriye \u00e7\u0131kt\u0131, bast\u0131\u011f\u0131 zemin g\u0131c\u0131rd\u0131yordu. Bu daha da \u00fcrkmesine sebep oldu. Karars\u0131zd\u0131 ama yapacak ba\u015fka bir \u015feyi yoktu. Bir ad\u0131m daha att\u0131. G\u00f6z\u00fcne iki \u00fc\u00e7 metre ileride bir demir par\u00e7as\u0131 ili\u015fti. Tahta zemini g\u0131c\u0131rdata g\u0131c\u0131rdata ilerledi. Fenerin kubbesinden yans\u0131yan \u0131\u015f\u0131k ile bu demir par\u00e7as\u0131n\u0131n, asl\u0131nda alt kata a\u00e7\u0131lan tahta bir kap\u0131n\u0131n kulpu oldu\u011funu farketti. O an \u00fc\u00e7 saat \u00f6ncesini d\u00fc\u015f\u00fcnd\u00fc. K\u00f6pe\u011fi Armoni ile ka\u00e7ak bindi\u011fi gemide Amerika\u2019ya gitmek i\u00e7in sab\u0131rs\u0131zlan\u0131yordu. \u201cKe\u015fke Armoni yan\u0131mda olsayd\u0131.\u201d diye d\u00fc\u015f\u00fcnd\u00fc. Ke\u015fke zaman\u0131 geri alabilseydi. \u0130stemeye isteme-<\/p>\n<p>ye, tahta kap\u0131y\u0131 yukar\u0131 do\u011fru kald\u0131rd\u0131. Bir anda ortal\u0131k toz dumana kar\u0131\u015ft\u0131. \u00d6ks\u00fcrmek istemiyordu, e\u011fer a\u015fa\u011f\u0131da biri varsa kendisini farkedebilirdi. Nefesini tuttu. Kafas\u0131n\u0131 uzat\u0131p a\u015fa\u011f\u0131ya do\u011fru bakt\u0131, dar ve korkun\u00e7, demir bir merdiven as\u0131l\u0131yd\u0131. \u201cA\u015fa\u011f\u0131da ne var acaba?\u201d diye d\u00fc\u015f\u00fcn\u00fcrken, derinden gelen o ses tekrar duyuldu.<\/p>\n<p>Neyse ki sadece r\u00fczg\u00e2rd\u0131. Derin bir nefes ald\u0131. Son basama\u011f\u0131 da indi. \u0130\u00e7eriye \u015f\u00f6yle bir g\u00f6z att\u0131. B\u00fcy\u00fck bir yer alt\u0131 s\u0131\u011f\u0131na\u011f\u0131yd\u0131 buras\u0131. \u0130\u00e7erisi hafif dumanl\u0131 ve lo\u015ftu. Duvarda as\u0131l\u0131 eski gaz lambas\u0131n\u0131 farketti. Demek fenerin i\u00e7ine ilk girdi\u011finde duydu\u011fu kolza ya\u011f\u0131 kokusu, lambadan geliyor-<\/p>\n<p>du. Biraz daha dikkatli bak\u0131nca duvarlarda bir \u00e7ok re-sim oldu\u011funu g\u00f6rd\u00fc. Uzun koridorda ilerlerken, bu resimlerin \u0130nkalardan kalma resimler oldu\u011funu d\u00fc\u015f\u00fcnd\u00fc. Daha \u00f6nce bu konudaki efsaneleri duymu\u015ftu. Resimlerin birinde, G\u00fcne\u015f Tanr\u0131s\u0131 \u0130nti\u2019ye adanan bir laman\u0131n adak t\u00f6reni g\u00f6r\u00fcl\u00fcyordu. Ba\u015fka bir resimde g\u00fcne\u015f, ay, \u015fim\u015fek ve da\u011flar \u00e7izilmi\u015fti. Koridorun sonundan daha geni\u015f bir odaya \u00e7\u0131kt\u0131. Benzer resimler bu duvarlar\u0131 da kapl\u0131yordu. Resimlere dalm\u0131\u015fken biri taraf\u0131ndan izlendi\u011fini hissetti.<\/p>\n<p>\u201cKim var orada?\u201d<\/p>\n<p>Arkas\u0131na d\u00f6nd\u00fc\u011f\u00fcnde sesine kar\u015f\u0131l\u0131k bulamad\u0131. Sesleni\u015fi uzun ve lo\u015f koridorda dalga dalga yay\u0131l\u0131p azald\u0131. \u0130\u00e7ini bir tela\u015f kaplad\u0131. Tekrar seslendi;<\/p>\n<p>\u201cKim var orada?\u201d<\/p>\n<p>\u0130\u00e7ini bir korku kaplam\u0131\u015ft\u0131, kalp at\u0131\u015flar\u0131 kulaklar\u0131nda u\u011fulduyordu. Gaz lambas\u0131n\u0131n lo\u015f<span class=\"Apple-converted-space\">\u00a0 <\/span>\u0131\u015f\u0131\u011f\u0131<span class=\"Apple-converted-space\">\u00a0 <\/span>ve<span class=\"Apple-converted-space\">\u00a0 <\/span>duvarda<span class=\"Apple-converted-space\">\u00a0 <\/span>titre-<\/p>\n<p>yen karart\u0131lar ise tedirginli\u011fini daha da artt\u0131rm\u0131\u015ft\u0131. Sesine kar\u015f\u0131l\u0131k bir ses alamamas\u0131n\u0131n, \u00fczerinde olu\u015fturdu\u011fu gerginlikle terlemi\u015fti. Deniz fenerinin dar yap\u0131s\u0131 i\u00e7inde s\u0131k\u0131\u015fm\u0131\u015f gibi hissetti. Ayaklar\u0131 oldu\u011fu yere \u00e7ak\u0131l\u0131p kalm\u0131\u015ft\u0131.<span class=\"Apple-converted-space\">\u00a0<\/span><\/p>\n<p>Bir s\u00fcre sonra, g\u00f6z\u00fc kar\u015f\u0131 dolaptaki kitaba ili\u015fti. Kitap, \u015fimdi merak duygusunu kendine \u00e7ekiyordu. Kilitlenen bacaklar\u0131n\u0131 yeniden hissetmeye ba\u015flad\u0131. Dolaba do\u011fru ilerledi. Cildi yerinden oynam\u0131\u015f kitab\u0131 eline ald\u0131. Tozunu \u00fcfledi. Kitab\u0131n \u00fczerinde; \u201cMah\u015ferin D\u00f6rd\u00fcnc\u00fc Atl\u0131s\u0131 \/ Salg\u0131n ve Bula\u015f\u0131c\u0131 Hastal\u0131klar Tarihi\u201d yaz\u0131yordu.<\/p>\n<p>Bu kitab\u0131 biliyordu. Bilin\u00e7li olarak yay\u0131lan salg\u0131n ve bula\u015f\u0131c\u0131 hastal\u0131klar\u0131n, toplumlar \u00fczerindeki etkisini anlatan bir kitapt\u0131 bu. Sonra g\u00f6z\u00fc kitapl\u0131\u011f\u0131n yan\u0131ndaki b\u00f6lmeye kayd\u0131. Eski us\u00fcl t\u0131bb\u00ee malzemeler, ilkel deney gere\u00e7leri ve bir\u00e7ok kolza ya\u011f\u0131 merhemi g\u00f6rd\u00fc. Duvardaki resimlerde de, hastal\u0131k ve \u00f6l\u00fcm\u00fc \u00e7a\u011f\u0131r\u0131\u015ft\u0131ran tasvirler ve kolza \u00e7i\u00e7e\u011fi resmi oldu\u011funu hat\u0131rlad\u0131. Bir grup ara\u015ft\u0131rmac\u0131 ile \u00e7al\u0131\u015fma yapt\u0131klar\u0131 d\u00f6nemde, \u0130nca\u2019larla ilgili ara\u015ft\u0131rmalar\u0131n\u0131 an\u0131msad\u0131; Avrupal\u0131lar\u0131n onlara \u00e7i\u00e7ek, frengi ve k\u0131zam\u0131k gibi hastal\u0131klar getirdi\u011fini ve \u0130ncalar\u0131n bu nedenle \u00e7ok zay\u0131f bir toplum haline gelerek zaman i\u00e7erisinde y\u0131k\u0131ld\u0131\u011f\u0131n\u0131 hat\u0131rlad\u0131&#8230;<\/p>\n<p>\u015eimdi film \u015feridi zihninde tekrar oynamaya ba\u015flam\u0131\u015ft\u0131.<\/p>\n<p>B\u00fct\u00fcn bunlar, bug\u00fcn mucize eseri hayatta kald\u0131\u011f\u0131 gemiyi sebepsizce alabora edip, onlarca \u00f6l\u00fcme sebep olanlar\u0131n niyetini, a\u00e7\u0131k\u00e7a anlat\u0131yordu asl\u0131nda. Onlar yaln\u0131zca deniz korsan\u0131 olamazd\u0131, \u00e7\u00fcnk\u00fc h\u0131rs\u0131zl\u0131k i\u00e7in gelmemi\u015flerdi. Onlar Lima\u2019ya, salg\u0131n ve bula\u015f\u0131c\u0131 hastal\u0131klar\u0131n gelmesini engellemeye \u00e7al\u0131\u015fan, efsanelerde ad\u0131 ge\u00e7en \u0130ncalar\u0131n, kalan son temsilcileri olmal\u0131yd\u0131&#8230;!<\/p>\n<p>\u201cBuradan derhal \u00e7\u0131kmal\u0131y\u0131m.\u201d diye d\u00fc\u015f\u00fcnd\u00fc.<span class=\"Apple-converted-space\">\u00a0<\/span><\/p>\n<p>\u201cBir kitap, t\u0131bb\u00ee malzemeler, bula\u015f\u0131c\u0131 hastal\u0131klar ve insanl\u0131\u011f\u0131 kurtarmaya \u00e7al\u0131\u015fan \u0130nkalar..\u201d<\/p>\n<p>Resimler, kandilin ayd\u0131nlatt\u0131\u011f\u0131 odadan koridora belli belirsiz uzan\u0131rken, buradan ilerleyen aksak ad\u0131mlar\u0131na, lo\u015f duvarlara yans\u0131yan d\u00fc\u015f\u00fcnceleri de e\u015flik ediyordu. Duvarda yan\u0131nda ak\u0131p giden bir g\u00f6lge gibi..<\/p>\n<p>Bir nev\u00ee, haf\u0131zas\u0131nda canlananlar\u0131n duvara yans\u0131mas\u0131&#8230; ;<\/p>\n<p>\u201cKimdi bu \u0130nkalar\u2026?\u201d<\/p>\n<p>\u201c\u015eimdilerde G\u00fcney Amerika ismi verilen k\u0131tada, And Da\u011flar\u0131\u2019na yak\u0131n olan Cuzco \u015fehrinde ya\u015fam\u0131\u015flard\u0131. \u0130lk krallar\u0131 Manco Capac\u2019t\u0131 ve krala Sapa Inca yani Ulu \u00d6nder denirdi. \u0130nkalar, G\u00fcney Amerika\u2019da, Kolomb \u00f6ncesi d\u00f6nemde kurulmu\u015f en b\u00fcy\u00fck imparatorlu\u011fa sahipti. Kabile halinde ya\u015farlard\u0131 ve yakla\u015f\u0131k k\u0131rk bin ki\u015filik bir orduya sahiplerdi.\u201d<\/p>\n<p>Ad\u0131mlar\u0131 h\u0131zlan\u0131yor, koridor<span class=\"Apple-converted-space\">\u00a0 <\/span>daral\u0131yordu&#8230;<\/p>\n<p>\u201c\u00d6len ki\u015filer kraliyet ailesine mensupsa mumyalanarak And Da\u011flar\u0131\u2019n\u0131n y\u00fcksek yerlerine yerle\u015ftirilirdi. Da\u011fl\u0131k b\u00f6lgelerde lama ve alpakalardan y\u00fcn ve et \u00fcretimi, yani hayvanc\u0131l\u0131k yaparlard\u0131.\u201d<\/p>\n<p>Nefesi daral\u0131yor. Duvarlardaki resimler sanki kendisiyle konu\u015fuyordu.<\/p>\n<p>Lama fig\u00fcrleri kandilin \u0131\u015f\u0131\u011f\u0131nda y\u00fcr\u00fcyor&#8230; Zihni susmu-<\/p>\n<p>yordu&#8230; ;<\/p>\n<p>\u201c1520\u2019lerin ba\u015f\u0131nda, ba\u015fta \u00e7i\u00e7ek ve di\u011fer salg\u0131n hastal\u0131klar, Meksika\u2019y\u0131 ve And\u2019lar\u0131 ba\u015ftan sona kas\u0131p kavurmu\u015ftu. Salg\u0131nla birlikte n\u00fcfusun %90\u2019dan fazlas\u0131 ya\u015fam\u0131n\u0131 yitirmi\u015fti. Bu bir \u00e7e\u015fit soyk\u0131r\u0131md\u0131!\u201d<span class=\"Apple-converted-space\">\u00a0<\/span><\/p>\n<p>Aln\u0131ndaki terler g\u00f6zlerini yak\u0131yor&#8230; Ad\u0131mlar\u0131 yava\u015flam\u0131yordu&#8230;;<\/p>\n<p>\u201c1525 y\u0131l\u0131nda Avrupal\u0131 k\u00e2\u015fiflerin getirdi\u011fi \u00e7i\u00e7ek hastal\u0131\u011f\u0131 ile \u00f6len imparatorlar\u0131 ve sonras\u0131nda karde\u015flerin aras\u0131nda \u00e7\u0131kan kavgalar\u0131&#8230;. Bu sava\u015f sonunda, karde\u015f, karde\u015fi cezaevine g\u00f6ndermi\u015fti&#8230;\u201d<\/p>\n<p>Bir ka\u00e7 ter damlas\u0131, yerdeki su birikintisine daml\u0131yor, karanl\u0131k koridorda h\u0131zl\u0131 ad\u0131mlar yank\u0131lan\u0131yordu&#8230;;<\/p>\n<p>\u201c\u0130spanyollar&#8230;<span class=\"Apple-converted-space\">\u00a0 <\/span>\u0130spanyollar \u0130nkalardan, kendilerine g\u00fcvenmelerini istemi\u015fti. Bunun sonucunda da, onlar\u0131 bozguna u\u011fratm\u0131\u015flard\u0131. \u0130nsano\u011flu, tarihin hi\u00e7bir safh\u00e2s\u0131nda de\u011fi\u015fmiyordu. Kendi karde\u015fini bile yok etmeye \u00e7al\u0131\u015facak, \u015feytan\u00ee fikirlere sahip olabiliyordu\u2026\u201d<\/p>\n<p>Koridorun sonundaki \u0131\u015f\u0131k&#8230; O k\u00fc\u00e7\u00fck kap\u0131&#8230;! \u0130\u015fte oradayd\u0131!<\/p>\n<p>\u201cKarde\u015f!\u201d<\/p>\n<p>Karde\u015f kelimesi ile durdu. Bu kelime ile zihninde bir \u015fim\u015fek \u00e7akt\u0131\u2026 Cebini tekrar yoklad\u0131\u2026 Evet, k\u00fcrek \u00e7ekerken bunu karde\u015fi vermi\u015fti&#8230; Suya d\u00fc\u015fmeden hemen \u00f6nceydi.<span class=\"Apple-converted-space\">\u00a0<\/span><\/p>\n<p>\u201cDaha h\u0131zl\u0131 k\u00fcrek \u00e7ek!\u201d<\/p>\n<p>\u201cAcele etmeliyiz!\u201d<\/p>\n<p>Ve karde\u015finin tak\u00e2ti kesildi\u011finde, g\u00f6zlerini kendisine dikmi\u015f, bir ka\u00e7 kez tekrar etmi\u015fti;<\/p>\n<p>\u201cUnutma tamam m\u0131? S\u00f6z verdin unutma!\u201d<\/p>\n<p>Evet s\u00f6z vermi\u015fti\u2026!<span class=\"Apple-converted-space\">\u00a0<\/span><\/p>\n<p>\u0130nkalar\u0131n ba\u015f\u0131na gelen karde\u015f katli, \u0130spanyollara duyduklar\u0131 g\u00fcven sonucu ihanete u\u011framalar\u0131 ve hastal\u0131kla ba\u015f edeme-yip, soyk\u0131r\u0131ma u\u011framalar\u0131\u2026<span class=\"Apple-converted-space\">\u00a0<\/span><\/p>\n<p>Ne kadar da benziyordu hayatlar\u0131 birbirine..! Belki de, bu fenere yolunun d\u00fc\u015fmesi tesad\u00fcf de\u011fildi\u2026 O da bu sebep-<\/p>\n<p>lerle ka\u00e7mak zorunda kalm\u0131\u015ft\u0131 \u00fclkesinden ve cebindeki mektup ile s\u00f6z vermi\u015fti; E\u011fer ba\u015far\u0131rsa, bu mektubu geride b\u0131rakt\u0131klar\u0131na ula\u015ft\u0131racakt\u0131. Bir g\u00fcn geri d\u00f6necekti. S\u00f6z vermi\u015fti\u2026 Sonlar\u0131 \u0130nkalar gibi olmayacakt\u0131. Bu sorumluluk duygusu ile bir cesaret ve kararl\u0131l\u0131k h\u00e2li gelmi\u015fti \u00fczerine&#8230;<\/p>\n<p>Kendini \u00e7\u0131k\u0131\u015fta buldu\u011funda, t\u00fcm korkular\u0131ndan s\u0131yr\u0131lm\u0131\u015ft\u0131.<span class=\"Apple-converted-space\">\u00a0<\/span><\/p>\n<p>D\u0131\u015far\u0131 \u00e7\u0131kt\u0131\u011f\u0131nda bir karart\u0131 kendisine do\u011fru ko\u015fuyordu. Armoni&#8230;!! O da kurtulmu\u015ftu&#8230; Bu zorlu g\u00fcn\u00fcn ard\u0131ndan, hayat\u0131n ona bir arma\u011fan\u0131 gibiydi bu&#8230;!<\/p>\n<p>G\u00fcn a\u011far\u0131yor, onlar g\u00fcn do\u011fumunu izlerken, ilerden bir cankurtaran teknesi k\u0131y\u0131ya yana\u015f\u0131yordu. Bir elinde mek- tubu, kuca\u011f\u0131nda Armoni ile teknedekilere, \u201cHeyy! \u0130\u015fte buraday\u0131z.\u201d diye seslenirken, asl\u0131nda yeni hayat\u0131na daha g\u00fc\u00e7l\u00fc bir, \u201cMerhaba!\u201d diyordu&#8230;<\/p>\n<p><span class=\"Apple-converted-space\">\u00a0<\/span><\/p>\n","protected":false},"excerpt":{"rendered":"<p>Alt\u0131 Yazar&nbsp; Solu\u011fu kesilene kadar ko\u015fuyor. Arkas\u0131na bakmadan ka\u00e7\u0131p saklanacak bir yer ar\u0131yordu. Pe\u015fi s\u0131ra s\u00fcr\u00fcklenen korkular\u0131n\u0131, sanki<\/p>\n","protected":false},"author":1,"featured_media":1257,"comment_status":"open","ping_status":"open","sticky":false,"template":"","format":"standard","meta":[],"categories":[4],"tags":[],"yoast_head":"<!-- This site is optimized with the Yoast SEO plugin v15.5 - https:\/\/yoast.com\/wordpress\/plugins\/seo\/ -->\n<title>FIRTINA - SES MAGAZINE<\/title>\n<meta name=\"robots\" content=\"index, follow, max-snippet:-1, max-image-preview:large, max-video-preview:-1\" \/>\n<link rel=\"canonical\" href=\"https:\/\/www.sesdergisi.ca\/?p=1226\" \/>\n<meta property=\"og:locale\" content=\"en_US\" \/>\n<meta property=\"og:type\" content=\"article\" \/>\n<meta property=\"og:title\" content=\"FIRTINA - SES MAGAZINE\" \/>\n<meta property=\"og:description\" content=\"Alt\u0131 Yazar&nbsp; Solu\u011fu kesilene kadar ko\u015fuyor. Arkas\u0131na bakmadan ka\u00e7\u0131p saklanacak bir yer ar\u0131yordu. Pe\u015fi s\u0131ra s\u00fcr\u00fcklenen korkular\u0131n\u0131, sanki\" \/>\n<meta property=\"og:url\" content=\"https:\/\/www.sesdergisi.ca\/?p=1226\" \/>\n<meta property=\"og:site_name\" content=\"SES MAGAZINE\" \/>\n<meta property=\"article:author\" content=\"https:\/\/www.facebook.com\/serifkanada\" \/>\n<meta property=\"article:published_time\" content=\"2020-07-01T03:00:30+00:00\" \/>\n<meta property=\"article:modified_time\" content=\"2020-07-02T04:04:52+00:00\" \/>\n<meta name=\"twitter:card\" content=\"summary_large_image\" \/>\n<meta name=\"twitter:creator\" content=\"@https:\/\/twitter.com\/serifcanada1\" \/>\n<meta name=\"twitter:label1\" content=\"Est. reading time\">\n\t<meta name=\"twitter:data1\" content=\"11 minutes\">\n<script type=\"application\/ld+json\" class=\"yoast-schema-graph\">{\"@context\":\"https:\/\/schema.org\",\"@graph\":[{\"@type\":\"WebSite\",\"@id\":\"https:\/\/www.sesdergisi.ca\/#website\",\"url\":\"https:\/\/www.sesdergisi.ca\/\",\"name\":\"SES MAGAZINE\",\"description\":\"Literature \\u00b7 Analysis \\u00b7 Thought\",\"potentialAction\":[{\"@type\":\"SearchAction\",\"target\":\"https:\/\/www.sesdergisi.ca\/?s={search_term_string}\",\"query-input\":\"required name=search_term_string\"}],\"inLanguage\":\"en-US\"},{\"@type\":\"ImageObject\",\"@id\":\"https:\/\/www.sesdergisi.ca\/?p=1226#primaryimage\",\"inLanguage\":\"en-US\",\"url\":\"https:\/\/www.sesdergisi.ca\/wp-content\/uploads\/2020\/07\/5005451-REFCJNFZ-7.png\",\"width\":434,\"height\":400},{\"@type\":\"WebPage\",\"@id\":\"https:\/\/www.sesdergisi.ca\/?p=1226#webpage\",\"url\":\"https:\/\/www.sesdergisi.ca\/?p=1226\",\"name\":\"FIRTINA - SES MAGAZINE\",\"isPartOf\":{\"@id\":\"https:\/\/www.sesdergisi.ca\/#website\"},\"primaryImageOfPage\":{\"@id\":\"https:\/\/www.sesdergisi.ca\/?p=1226#primaryimage\"},\"datePublished\":\"2020-07-01T03:00:30+00:00\",\"dateModified\":\"2020-07-02T04:04:52+00:00\",\"author\":{\"@id\":\"https:\/\/www.sesdergisi.ca\/#\/schema\/person\/3c516e766267a63b4e8d607fa5496f02\"},\"inLanguage\":\"en-US\",\"potentialAction\":[{\"@type\":\"ReadAction\",\"target\":[\"https:\/\/www.sesdergisi.ca\/?p=1226\"]}]},{\"@type\":\"Person\",\"@id\":\"https:\/\/www.sesdergisi.ca\/#\/schema\/person\/3c516e766267a63b4e8d607fa5496f02\",\"name\":\"\\u015eerif Ayd\\u0131n\",\"image\":{\"@type\":\"ImageObject\",\"@id\":\"https:\/\/www.sesdergisi.ca\/#personlogo\",\"inLanguage\":\"en-US\",\"url\":\"https:\/\/secure.gravatar.com\/avatar\/2527d3cadd34557e6b4a3479d29c21d4?s=96&d=mm&r=g\",\"caption\":\"\\u015eerif Ayd\\u0131n\"},\"sameAs\":[\"http:\/\/sesdergisi.ca\",\"https:\/\/www.facebook.com\/serifkanada\",\"https:\/\/www.instagram.com\/serifcanada\",\"https:\/\/www.linkedin.com\/in\/serif-aydin-16a0b31a4\",\"https:\/\/twitter.com\/https:\/\/twitter.com\/serifcanada1\"]}]}<\/script>\n<!-- \/ Yoast SEO plugin. -->","_links":{"self":[{"href":"https:\/\/www.sesdergisi.ca\/index.php?rest_route=\/wp\/v2\/posts\/1226"}],"collection":[{"href":"https:\/\/www.sesdergisi.ca\/index.php?rest_route=\/wp\/v2\/posts"}],"about":[{"href":"https:\/\/www.sesdergisi.ca\/index.php?rest_route=\/wp\/v2\/types\/post"}],"author":[{"embeddable":true,"href":"https:\/\/www.sesdergisi.ca\/index.php?rest_route=\/wp\/v2\/users\/1"}],"replies":[{"embeddable":true,"href":"https:\/\/www.sesdergisi.ca\/index.php?rest_route=%2Fwp%2Fv2%2Fcomments&post=1226"}],"version-history":[{"count":2,"href":"https:\/\/www.sesdergisi.ca\/index.php?rest_route=\/wp\/v2\/posts\/1226\/revisions"}],"predecessor-version":[{"id":1258,"href":"https:\/\/www.sesdergisi.ca\/index.php?rest_route=\/wp\/v2\/posts\/1226\/revisions\/1258"}],"wp:featuredmedia":[{"embeddable":true,"href":"https:\/\/www.sesdergisi.ca\/index.php?rest_route=\/wp\/v2\/media\/1257"}],"wp:attachment":[{"href":"https:\/\/www.sesdergisi.ca\/index.php?rest_route=%2Fwp%2Fv2%2Fmedia&parent=1226"}],"wp:term":[{"taxonomy":"category","embeddable":true,"href":"https:\/\/www.sesdergisi.ca\/index.php?rest_route=%2Fwp%2Fv2%2Fcategories&post=1226"},{"taxonomy":"post_tag","embeddable":true,"href":"https:\/\/www.sesdergisi.ca\/index.php?rest_route=%2Fwp%2Fv2%2Ftags&post=1226"}],"curies":[{"name":"wp","href":"https:\/\/api.w.org\/{rel}","templated":true}]}}